{"id":5526,"date":"2012-09-12T11:52:00","date_gmt":"2012-09-12T09:52:00","guid":{"rendered":"https:\/\/wp.muchomaas.com\/barcelone-modele-de-gentrification5526\/"},"modified":"2023-06-23T23:11:54","modified_gmt":"2023-06-23T21:11:54","slug":"barcelone-modele-de-gentrification5526","status":"publish","type":"post","link":"https:\/\/archives.regards.fr\/?p=5526","title":{"rendered":"Barcelone, mod\u00e8le de gentrification"},"content":{"rendered":"<p class=\"post_excerpt\">\u00c0 Barcelone, le quartier<br \/>\nouvrier de Poblenou fait<br \/>\nl&#8217;objet depuis 2000 d&#8217;un<br \/>\nprogramme de r\u00e9habilitation<br \/>\nnomm\u00e9 22@. H\u00f4tels<br \/>\nde luxe, entreprises innovantes,<br \/>\netc. Si le dispositif<br \/>\ns\u00e9duit \u00e0 l&#8217;international \u2013<br \/>\n180 d\u00e9l\u00e9gations \u00e9trang\u00e8res<br \/>\nsont d\u00e9j\u00e0 venues visiter le<br \/>\nquartier \u2013 les primo-habitants<br \/>\nsont contraints de<br \/>\nvider les lieux. Reportage.<\/p>\n<p>\u00ab <em>Ici, tout le monde a \u00e9t\u00e9<br \/>\nexpuls\u00e9, et le pire c\u2019est<br \/>\nqu\u2019on ne peut rien faire car<br \/>\nc\u2019\u00e9tait l\u00e9gal. Une escroquerie<br \/>\nl\u00e9gale ! <\/em> \u00bb Assis sur un banc<br \/>\n\u00e0 deux pas du nouveau parc<br \/>\nmodel\u00e9 par Jean Nouvel \u00e0<br \/>\nPoblenou, quartier Est de<br \/>\nBarcelone, sur un large trottoir<br \/>\nqui m\u00e8ne vers des immeubles<br \/>\nflambant neufs, Pedro est<br \/>\npresque dans son ancien jardin :<br \/>\n\u00ab <em>Tu vois ce trottoir, eh bien ma<br \/>\nmaison s\u2019y dressait avant d\u2019\u00eatre<br \/>\nd\u00e9truite. J\u2019\u00e9tais propri\u00e9taire et<br \/>\naujourd\u2019hui, je dois rembourser<br \/>\nune hypoth\u00e8que sur vingt ans<br \/>\npour l\u2019appartement o\u00f9 l\u2019on m\u2019a<br \/>\nenvoy\u00e9 vivre. Ils m\u2019ont pay\u00e9 le<br \/>\nm\u00b2 au prix du cadastre et l\u2019ont<br \/>\nrevendu au prix du march\u00e9,<br \/>\nsoit dix fois plus. Alors tu<br \/>\nvois, les seuls b\u00e9n\u00e9ficiaires<br \/>\ndu 22@, ce sont les soci\u00e9t\u00e9s<br \/>\nimmobili\u00e8res !<\/em> \u00bb Cet ancien<br \/>\nchauffeur de bus et surveillant<br \/>\nde mus\u00e9e, aujourd\u2019hui retrait\u00e9,<br \/>\nfait partie des nombreux<br \/>\nhabitants de Poblenou expuls\u00e9s<br \/>\nau d\u00e9but des ann\u00e9es 2000, avec<br \/>\nune indemnisation b\u00e9nigne,<br \/>\npour permettre d\u2019accueillir<br \/>\nun nouveau paysage urbain<br \/>\ncompos\u00e9 d\u2019h\u00f4tels de luxe, de<br \/>\nnouveaux logements durables,<br \/>\nd\u2019entreprises innovantes et<br \/>\nd\u2019\u00e9quipements publics, r\u00e9unis<br \/>\nsous le sceau 22@.<\/p>\n<h2>\u00ab Substitution sociale \u00bb<\/h2>\n<p>Lanc\u00e9 en 2000, et aujourd\u2019hui<br \/>\n\u00e0 mi-parcours, ce projet de<br \/>\nr\u00e9habilitation urbaine ambitionne<br \/>\nde cr\u00e9er 130 000 postes de<br \/>\ntravail, d\u2019\u00e9riger 4 000 logements<br \/>\nde protection officielle (HLM<br \/>\nespagnols), 145 000 m\u00b2 de<br \/>\nnouveaux \u00e9quipements publics<br \/>\net 114 000 m\u00b2 de zones<br \/>\nvertes. 180 millions d\u2019euros<br \/>\nont \u00e9t\u00e9 d\u00e9bloqu\u00e9s et l\u2019ancienne<br \/>\nqualification urbanistique<br \/>\n22a, qui permettait un usage<br \/>\nexclusivement industriel<br \/>\ndu sol, est devenue 22@ :<br \/>\nl\u2019industrie jug\u00e9e \u00ab <em>obsol\u00e8te <\/em> \u00bb est<br \/>\nremplac\u00e9e par des \u00ab <em>activit\u00e9s<br \/>\nproductives non polluantes et<br \/>\nnon encombrantes, issues des<br \/>\nsecteurs les plus innovateurs<br \/>\net g\u00e9n\u00e9rateurs de talent <\/em> \u00bb, lit-on<br \/>\nsur le site de la soci\u00e9t\u00e9 22@.<br \/>\nDans son bureau, situ\u00e9 en<br \/>\nface d\u2019un nouveau centre<br \/>\ncommercial, encastr\u00e9 dans le<br \/>\nnouveau coeur \u00e9conomique<br \/>\ndu 22@, Josep Miquel Piqu\u00e9,<br \/>\ndirecteur du consortium<br \/>\npublic-priv\u00e9 22@, revient sur<br \/>\nla philosophie du \u00ab<em> projet de<br \/>\nr\u00e9novation urbaine le plus<br \/>\nimportant d\u2019Europe<\/em> \u00bb : \u00ab <em>Les<br \/>\nvilles sont devenues des<br \/>\nplateformes globales pour<br \/>\ndes activit\u00e9s globales et des<br \/>\ncitoyens globaux. Le monde<br \/>\nlocal est termin\u00e9.<\/em> \u00bb Dans ce<br \/>\nnouveau sc\u00e9nario mondialis\u00e9,<br \/>\nBarcelone a avanc\u00e9 ses pions<br \/>\navant les autres : \u00ab<em> La semaine<br \/>\nprochaine, la ville de New York<br \/>\nviendra pour s\u2019inspirer du 22@<br \/>\net Rio a d\u00e9j\u00e0 repris notre mod\u00e8le<br \/>\navec son Puerto Maravilla.<br \/>\nLes quartiers d\u2019innovations,<br \/>\navec leurs clusters capables<br \/>\nd\u2019attirer les creative class,<br \/>\nsont \u00e0 l\u2019agenda et Barcelone<br \/>\nest \u00e0 la pointe<\/em> \u00bb, se f\u00e9licite-t-il,<br \/>\nsans omettre de mentionner la<br \/>\nvis\u00e9e holistique du 22@, qui<br \/>\ntient \u00e0 cr\u00e9er des ascenseurs<br \/>\nsociaux dans le quartier. 4 500<br \/>\nentreprises nouvelles se sont install\u00e9es dans le quartier<br \/>\ndepuis 2000, tandis que le plan<br \/>\nd\u2019am\u00e9nagement a am\u00e9lior\u00e9 le<br \/>\nsyst\u00e8me d\u2019air conditionn\u00e9, de<br \/>\ncollecte de d\u00e9chets, le r\u00e9seau de<br \/>\nc\u00e2bles de fibre optique et celui<br \/>\nde transports publics, utilisant<br \/>\nles nouvelles technologies<br \/>\ndurables au service des<br \/>\n\u00e9quipements urbains.<br \/>\nReste une question en suspens,<br \/>\nqui peut encore vivre \u00e0<br \/>\nPoblenou ? \u00ab <em>La hausse du co\u00fbt<br \/>\nde la vie et la perte des emplois<br \/>\ndans l\u2019industrie traditionnelle et<br \/>\nle secteur des services, caus\u00e9s<br \/>\npar le renouvellement urbain,<br \/>\na forc\u00e9 des r\u00e9sidents \u00e0 quitter<br \/>\nle quartier. En m\u00eame temps,<br \/>\nde riches nouveaux arrivants<br \/>\nont emm\u00e9nag\u00e9, ce qui a \u00e9t\u00e9<br \/>\nper\u00e7u par les locaux comme<br \/>\nune volont\u00e9 de &#8220;substitution<br \/>\nsociale&#8221;<\/em> \u00bb, explique Bla\u017e Kri\u017enik,<br \/>\nchercheur en architecture,<br \/>\nauteur d\u2019une th\u00e8se sur Poblenou.<br \/>\n\u00ab<em> De nombreux voisins de<br \/>\nPedro ont d\u00fb d\u00e9m\u00e9nager en<br \/>\nbanlieue <\/em> \u00bb, explique le natif de<br \/>\nCalanda, en s\u2019\u00e9nervant contre<br \/>\nle chauffeur d\u2019une Audi qui<br \/>\nmanque de l\u2019\u00e9craser au passage<br \/>\npi\u00e9ton qui le m\u00e8ne vers son<br \/>\nnouveau \u00ab chez lui \u00bb.<\/p>\n<p><strong><em>Baricades et<br \/>\nmobilisation<br \/>\ncitoyenne<\/strong><\/em><\/p>\n<p>Au sein de ce \u00ab <em>monde local<br \/>\ntermin\u00e9<\/em> \u00bb \u00e9voqu\u00e9 par Josep<br \/>\nMaria Piqu\u00e9, un r\u00e9seau in\u00e9dit<br \/>\nd\u2019acteurs s\u2019est dress\u00e9 pour<br \/>\ns\u2019opposer \u00e0 la transformation de<br \/>\nPoblenou, qui s\u2019est d\u00e9cid\u00e9e sans<br \/>\neux. Alors que Pedro bloquait sa<br \/>\nrue, la rue Bac de Roda, contre<br \/>\nl\u2019arriv\u00e9e des d\u00e9molisseurs, la<br \/>\nCoordination anti-22@ s\u2019est<br \/>\njointe \u00e0 l\u2019Association des voisins<br \/>\nde Poblenou, \u00e0 la Plateforme<br \/>\ncontre la sp\u00e9culation et \u00e0 de<br \/>\nnombreux artistes et urbanistes<br \/>\ninstall\u00e9s dans le quartier pour<br \/>\nd\u00e9noncer les expulsions des<br \/>\npropri\u00e9taires et des travailleurs<br \/>\ndu quartier, notamment ceux<br \/>\ndes ateliers situ\u00e9s dans l\u2019usine<br \/>\nde Can Ricart, la plus vieille de<br \/>\nBarcelone. \u00c0 l\u2019\u00e9poque, Joan<br \/>\nMarca a tout vu depuis son<br \/>\nbalcon : \u00ab <em>Le conflit a commenc\u00e9<br \/>\nparce que 250 travailleurs<br \/>\nrestaient sur le carreau. Ils<br \/>\nont commenc\u00e9 \u00e0 faire des<br \/>\nbarricades, mais ont fini par<br \/>\n\u00eatre expuls\u00e9s. Le patron d\u2019une<br \/>\ndes entreprises, Iracheta, \u00e0 la<br \/>\nt\u00eate de 35 travailleurs, a \u00e9crit<br \/>\nau ministre de l\u2019Industrie de l\u2019\u00e9poque pour recevoir une<br \/>\nsubvention lui permettant de<br \/>\nfinancer le d\u00e9placement des<br \/>\nmachines. En vain. L\u2019entreprise<br \/>\na fini par fermer et un an plus<br \/>\ntard, le patron est mort d\u2019un<br \/>\ncancer\u2026 Et de contrari\u00e9t\u00e9. <\/em> \u00bb<br \/>\nSur les 35 PME install\u00e9es<br \/>\ndans l\u2019enceinte industrielle,<br \/>\ndix-sept ont d\u00fb s\u2019installer hors<br \/>\ndu quartier, souvent au-del\u00e0<br \/>\nde Barcelone, treize ont ferm\u00e9<br \/>\net seules quatre ont pu rester<br \/>\ndans le quartier.<\/p>\n<p><strong><em>\u00ab Ils voulaient tout<br \/>\njeter\u202f\u00bb<\/strong><\/em><\/p>\n<p>Jacobo Sucari ne partage pas<br \/>\nl\u2019enthousiasme de Josep Maria<br \/>\nPiqu\u00e9 sur le succ\u00e8s de 22@,<br \/>\nmais l\u2019auteur du documentaire<br \/>\n<em>La Ciutat Transformada<\/em> (<em>La ville<br \/>\ntransform\u00e9e<\/em>, documentaire sur<br \/>\nla transformation de Poblenou),<br \/>\nreconna\u00eet une chose : \u00ab <em>Dans<br \/>\nles ann\u00e9es 1980, Poblenou,<br \/>\nc\u2019\u00e9tait du Dickens ! Il y avait une<br \/>\nattente sociale. Mais lorsque le<br \/>\nplan de r\u00e9habilitation d\u00e9bute,<br \/>\nnous sommes en 2000, en<br \/>\npleine bulle immobili\u00e8re. Alors<br \/>\n\u00e0 l\u2019inverse des projets publics<br \/>\nr\u00e9alis\u00e9s avant les J.O de 1992,<br \/>\nc\u2019est le capital priv\u00e9 qui dirige,<br \/>\nsans aucun int\u00e9r\u00eat pour le patrimoine<br \/>\nindustriel. Ils voulaient<br \/>\ntout jeter et basta !<\/em> \u00bb<\/p>\n<p><strong><em>Gentrification<br \/>\ninachev\u00e9e<\/strong><\/em><\/p>\n<p>Sauf que la crise est pass\u00e9e<br \/>\npar l\u00e0 : \u00ab <em>Avec l\u2019explosion de la<br \/>\nbulle immobili\u00e8re, les moyens<br \/>\nont chang\u00e9 et le discours aussi.<br \/>\nTout \u00e0 coup, la mairie assume<br \/>\ntoutes les revendications de<br \/>\npr\u00e9servation du patrimoine et<br \/>\ncr\u00e9er m\u00eame un r\u00e9seau d\u2019usines<br \/>\ncr\u00e9atives pour h\u00e9berger les<br \/>\nartistes, apr\u00e8s en avoir expuls\u00e9<br \/>\nbeaucoup. C\u2019est presque<br \/>\ncomique. Aujourd\u2019hui, tout a<br \/>\nun air d\u2019inachev\u00e9, m\u00eame la<br \/>\ngentrification est inachev\u00e9e.<\/em> \u00bb<br \/>\nDix ans apr\u00e8s le lancement<br \/>\ndu projet, les auteurs du livre<br \/>\n<em>Torres m\u00e9s altes han caigut :<br \/>\nel model 22@ al descobert<\/em><br \/>\n(<em>Les tours les plus hautes<br \/>\nsont tomb\u00e9es : le mod\u00e8le 22@<br \/>\n\u00e0 d\u00e9couvert<\/em>) font un bilan en<br \/>\ndemi-teinte. Certes, 31 068<br \/>\nnouveaux postes de travail ont<br \/>\n\u00e9t\u00e9 cr\u00e9\u00e9s (17 % de l\u2019objectif<br \/>\ninitial), \u00ab <em>mais ils ont expuls\u00e9<br \/>\n8 555 travailleurs des ateliers et<br \/>\nmoyennes entreprises \u00e0 qui ils<br \/>\nn\u2019ont pas renouvel\u00e9 la licence <\/em> \u00bb,<br \/>\nexpliquent l\u2019Association<br \/>\ndes jeunes de Poblenou<br \/>\net l\u2019association de gauche<br \/>\nind\u00e9pendantiste catalane<br \/>\nEndavant. Par ailleurs, seuls<br \/>\n6,7 % des 8 556 logements<br \/>\nconstruits ces deux derni\u00e8res<br \/>\nann\u00e9es sont sous le r\u00e9gime<br \/>\nde protection officielle, tandis<br \/>\nqu\u2019en guise de protection du<br \/>\npatrimoine industriel, beaucoup<br \/>\nd\u2019anciennes usines ont \u00e9t\u00e9<br \/>\nreconverties en lofts.<\/p>\n<p><strong><em>Le priv\u00e9 plus rapide<br \/>\nque le public<\/strong><\/em><\/p>\n<p>La crise va-t-elle conduire<br \/>\n\u00e0 repenser le mod\u00e8le de<br \/>\nd\u00e9veloppement urbain ? Peu<br \/>\nde chances, selon Bla\u017e Kri\u017enik,<br \/>\npour qui la transformation<br \/>\nde Poblenou s\u2019inscrit dans<br \/>\n\u00ab <em>l\u2019approche dominante de<br \/>\nd\u00e9veloppement urbain actuel,<br \/>\no\u00f9 les risques financiers sont<br \/>\npris par le secteur public<br \/>\nalors que les b\u00e9n\u00e9fices<br \/>\nrestent dans les mains des<br \/>\npartenaires priv\u00e9s. Tandis que<br \/>\nle d\u00e9veloppement priv\u00e9 \u00e9volue<br \/>\nrapidement, le renouvellement<br \/>\nde l\u2019h\u00e9ritage industriel et la<br \/>\nconstruction de nouveaux<br \/>\n\u00e9quipements sociaux risquent<br \/>\ndonc de tra\u00eener d\u2019avantage.<\/em> \u00bb<div id='gallery-1' class='gallery galleryid-5526 gallery-columns-3 gallery-size-thumbnail'><figure class='gallery-item'>\n\t\t\t<div class='gallery-icon landscape'>\n\t\t\t\t<a href='https:\/\/archives.regards.fr\/wp-content\/uploads\/2012\/09\/barca-127.jpg'><img loading=\"lazy\" decoding=\"async\" width=\"150\" height=\"150\" src=\"https:\/\/archives.regards.fr\/wp-content\/uploads\/2012\/09\/barca-127-150x150.jpg\" class=\"attachment-thumbnail size-thumbnail\" alt=\"barca.jpg\" \/><\/a>\n\t\t\t<\/div><\/figure><figure class='gallery-item'>\n\t\t\t<div class='gallery-icon landscape'>\n\t\t\t\t<a href='https:\/\/archives.regards.fr\/wp-content\/uploads\/2012\/09\/barcac-663.jpg'><img loading=\"lazy\" decoding=\"async\" width=\"80\" height=\"55\" src=\"https:\/\/archives.regards.fr\/wp-content\/uploads\/2012\/09\/barcac-663.jpg\" class=\"attachment-thumbnail size-thumbnail\" alt=\"Barcelone, mod\u00e8le de gentrification\" aria-describedby=\"gallery-1-16597\" \/><\/a>\n\t\t\t<\/div>\n\t\t\t\t<figcaption class='wp-caption-text gallery-caption' id='gallery-1-16597'>\n\t\t\t\tBarcelone, mod\u00e8le de gentrification\n\t\t\t\t<\/figcaption><\/figure>\n\t\t<\/div>\n<\/p>\n","protected":false},"excerpt":{"rendered":"<p>\u00c0 Barcelone, le quartier<br \/>\nouvrier de Poblenou fait<br \/>\nl&#8217;objet depuis 2000 d&#8217;un<br \/>\nprogramme de r\u00e9habilitation<br \/>\nnomm\u00e9 22@. H\u00f4tels<br \/>\nde luxe, entreprises innovantes,<br \/>\netc. Si le dispositif<br \/>\ns\u00e9duit \u00e0 l&#8217;international \u2013<br \/>\n180 d\u00e9l\u00e9gations \u00e9trang\u00e8res<br \/>\nsont d\u00e9j\u00e0 venues visiter le<br \/>\nquartier \u2013 les primo-habitants<br \/>\nsont contraints de<br \/>\nvider les lieux. Reportage.<\/p>\n","protected":false},"author":1,"featured_media":16596,"comment_status":"open","ping_status":"open","sticky":false,"template":"","format":"standard","meta":{"_themeisle_gutenberg_block_has_review":false,"footnotes":""},"categories":[141],"tags":[419],"class_list":["post-5526","post","type-post","status-publish","format-standard","has-post-thumbnail","hentry","category-archives-web","tag-espagne"],"_links":{"self":[{"href":"https:\/\/archives.regards.fr\/index.php?rest_route=\/wp\/v2\/posts\/5526","targetHints":{"allow":["GET"]}}],"collection":[{"href":"https:\/\/archives.regards.fr\/index.php?rest_route=\/wp\/v2\/posts"}],"about":[{"href":"https:\/\/archives.regards.fr\/index.php?rest_route=\/wp\/v2\/types\/post"}],"author":[{"embeddable":true,"href":"https:\/\/archives.regards.fr\/index.php?rest_route=\/wp\/v2\/users\/1"}],"replies":[{"embeddable":true,"href":"https:\/\/archives.regards.fr\/index.php?rest_route=%2Fwp%2Fv2%2Fcomments&post=5526"}],"version-history":[{"count":0,"href":"https:\/\/archives.regards.fr\/index.php?rest_route=\/wp\/v2\/posts\/5526\/revisions"}],"wp:featuredmedia":[{"embeddable":true,"href":"https:\/\/archives.regards.fr\/index.php?rest_route=\/wp\/v2\/media\/16596"}],"wp:attachment":[{"href":"https:\/\/archives.regards.fr\/index.php?rest_route=%2Fwp%2Fv2%2Fmedia&parent=5526"}],"wp:term":[{"taxonomy":"category","embeddable":true,"href":"https:\/\/archives.regards.fr\/index.php?rest_route=%2Fwp%2Fv2%2Fcategories&post=5526"},{"taxonomy":"post_tag","embeddable":true,"href":"https:\/\/archives.regards.fr\/index.php?rest_route=%2Fwp%2Fv2%2Ftags&post=5526"}],"curies":[{"name":"wp","href":"https:\/\/api.w.org\/{rel}","templated":true}]}}