{"id":5521,"date":"2012-09-06T11:41:00","date_gmt":"2012-09-06T09:41:00","guid":{"rendered":"https:\/\/wp.muchomaas.com\/logement-encore-un-effort5521\/"},"modified":"2023-06-23T23:11:52","modified_gmt":"2023-06-23T21:11:52","slug":"logement-encore-un-effort5521","status":"publish","type":"post","link":"https:\/\/archives.regards.fr\/?p=5521","title":{"rendered":"Logement, encore un effort"},"content":{"rendered":"<p class=\"post_excerpt\">Les socialistes sont tr\u00e8s<br \/>\nattendus sur le logement. Si<br \/>\nle gouvernement socialiste<br \/>\nentend bien se d\u00e9marquer<br \/>\ndes pr\u00e9d\u00e9cesseurs, les<br \/>\nmoyens allou\u00e9s et la<br \/>\nvolont\u00e9 politique restent<br \/>\nbien en de\u00e7\u00e0 des besoins.<\/p>\n<p>P\u00e9nurie et chert\u00e9 des<br \/>\nloyers : le logement a<br \/>\nfait son retour parmi les<br \/>\npremi\u00e8res pr\u00e9occupations des<br \/>\nFran\u00e7ais. Sur cette question<br \/>\nnotamment, le nouveau pouvoir<br \/>\nest attendu au tournant. Fran\u00e7ois<br \/>\nHollande doit \u00ab r\u00e9ussir \u00bb sur ce<br \/>\nterrain, qu\u2019il lie explicitement au<br \/>\npouvoir d\u2019achat. Ayant fait le<br \/>\nchoix de ne pas augmenter les<br \/>\nsalaires \u2013 le Smic n&#8217;a b\u00e9n\u00e9fici\u00e9<br \/>\nque d&#8217;un mini coup de pouce<br \/>\n\u2013 le Pr\u00e9sident cherche des<br \/>\nmarges pour quelques noisettes<br \/>\nde beurre dans les \u00e9pinards.<br \/>\nLe logement p\u00e8se pour plus de<br \/>\n20 % dans les d\u00e9penses des<br \/>\nm\u00e9nages. Agir sur son co\u00fbt peut<br \/>\nse traduire positivement sur le<br \/>\npouvoir d&#8217;achat. L\u2019encadrement<br \/>\ndes loyers voulu par Fran\u00e7ois<br \/>\nHollande en \u00e9tait le premier<br \/>\nsigne. Dans le m\u00eame sens,<br \/>\nla facturation progressive<br \/>\ndes consommations d\u2019eau et<br \/>\nd\u2019\u00e9nergie : cette mesure pr\u00e9voit<br \/>\ndes tarifs moins \u00e9lev\u00e9s sur les<br \/>\npremiers kWh et m3 consomm\u00e9s.<br \/>\nPar ailleurs, la caution solidaire<br \/>\npour la location des logements<br \/>\n\u00e9tudiants devrait prochainement<br \/>\n\u00eatre prise en charge par les<br \/>\nconseils g\u00e9n\u00e9raux. Toutes ces<br \/>\nmesures rel\u00e8vent de la m\u00eame<br \/>\napproche : comment faire<br \/>\nbouillir la marmite en p\u00e9riode<br \/>\nde vache maigre ?<\/p>\n<p>C\u00e9cile Duflot est charg\u00e9e de<br \/>\nr\u00e9soudre cette \u00e9quation sur<br \/>\nle terrain du logement. Sa<br \/>\nnomination fut un des tout premier symboles du nouveau<br \/>\npouvoir : une \u00e9cologiste \u00e0 la<br \/>\nt\u00eate d\u2019un grand minist\u00e8re \u00e0<br \/>\nla d\u00e9nomination reformul\u00e9e :<br \/>\nminist\u00e8re de l\u2019\u00c9galit\u00e9 des<br \/>\nterritoires et du Logement. D\u00e8s<br \/>\nses premi\u00e8res interventions,<br \/>\nl\u2019ancienne secr\u00e9taire nationale<br \/>\ndes Verts porte des th\u00e9matiques<br \/>\nch\u00e8res aux \u00e9cologistes qui<br \/>\ncolorent son minist\u00e8re. Dans<br \/>\nses discours, elle insiste :<br \/>\nla consultation doit \u00eatre<br \/>\nmieux qu\u2019une \u00ab <em>information\/<br \/>\nconsultation<\/em> \u00bb. Elle doit s\u2019\u00e9tendre<br \/>\n\u00e0 l\u2019am\u00e9nagement de nouveaux<br \/>\nterritoires et aller jusqu\u2019\u00e0 de la<br \/>\n\u00ab <em>coproduction<\/em> \u00bb. La ministre<br \/>\nentend promouvoir un nouvel<br \/>\nacteur aux c\u00f4t\u00e9s des promoteurs<br \/>\nclassiques et des acteurs du<br \/>\nlogement social, \u00ab l\u2019habitat<br \/>\nparticipatif \u00bb. Elle sensibilise \u00e0 la<br \/>\npr\u00e9carit\u00e9 \u00e9nerg\u00e9tique et fixe un<br \/>\nambitieux objectif de 500 000<br \/>\nlogements isol\u00e9s chaque ann\u00e9e.<br \/>\nC\u00e9cile Duflot plaide pour une<br \/>\nville durable, une densit\u00e9 qui<br \/>\nrime avec am\u00e9nit\u00e9, pour une<br \/>\nmixit\u00e9 sociale, g\u00e9n\u00e9rationnelle<br \/>\net fonctionnelle. Les discours<br \/>\nsont g\u00e9n\u00e9reux\u2026 et g\u00e9n\u00e9raux.<br \/>\nLa pr\u00e9cision des moyens<br \/>\nfaisant d\u00e9faut.<\/p>\n<p>Quelques annonces \u00ab grand<br \/>\npublic \u00bb ont d\u2019ores et d\u00e9j\u00e0 \u00e9t\u00e9<br \/>\nfaites : la tr\u00eave hivernale sera<br \/>\nprolong\u00e9e jusqu\u2019au 31 mai [[Cette d\u00e9cision sera-t-elle<br \/>\nrenouvel\u00e9e en 2013 ?]] ;<br \/>\nLes villes devront d\u00e9sormais<br \/>\navoir 25 % de logements sociaux<br \/>\ncontre 20 % auparavant ; les<br \/>\nloyers seront limit\u00e9s dans les<br \/>\nzones o\u00f9 ceux-ci ont bondi ; l\u2019\u00c9tat<br \/>\nmettra \u00e0 disposition des terrains<br \/>\ndisponibles lui appartenant pour<br \/>\nconstruire du logement social.<\/p>\n<h2>Contrainte<\/h2>\n<p>Conformes aux engagements<br \/>\ndu candidat, ces premi\u00e8res<br \/>\nd\u00e9cisions ne r\u00e9volutionneront<br \/>\npas pour autant la situation : il<br \/>\nfaudrait des contraintes plus<br \/>\nfortes pour faire appliquer le<br \/>\nminimum de 25 % de logements<br \/>\nsociaux : amendes dissuasives,<br \/>\nsuspension des aides<br \/>\npubliques\u2026 Bref, affirmer le<br \/>\npouvoir de contrainte de l&#8217;\u00c9tat.<br \/>\n\u00c0 ce jour, cette d\u00e9marche n&#8217;est<br \/>\npas encore explicite\u2026<\/p>\n<p>Pour contrer l\u2019envol\u00e9e des<br \/>\nloyers, le gouvernement a opt\u00e9<br \/>\n\u00e0 la fois pour un rayon d\u2019action<br \/>\nlarge \u2013 plus de 30 m\u00e9tropoles<br \/>\nsont dans le collimateur \u2013 et<br \/>\npour des moyens limit\u00e9s : la<br \/>\nhausse sera contenue \u00e0 la<br \/>\nrelocation et nulle mesure ne<br \/>\nvise les loyers actuels. Ne sont<br \/>\nconcern\u00e9es ni les locations<br \/>\nmeubl\u00e9es, ni les r\u00e9sidences<br \/>\nsecondaires et les locations<br \/>\nsaisonni\u00e8res, ni les logements<br \/>\nHLM. Le principe est inspir\u00e9<br \/>\ndu mod\u00e8le allemand : si, \u00e0 la<br \/>\nrelocation, le loyer propos\u00e9 est<br \/>\nsup\u00e9rieur de 20 % \u00e0 la moyenne<br \/>\nconstat\u00e9e dans l\u2019environnement,<br \/>\nil sera possible d\u2019obtenir, par<br \/>\njugement, une baisse. Au mieux<br \/>\ncette mesure limitera la hausse,<br \/>\nau pire, elle peut fonctionner<br \/>\ncomme un acc\u00e9l\u00e9rateur en<br \/>\nconstituant un indice de<br \/>\nr\u00e9f\u00e9rence du logement (IRL)<br \/>\nqui l\u00e9gitimera les propri\u00e9taires<br \/>\nd\u00e9sireux d\u2019augmenter les baux.<br \/>\nEnfin, la mise \u00e0 disposition de<br \/>\nterrains de l\u2019\u00c9tat est un serpent<br \/>\nde mer que les administrations<br \/>\net entreprises publiques, parfois<br \/>\n\u00e0 raison, rechignent \u00e0 appliquer.<br \/>\nLes r\u00e9serves fonci\u00e8res sont<br \/>\naussi des possibilit\u00e9s \u00e0 venir<br \/>\nde d\u00e9veloppement. Et de fait,<br \/>\nla construction de logements<br \/>\nsociaux est affect\u00e9e par la<br \/>\nraret\u00e9 du foncier mais proc\u00e8de<br \/>\nd\u2019abord d\u2019une volont\u00e9 politique :<br \/>\nla ville de Paris devrait parvenir \u00e0<br \/>\ns\u2019approcher des 20 % exigibles<br \/>\npar la loi quand d\u2019autres villes<br \/>\nmoins ch\u00e8res n\u2019y parviennent pas au pr\u00e9texte du co\u00fbt du foncier.<\/p>\n<p>Ce qui manque en revanche,<br \/>\nc\u2019est le premier mat\u00e9riau<br \/>\nde construction : l\u2019argent.<br \/>\nC\u2019est l\u00e0 que le b\u00e2t blesse, ici<br \/>\ncomme partout. Pour sortir<br \/>\nde la p\u00e9nurie et de la chert\u00e9,<br \/>\nil va falloir beaucoup d\u2019argent.<br \/>\nLa fondation Abb\u00e9 Pierre<br \/>\nestime qu\u2019il faudrait construire<br \/>\n1 million de logements,<br \/>\nsoit 200 000 par an sur la<br \/>\nmandature. Le gouvernement<br \/>\nreprend l\u2019objectif de 150 000<br \/>\ndont 1\/3 de logements<br \/>\nsociaux. Pour y parvenir, les<br \/>\nsymboles ne suffiront pas.<br \/>\nL\u2019appel \u00e0 la mobilisation des<br \/>\nacteurs, la mise en coh\u00e9rence<br \/>\nde l\u2019ing\u00e9nierie publique et<br \/>\npriv\u00e9e, une politique de<br \/>\nsubventions cibl\u00e9e avec des<br \/>\ncrit\u00e8res territoriaux fins ne<br \/>\nseront pas suffisants.<\/p>\n<p>Toutes ces id\u00e9es ne masquent<br \/>\npas la pauvret\u00e9 des moyens<br \/>\nallou\u00e9s. Il faudra revenir sur<br \/>\nla r\u00e9duction drastique des<br \/>\nmoyens publics d\u00e9volus \u00e0 la<br \/>\nconstruction de logements<br \/>\nsociaux et \u00e0 leur r\u00e9habilitation.<br \/>\nSur ce front les nouvelles ne<br \/>\nsont pas bonnes.<\/p>\n<h2>Promesse<\/h2>\n<p>Le d\u00e9tricotage des d\u00e9cisions du<br \/>\npouvoir pr\u00e9c\u00e9dent reste limit\u00e9.<br \/>\nS&#8217;il concerne bien la remise en<br \/>\ncause de la d\u00e9cision, contest\u00e9e<br \/>\nm\u00eame par les promoteurs,<br \/>\nd\u2019augmenter m\u00e9caniquement<br \/>\nle taux de constructibilit\u00e9 de<br \/>\n30 %, il n\u2019est en revanche<br \/>\npas question de revenir sur<br \/>\nla ponction op\u00e9r\u00e9e sur le<br \/>\nfinancement des \u00ab logements<br \/>\nsociaux \u00bb pour abonder l\u2019ANRU :<br \/>\n1,2 milliard en 2013, comme en<br \/>\n2012. Le logement social paie<br \/>\nsa propre transformation.<\/p>\n<p>Annonc\u00e9e dans le programme<br \/>\ndu candidat pour le mois de<br \/>\njuillet, la promesse faite par<br \/>\nFran\u00e7ois Hollande de doubler le<br \/>\nplafond du livret A a \u00e9t\u00e9 retard\u00e9e.<br \/>\nLa protestation des banques et<br \/>\ndes assurances qui redoutent<br \/>\nde voir filer les \u00e9conomies des<br \/>\nm\u00e9nages vers ce placement<br \/>\ns\u00e9curis\u00e9 et disponible au<br \/>\nd\u00e9triment des assurances<br \/>\nvies et autres investissements<br \/>\nboursiers n\u2019est pas pour rien<br \/>\ndans ces tergiversations. Il<br \/>\ns\u2019agit pourtant de la premi\u00e8re<br \/>\nsource de financement du<br \/>\nlogement social.<\/p>\n<p>L\u2019aide \u00e0 la construction passera<br \/>\ndans le budget 2013 de<br \/>\n450 millions \u00e0 500 millions soit<br \/>\n11 % d&#8217;augmentation. L&#8217;effort<br \/>\nest consid\u00e9rable, mais en<br \/>\npratique les sommes allou\u00e9es<br \/>\nau logement social restent<br \/>\nridicules : autour de 1 500 euros<br \/>\npar logement. L\u2019\u00c9tat continue<br \/>\nde miser massivement sur les<br \/>\naides \u00e0 la personne\u2026 malgr\u00e9<br \/>\ndes remises en cause de plus<br \/>\nen plus fortes [[L\u2019Aide \u00e0 la pierre est une r\u00e9forme du<br \/>\nfinancement du logement social et date<br \/>\nde Raymond Barre. Elle d\u00e9porte l\u2019appui<br \/>\nde l\u2019\u00c9tat sur les locataires au d\u00e9triment<br \/>\ndes constructeurs. provoquant un<br \/>\nralentissement brutal de la construction<br \/>\nde logements et ce qu\u2019on appelle<br \/>\naujourd\u2019hui \u00ab la crise du logement \u00bb.]]. C\u2019est pourtant<br \/>\nsur ce choix strat\u00e9gique, et<br \/>\nsur le cr\u00e9dit (taux et dur\u00e9e)<br \/>\nqu\u2019il faut agir pour favoriser<br \/>\nla relance massive de la<br \/>\nconstruction et promouvoir<br \/>\nune s\u00e9rieuse politique de<br \/>\nr\u00e9habilitation. Cela suppose<br \/>\nune rupture d\u2019approche,<br \/>\nune audace qui n\u2019est pas<br \/>\n\u00e0 l\u2019ordre du jour.<div id='gallery-1' class='gallery galleryid-5521 gallery-columns-3 gallery-size-thumbnail'><figure class='gallery-item'>\n\t\t\t<div class='gallery-icon landscape'>\n\t\t\t\t<a href='https:\/\/archives.regards.fr\/wp-content\/uploads\/2012\/09\/builds-70a.jpg'><img loading=\"lazy\" decoding=\"async\" width=\"150\" height=\"150\" src=\"https:\/\/archives.regards.fr\/wp-content\/uploads\/2012\/09\/builds-70a-150x150.jpg\" class=\"attachment-thumbnail size-thumbnail\" alt=\"Logement, encore un effort\" aria-describedby=\"gallery-1-16580\" \/><\/a>\n\t\t\t<\/div>\n\t\t\t\t<figcaption class='wp-caption-text gallery-caption' id='gallery-1-16580'>\n\t\t\t\tLogement, encore un effort\n\t\t\t\t<\/figcaption><\/figure><figure class='gallery-item'>\n\t\t\t<div class='gallery-icon landscape'>\n\t\t\t\t<a href='https:\/\/archives.regards.fr\/wp-content\/uploads\/2012\/09\/buildc-104.jpg'><img loading=\"lazy\" decoding=\"async\" width=\"80\" height=\"55\" src=\"https:\/\/archives.regards.fr\/wp-content\/uploads\/2012\/09\/buildc-104.jpg\" class=\"attachment-thumbnail size-thumbnail\" alt=\"Logement, encore un effort\" aria-describedby=\"gallery-1-16581\" \/><\/a>\n\t\t\t<\/div>\n\t\t\t\t<figcaption class='wp-caption-text gallery-caption' id='gallery-1-16581'>\n\t\t\t\tLogement, encore un effort\n\t\t\t\t<\/figcaption><\/figure><figure class='gallery-item'>\n\t\t\t<div class='gallery-icon landscape'>\n\t\t\t\t<a href='https:\/\/archives.regards.fr\/wp-content\/uploads\/2012\/09\/build-b6e.jpg'><img loading=\"lazy\" decoding=\"async\" width=\"150\" height=\"150\" src=\"https:\/\/archives.regards.fr\/wp-content\/uploads\/2012\/09\/build-b6e-150x150.jpg\" class=\"attachment-thumbnail size-thumbnail\" alt=\"build.jpg\" \/><\/a>\n\t\t\t<\/div><\/figure>\n\t\t<\/div>\n<\/p>\n","protected":false},"excerpt":{"rendered":"<p>Les socialistes sont tr\u00e8s<br \/>\nattendus sur le logement. Si<br \/>\nle gouvernement socialiste<br \/>\nentend bien se d\u00e9marquer<br \/>\ndes pr\u00e9d\u00e9cesseurs, les<br \/>\nmoyens allou\u00e9s et la<br \/>\nvolont\u00e9 politique restent<br \/>\nbien en de\u00e7\u00e0 des besoins.<\/p>\n","protected":false},"author":464,"featured_media":16580,"comment_status":"open","ping_status":"open","sticky":false,"template":"","format":"standard","meta":{"_themeisle_gutenberg_block_has_review":false,"footnotes":""},"categories":[141],"tags":[362],"class_list":["post-5521","post","type-post","status-publish","format-standard","has-post-thumbnail","hentry","category-archives-web","tag-logement"],"_links":{"self":[{"href":"https:\/\/archives.regards.fr\/index.php?rest_route=\/wp\/v2\/posts\/5521","targetHints":{"allow":["GET"]}}],"collection":[{"href":"https:\/\/archives.regards.fr\/index.php?rest_route=\/wp\/v2\/posts"}],"about":[{"href":"https:\/\/archives.regards.fr\/index.php?rest_route=\/wp\/v2\/types\/post"}],"author":[{"embeddable":true,"href":"https:\/\/archives.regards.fr\/index.php?rest_route=\/wp\/v2\/users\/464"}],"replies":[{"embeddable":true,"href":"https:\/\/archives.regards.fr\/index.php?rest_route=%2Fwp%2Fv2%2Fcomments&post=5521"}],"version-history":[{"count":0,"href":"https:\/\/archives.regards.fr\/index.php?rest_route=\/wp\/v2\/posts\/5521\/revisions"}],"wp:featuredmedia":[{"embeddable":true,"href":"https:\/\/archives.regards.fr\/index.php?rest_route=\/wp\/v2\/media\/16580"}],"wp:attachment":[{"href":"https:\/\/archives.regards.fr\/index.php?rest_route=%2Fwp%2Fv2%2Fmedia&parent=5521"}],"wp:term":[{"taxonomy":"category","embeddable":true,"href":"https:\/\/archives.regards.fr\/index.php?rest_route=%2Fwp%2Fv2%2Fcategories&post=5521"},{"taxonomy":"post_tag","embeddable":true,"href":"https:\/\/archives.regards.fr\/index.php?rest_route=%2Fwp%2Fv2%2Ftags&post=5521"}],"curies":[{"name":"wp","href":"https:\/\/api.w.org\/{rel}","templated":true}]}}