{"id":5515,"date":"2012-09-10T07:00:00","date_gmt":"2012-09-10T05:00:00","guid":{"rendered":"https:\/\/wp.muchomaas.com\/le-probleme-roms5515\/"},"modified":"2023-06-23T23:11:51","modified_gmt":"2023-06-23T21:11:51","slug":"le-probleme-roms5515","status":"publish","type":"post","link":"https:\/\/archives.regards.fr\/?p=5515","title":{"rendered":"Le \u00ab probl\u00e8me \u00bb Roms"},"content":{"rendered":"<p class=\"post_excerpt\">Saimir Mile, de l&#8217;association <a href=\"http:\/\/rroms.blogspot.fr\/\">la Voix des<br \/>\nRroms<\/a>, d\u00e9nonce la politique du minist\u00e8re<br \/>\nde l&#8217;Int\u00e9rieur, qui cr\u00e9e la controverse \u00e0<br \/>\nl&#8217;int\u00e9rieur m\u00eame du gouvernement.<\/p>\n<p><figure id=\"attachment_16563\" aria-describedby=\"caption-attachment-16563\" style=\"width: 80px\" class=\"wp-caption alignleft\"><img loading=\"lazy\" decoding=\"async\" class=\" alignleft size-full wp-image-16563\" src=\"https:\/\/wp.muchomaas.com\/wp-content\/uploads\/2012\/09\/romc-cb3.jpg\" alt=\"Le \u00ab probl\u00e8me \u00bb Roms\" title=\"Le \u00ab probl\u00e8me \u00bb Roms\" class=\"caption\" align=\"left\" width=\"80\" height=\"55\" \/><figcaption id=\"caption-attachment-16563\" class=\"wp-caption-text\">Le \u00ab probl\u00e8me \u00bb Roms<\/figcaption><\/figure><strong>Regards.fr : <\/strong> <strong> <em>Les expulsions de campements Roms<br \/>\nse multiplient malgr\u00e9 le changement de<br \/>\nmajorit\u00e9. Vous \u00eates d\u00e9\u00e7us ?<\/em> <\/strong><\/p>\n<p><strong>Saimir Mile : <\/strong> Nous avons appris \u00e0 nous pr\u00e9munir contre la<br \/>\nd\u00e9ception. Pour \u00eatre d\u00e9\u00e7u, il aurait fallu que<br \/>\nnous esp\u00e9rions beaucoup des socialistes. Nous<br \/>\nne sommes pas na\u00effs. Nous nous attendions \u00e0<br \/>\nce manque d&#8217;honn\u00eatet\u00e9 et de courage.<br \/>\nToutefois, on pouvait tout de m\u00eame attendre<br \/>\nune l\u00e9g\u00e8re am\u00e9lioration ne serait-ce que parce<br \/>\nque la gauche doit parfois essayer de se<br \/>\nd\u00e9marquer de la droite ! Mais non, Manuel Valls<br \/>\ns&#8217;inscrit dans la lign\u00e9e des Sarkozy, Gu\u00e9ant,<br \/>\nBesson et Hortefeux.<\/p>\n<p><strong> <em>En quoi est-ce un manque de courage ?<\/em> <\/strong><\/p>\n<p>Les r\u00e9actions des socialistes aux derni\u00e8res<br \/>\nexpulsions se multiplient et le message est<br \/>\ntoujours le m\u00eame : \u00ab <em>Nous \u00e9tions face \u00e0 une<br \/>\nurgence, il fallait r\u00e9agir<\/em>. \u00bb De quelle urgence<br \/>\ns&#8217;agit-il ? Cette situation dure depuis 20 ans.<br \/>\nEn quoi est-il impossible de prendre le temps<br \/>\npour trouver des r\u00e9ponses durables aux<br \/>\nquestions qui se posent ?<br \/>\nNous sommes en pleine hypocrisie. Manuel<br \/>\nValls se comporte en huissier qui ex\u00e9cute des<br \/>\nd\u00e9cisions de justice, pas en ministre qui indique<br \/>\nune politique, propose des lois, d\u00e9finit une ligne.<br \/>\nBrice Hortefeux, lui, faisait de la politique. Elle<br \/>\n\u00e9tait catastrophique pour nous mais il l&#8217;assumait,<br \/>\ncomme l&#8217;ensemble de son gouvernement.<\/p>\n<p><strong> <em>On continue \u00e0 parler d&#8217;un probl\u00e8me Rom\u2026<br \/>\n<\/em><br \/>\n <\/strong><\/p>\n<p>Oui, de la droite jusqu&#8217;\u00e0 la gauche au pouvoir,<br \/>\non utilise des \u00e9l\u00e9ments de langage racistes.<br \/>\nNous sommes consid\u00e9r\u00e9s comme un probl\u00e8me.<br \/>\nPlut\u00f4t un probl\u00e8me s\u00e9curitaire pour la droite et<br \/>\nplut\u00f4t un probl\u00e8me social pour la gauche ; mais<br \/>\ntoujours un probl\u00e8me. C&#8217;est une conception<br \/>\nn\u00e9gative et d\u00e9form\u00e9e des identit\u00e9s. La France<br \/>\nest coutumi\u00e8re du fait. Les Arabes ou les Noirs<br \/>\nsubissent le m\u00eame genre d&#8217;assignation, m\u00eame si<br \/>\npour eux, on use de p\u00e9riphrases : \u00ab <em>Le probl\u00e8me<br \/>\ndes banlieues. <\/em> \u00bb Pour les Roms, le vocabulaire<br \/>\nest d\u00e9complex\u00e9 m\u00eame si on nous appelle parfois<br \/>\n\u00ab les gens du voyage \u00bb.<div id='gallery-1' class='gallery galleryid-5515 gallery-columns-3 gallery-size-thumbnail'><figure class='gallery-item'>\n\t\t\t<div class='gallery-icon landscape'>\n\t\t\t\t<a href='https:\/\/archives.regards.fr\/wp-content\/uploads\/2012\/09\/romc-930.jpg'><img loading=\"lazy\" decoding=\"async\" width=\"80\" height=\"55\" src=\"https:\/\/archives.regards.fr\/wp-content\/uploads\/2012\/09\/romc-930.jpg\" class=\"attachment-thumbnail size-thumbnail\" alt=\"Le \u00ab probl\u00e8me \u00bb Roms\" aria-describedby=\"gallery-1-16564\" \/><\/a>\n\t\t\t<\/div>\n\t\t\t\t<figcaption class='wp-caption-text gallery-caption' id='gallery-1-16564'>\n\t\t\t\tLe \u00ab probl\u00e8me \u00bb Roms\n\t\t\t\t<\/figcaption><\/figure>\n\t\t<\/div>\n<\/p>\n","protected":false},"excerpt":{"rendered":"<p>Saimir Mile, de l&#8217;association <a href=\"http:\/\/rroms.blogspot.fr\/\">la Voix des<br \/>\nRroms<\/a>, d\u00e9nonce la politique du minist\u00e8re<br \/>\nde l&#8217;Int\u00e9rieur, qui cr\u00e9e la controverse \u00e0<br \/>\nl&#8217;int\u00e9rieur m\u00eame du gouvernement.<\/p>\n","protected":false},"author":569,"featured_media":16563,"comment_status":"open","ping_status":"open","sticky":false,"template":"","format":"standard","meta":{"_themeisle_gutenberg_block_has_review":false,"footnotes":""},"categories":[1],"tags":[293],"class_list":["post-5515","post","type-post","status-publish","format-standard","has-post-thumbnail","hentry","category-non-classe","tag-entretien"],"_links":{"self":[{"href":"https:\/\/archives.regards.fr\/index.php?rest_route=\/wp\/v2\/posts\/5515","targetHints":{"allow":["GET"]}}],"collection":[{"href":"https:\/\/archives.regards.fr\/index.php?rest_route=\/wp\/v2\/posts"}],"about":[{"href":"https:\/\/archives.regards.fr\/index.php?rest_route=\/wp\/v2\/types\/post"}],"author":[{"embeddable":true,"href":"https:\/\/archives.regards.fr\/index.php?rest_route=\/wp\/v2\/users\/569"}],"replies":[{"embeddable":true,"href":"https:\/\/archives.regards.fr\/index.php?rest_route=%2Fwp%2Fv2%2Fcomments&post=5515"}],"version-history":[{"count":0,"href":"https:\/\/archives.regards.fr\/index.php?rest_route=\/wp\/v2\/posts\/5515\/revisions"}],"wp:featuredmedia":[{"embeddable":true,"href":"https:\/\/archives.regards.fr\/index.php?rest_route=\/wp\/v2\/media\/16563"}],"wp:attachment":[{"href":"https:\/\/archives.regards.fr\/index.php?rest_route=%2Fwp%2Fv2%2Fmedia&parent=5515"}],"wp:term":[{"taxonomy":"category","embeddable":true,"href":"https:\/\/archives.regards.fr\/index.php?rest_route=%2Fwp%2Fv2%2Fcategories&post=5515"},{"taxonomy":"post_tag","embeddable":true,"href":"https:\/\/archives.regards.fr\/index.php?rest_route=%2Fwp%2Fv2%2Ftags&post=5515"}],"curies":[{"name":"wp","href":"https:\/\/api.w.org\/{rel}","templated":true}]}}