{"id":5512,"date":"2012-09-06T07:00:00","date_gmt":"2012-09-06T05:00:00","guid":{"rendered":"https:\/\/wp.muchomaas.com\/spirales-de-l-autoritarisme5512\/"},"modified":"2023-06-23T23:11:50","modified_gmt":"2023-06-23T21:11:50","slug":"spirales-de-l-autoritarisme5512","status":"publish","type":"post","link":"https:\/\/archives.regards.fr\/?p=5512","title":{"rendered":"Spirales de l\u2019autoritarisme"},"content":{"rendered":"<p>\u00c0 Amiens, dans les quartiers s\u00e9par\u00e9s de la ville par<br \/>\nl\u2019ancienne citadelle, des jeunes du grand ensemble se<br \/>\nsont heurt\u00e9s aux forces de l\u2019ordre un soir de deuil. La<br \/>\npolice a harcel\u00e9 les participants pr\u00e9sents pour une soir\u00e9e<br \/>\nde recueillement. Comme souvent, l\u2019\u00e9motion d\u2019une mort<br \/>\net l\u2019arrogance des policiers ont mis le feu aux poudres.<br \/>\nDes jeunes se sont r\u00e9volt\u00e9s. Ils n\u2019ont toujours pas les<br \/>\nmots pour exprimer ce besoin d\u2019\u00e9galit\u00e9, la souffrance<br \/>\nde la discrimination, la qu\u00eate de justice sociale. Ils n\u2019ont<br \/>\npas souvent d\u2019interlocuteurs pour les entendre. Pourtant,<br \/>\ndepuis trente ans que cette situation perdure, depuis un<br \/>\nfameux \u00e9t\u00e9 1981 o\u00f9 \u00e9clat\u00e8rent les premi\u00e8res r\u00e9voltes<br \/>\nurbaines aux Minguettes, ceux qui veulent comprendre<br \/>\npeuvent comprendre.<\/p>\n<p>Le gouvernement a choisi de persister dans l\u2019autisme qui<br \/>\npr\u00e9vaut depuis. Il a d\u00e9p\u00each\u00e9 son ministre de l\u2019Int\u00e9rieur qui<br \/>\na cru devoir afficher \u00ab la fermet\u00e9 \u00bb. \u00c0 la bonne heure ! Donc<br \/>\nle pouvoir peut \u00eatre ferme. Le probl\u00e8me, c\u2019est que cette<br \/>\nfermet\u00e9 vis-\u00e0-vis des quartiers populaires ou des Roms est<br \/>\nd\u00e9vastatrice. Elle annonce m\u00eame de lourdes difficult\u00e9s,<br \/>\ncelles qui s\u2019abattent sur un pouvoir qui accepte les cadres,<br \/>\nles normes en place, et s\u2019imagine pouvoir faire mieux,<br \/>\nplus juste que ses pr\u00e9d\u00e9cesseurs. Le gouvernement ne<br \/>\ns\u2019en sortira pas en enfilant le costume d\u2019une R\u00e9publique<br \/>\nautoritaire, poussi\u00e9reuse dans son fonctionnement<br \/>\nd\u00e9mocratique et sourde aux souffrances des quartiers<br \/>\npopulaires. Il faut au contraire rompre radicalement avec<br \/>\nles approches s\u00e9curitaires, en finir avec une politique de la<br \/>\nville qui d\u00e9nigre autant qu\u2019elle r\u00e9pare. Les premiers temps<br \/>\nd\u2019un nouveau pouvoir, quand sa l\u00e9gitimit\u00e9 politique est<br \/>\nla plus forte, sont propices \u00e0 ces remises \u00e0 plat. Las, le<br \/>\ngouvernement Aiyault ne le fait pas. Faute d\u2019audace, de<br \/>\ncourage, de volont\u00e9 politique, la gauche au pouvoir se fera<br \/>\naspirer par les spirales de l\u2019autoritarisme. Elle ne r\u00e9pondra<br \/>\npas aux attentes et aux besoins. Autant dire qu\u2019elle<br \/>\ncourt \u00e0 l\u2019\u00e9chec.<div id='gallery-1' class='gallery galleryid-5512 gallery-columns-3 gallery-size-thumbnail'><figure class='gallery-item'>\n\t\t\t<div class='gallery-icon landscape'>\n\t\t\t\t<a href='https:\/\/archives.regards.fr\/wp-content\/uploads\/2012\/09\/bs-2-45e.jpg'><img loading=\"lazy\" decoding=\"async\" width=\"150\" height=\"150\" src=\"https:\/\/archives.regards.fr\/wp-content\/uploads\/2012\/09\/bs-2-45e-150x150.jpg\" class=\"attachment-thumbnail size-thumbnail\" alt=\"Spirales de l\u2019autoritarisme\" aria-describedby=\"gallery-1-16553\" \/><\/a>\n\t\t\t<\/div>\n\t\t\t\t<figcaption class='wp-caption-text gallery-caption' id='gallery-1-16553'>\n\t\t\t\tSpirales de l\u2019autoritarisme\n\t\t\t\t<\/figcaption><\/figure><figure class='gallery-item'>\n\t\t\t<div class='gallery-icon landscape'>\n\t\t\t\t<a href='https:\/\/archives.regards.fr\/wp-content\/uploads\/2012\/09\/bb-3-b92.jpg'><img loading=\"lazy\" decoding=\"async\" width=\"150\" height=\"122\" src=\"https:\/\/archives.regards.fr\/wp-content\/uploads\/2012\/09\/bb-3-b92-150x122.jpg\" class=\"attachment-thumbnail size-thumbnail\" alt=\"Spirales de l\u2019autoritarisme\" aria-describedby=\"gallery-1-16554\" \/><\/a>\n\t\t\t<\/div>\n\t\t\t\t<figcaption class='wp-caption-text gallery-caption' id='gallery-1-16554'>\n\t\t\t\tSpirales de l\u2019autoritarisme\n\t\t\t\t<\/figcaption><\/figure>\n\t\t<\/div>\n<\/p>\n","protected":false},"excerpt":{"rendered":"<p>\u00c0 Amiens, dans les quartiers s\u00e9par\u00e9s de la ville par l\u2019ancienne citadelle, des jeunes du grand ensemble se sont heurt\u00e9s aux forces de l\u2019ordre un soir de deuil. La police a harcel\u00e9 les participants pr\u00e9sents pour une soir\u00e9e de recueillement. Comme souvent, l\u2019\u00e9motion d\u2019une mort et l\u2019arrogance des policiers ont mis le feu aux poudres. [&hellip;]<\/p>\n","protected":false},"author":464,"featured_media":16553,"comment_status":"open","ping_status":"open","sticky":false,"template":"","format":"standard","meta":{"_themeisle_gutenberg_block_has_review":false,"footnotes":""},"categories":[141],"tags":[328],"class_list":["post-5512","post","type-post","status-publish","format-standard","has-post-thumbnail","hentry","category-archives-web","tag-editorial"],"_links":{"self":[{"href":"https:\/\/archives.regards.fr\/index.php?rest_route=\/wp\/v2\/posts\/5512","targetHints":{"allow":["GET"]}}],"collection":[{"href":"https:\/\/archives.regards.fr\/index.php?rest_route=\/wp\/v2\/posts"}],"about":[{"href":"https:\/\/archives.regards.fr\/index.php?rest_route=\/wp\/v2\/types\/post"}],"author":[{"embeddable":true,"href":"https:\/\/archives.regards.fr\/index.php?rest_route=\/wp\/v2\/users\/464"}],"replies":[{"embeddable":true,"href":"https:\/\/archives.regards.fr\/index.php?rest_route=%2Fwp%2Fv2%2Fcomments&post=5512"}],"version-history":[{"count":0,"href":"https:\/\/archives.regards.fr\/index.php?rest_route=\/wp\/v2\/posts\/5512\/revisions"}],"wp:featuredmedia":[{"embeddable":true,"href":"https:\/\/archives.regards.fr\/index.php?rest_route=\/wp\/v2\/media\/16553"}],"wp:attachment":[{"href":"https:\/\/archives.regards.fr\/index.php?rest_route=%2Fwp%2Fv2%2Fmedia&parent=5512"}],"wp:term":[{"taxonomy":"category","embeddable":true,"href":"https:\/\/archives.regards.fr\/index.php?rest_route=%2Fwp%2Fv2%2Fcategories&post=5512"},{"taxonomy":"post_tag","embeddable":true,"href":"https:\/\/archives.regards.fr\/index.php?rest_route=%2Fwp%2Fv2%2Ftags&post=5512"}],"curies":[{"name":"wp","href":"https:\/\/api.w.org\/{rel}","templated":true}]}}