{"id":5509,"date":"2012-07-12T16:00:00","date_gmt":"2012-07-12T14:00:00","guid":{"rendered":"https:\/\/wp.muchomaas.com\/les-mineurs-flambeau-anachronique5509\/"},"modified":"2023-06-23T23:11:49","modified_gmt":"2023-06-23T21:11:49","slug":"les-mineurs-flambeau-anachronique5509","status":"publish","type":"post","link":"https:\/\/archives.regards.fr\/?p=5509","title":{"rendered":"Les mineurs, flambeau anachronique mais respect\u00e9 de la contestation espagnole"},"content":{"rendered":"<p class=\"post_excerpt\">Plusieurs dizaines de milliers de manifestants se sont rassembl\u00e9s hier mercredi 11 juillet \u00e0 Madrid. Pour, entre autre, soutenir les mineurs de charbon en gr\u00e8ve depuis plus d\u2019un mois et demi qui d\u00e9noncent les r\u00e9ductions drastiques d\u2019aides publiques d\u00e9cid\u00e9es par le gouvernement Rajoy. <\/p>\n<p>L\u2019Espagne vit l\u2019un de ses plus importants mouvements sociaux ouvriers depuis la fin de la dictature franquiste. Plus de\u00a08\u00a0000\u00a0mineurs, provenant de 40\u00a0mines de charbon, principalement dans la r\u00e9gion des Asturies au nord, se sont lanc\u00e9s le 23\u00a0mai dans une gr\u00e8ve illimit\u00e9e, visant \u00e0 d\u00e9noncer la r\u00e9duction des subventions publiques. Mardi 10 juillet le mouvement a gagn\u00e9 Madrid\u00a0: un cort\u00e8ge nocturne a d\u2019abord arpent\u00e9 les rues de la capitale, casques riv\u00e9es sur la t\u00eate, \u00e0 la lumi\u00e8re des lampes frontales. Le lendemain, ils \u00e9taient des milliers de mineurs \u00e0 d\u00e9filer vers le minist\u00e8re de l\u2019industrie, point d&#8217;orgue d&#8217;une \u00ab\u00a0marche noire\u00a0\u00bb de plusieurs kilom\u00e8tres et intervenant au moment o\u00f9 le pr\u00e9sident du gouvernement espagnol, Mariano Rajoy, pr\u00e9sentait au Parlement un nouveau plan d&#8217;aust\u00e9rit\u00e9 cens\u00e9 r\u00e9duire le d\u00e9ficit de l&#8217;Etat de 65 milliards d&#8217;euros en deux ans et demi. <\/p>\n<h2>\u00abNous sommes tous des mineurs!\u00bb<\/h2>\n<p>Ce combat des mineurs espagnols rappelle avec insistance une \u00e9poque r\u00e9volue, celle de la d\u00e9sindustrialisation de la vieille Europe et tout particuli\u00e8rement les luttes virulentes qui ont oppos\u00e9 dans les ann\u00e9es 1984-1985 les mineurs britanniques au projet du National Coal Board voulu par le gouvernement de Margaret Thatcher. Les analogies sont nombreuses, en premier lieu cette d\u00e9termination \u00e0 toutes \u00e9preuves : en Asturies, les mineurs sont encagoul\u00e9s, munis de boucliers, de lance-pierres et de lance-roquettes artisanaux, bloquant quotidiennement les routes et les autoroutes, sans craindre la confrontation directe avec les forces de l\u2019ordre [[http:\/\/elpais.com\/politica\/2012\/06\/15\/actualidad\/1339757760_140012.html]]. Dans le m\u00eame temps, six d\u2019entre eux restent volontairement enferm\u00e9s au fond d\u2019un puits d\u2019extraction depuis le\u00a028\u00a0mai. \u00ab\u00a0<em>Nous n\u2019avons rien \u00e0 perdre et nous irons jusqu\u2019au\u00a0bout<\/em> \u00bb scande entour\u00e9 de ses compagnons de lutte, Antonio Ortiz, un mineur venu du nord de la province de L\u00e9on. Le combat du secteur minier espagnol semble d\u2019autant plus anachronique que l\u2019\u00e9puisement des ressources fossiles et l\u2019\u00e9mission des gaz \u00e0 effets de serre sont consid\u00e9r\u00e9s unanimement comme une menace plan\u00e9taire. Pourtant, en d\u00e9pit d\u2019un blocage politico-m\u00e9diatique \u00e9vident, les mineurs de charbon recueillent un soutien tr\u00e8s fort de la soci\u00e9t\u00e9 civile espagnole\u00a0: plusieurs dizaines de milliers de personnes, toutes g\u00e9n\u00e9rations confondues, les ont acclam\u00e9s ce mercredi place Christophe Colomb dans le centre de Madrid. \u00ab\u00a0<em>Que vive la classe ouvri\u00e8re\u00a0! Nous sommes tous des mineurs\u00a0!<\/em>\u00bb\u00a0: la pr\u00e9sence de nombreux drapeaux du parti communiste espagnol et la profusion de slogans propres au mouvement ouvrier faisaient resurgir la notion de la lutte des classes. Un discours qui re\u00e7oit d\u2019autant plus d\u2019\u00e9cho que la plupart des indicateurs \u00e9conomiques font d\u00e9sormais de l\u2019Espagne le pays le plus in\u00e9galitaire de l\u2019Union Europ\u00e9enne (Ue). En 2006, une vingtaine de grandes familles d\u00e9tenaient 20,14 % du capital des entreprises de l&#8217;Ibex-35, l&#8217;\u00e9quivalent du Cac-40. Une \u00e9lite constitu\u00e9e par seulement 1400 personnes contr\u00f4le les ressources \u00e9quivalentes \u00e0 80,5 % du PIB. \u00ab\u00a0<em>C\u2019est un moment o\u00f9 il faut r\u00e9sister\u00a0! Cela ne fait pas l\u2019ombre d\u2019un doute, la situation \u00e9conomique va empirer mais il faut \u00e9viter \u00e0 tout prix un sc\u00e9nario \u00e0 la portugaise dans lequel le pays serait compl\u00e8tement soumis aux int\u00e9r\u00eats du capitalisme financier<\/em> \u00bb analyse Enrique Lopez, un maitre d\u2019\u00e9cole quinquag\u00e9naire venu distribuer des tracts appelant \u00e0 une gr\u00e8ve g\u00e9n\u00e9rale ind\u00e9termin\u00e9e dans l\u2019\u00e9ducation. <\/p>\n<p>Le mouvement des mineurs m\u00eale ainsi un ensemble de revendications politiques et \u00e9conomiques qui d\u00e9passent largement la seule question de la survie de l\u2019extraction mini\u00e8re de charbon et la disparition annonc\u00e9e des 30\u00a0000 emplois directs et indirects sur les sites concern\u00e9s. Il y a tout d\u2019abord le rejet grandissant de \u00ab\u00a0<em>l\u2019\u00e9conomie de la douleur<\/em>\u00a0\u00bb, terme employ\u00e9 par le prix Nobel d\u2019\u00e9conomie Paul Krugman pour qualifier la politique d\u2019aust\u00e9rit\u00e9 d\u00e9fendue par les n\u00e9o-lib\u00e9raux depuis la contamination de la crise des subprimes am\u00e9ricains en 2008. En Espagne la destruction de l\u2019Etat providence, faute de ramener l\u2019\u00e9quilibre budg\u00e9taire a aggrav\u00e9 \u00e0 contrario l\u2019essoufflement de l\u2019\u00e9conomie et accrue le d\u00e9ficit public (79,8% du PIB pr\u00e9vu pour fin 2012). Un million de personnes s\u2019\u00e9taient d\u00e9j\u00e0 rassembl\u00e9es le 29 mars dans la capitale afin de d\u00e9noncer le cercle vicieux que g\u00e9n\u00e8rent les mesures d\u2019aust\u00e9rit\u00e9 successives. Aujourd\u2019hui ces manifestants soutiennent les mineurs, en d\u00e9pit des contradictions environnementales. Dans les cort\u00e8ges de Madrid, un bon nombre avouaient m\u00eame voir dans ce mouvement social ouvrier, \u00ab\u00a0<em>le moyen de renforcer la contestation sociale et\u00a0pourquoi pas un levier qui fera basculer le rapport de force avec le Parti Populaire au pouvoir<\/em>\u00a0\u00bb confie Juan Jos\u00e9 Lopez, un quadra aragonais membre de l\u2019UGT, un des deux syndicats majoritaires.  <\/p>\n<h2>Criminalisation de la pr\u00e9carit\u00e9<\/h2>\n<p>Le rejet de la classe politique est l\u2019autre gros point de ralliement des contestataires. La d\u00e9fiance \u00e0 l\u2019\u00e9gard des dirigeants s\u2019est en effet g\u00e9n\u00e9ralis\u00e9e depuis que le chef du gouvernement conservateur, Mariano Rajoy, a bafou\u00e9 les engagements pris lors de la campagne de 2011, entre autres la promesse de ne pas recapitaliser les banques ou encore le gel de l\u2019IVA, la TVA espagnole, qui grimpera pourtant \u00e0 21 % ce lundi 16 juillet. \u00ab<em> C\u2019est une fraude \u00e9lectorale\u00a0!<\/em> scande Maria Dominguez, une employ\u00e9e de la grande distribution, <em>le programme du Parti Populaire ne contenait pas les mesures qui ont \u00e9t\u00e9 prises par la suite<\/em>\u00a0\u00bb. Suivant une logique comparable, le gouvernement Rajoy a rompu unilat\u00e9ralement l\u2019accord conclu en 2011 avec les repr\u00e9sentants syndicaux des mineurs qui d\u00e9finissait, comme le pr\u00e9conisait Bruxelles, une r\u00e9duction des aides de mani\u00e8re progressive jusqu\u2019en 2018. \u00ab\u00a0<em>C\u2019est un scandale\u00a0! Rien n\u2019a \u00e9t\u00e9 pens\u00e9 pour restructurer l\u2019\u00e9conomie dans les bassins ouvriers concern\u00e9s<\/em>\u00a0\u00bb d\u00e9nonce \u00e0 son tour Eugenio Forseca, un mineur des Asturies \u00e0 la retraite. Tout aussi symptomatique de la contestation, certains mineurs comme Sergio, avouent \u00e0 demi-mot avoir vot\u00e9 pour le Parti Populaire aux derni\u00e8res \u00e9lections et le regretter largement\u00a0aujourd\u2019hui :\u00a0\u00ab\u00a0<em>Comme beaucoup j\u2019ai vot\u00e9 pour l\u2019alternance. Avec le recul, quelle na\u00efvet\u00e9!<\/em>\u00a0\u00bb.<\/p>\n<p>Enfin, c\u2019est un \u00e9l\u00e9ment d\u00e9terminant, en d\u00e9pit de coupes budg\u00e9taires drastiques dans le budget de l\u2019Etat, l\u2019Espagne, qui pr\u00e9sente l&#8217;une des l\u00e9gislations les plus r\u00e9pressives des pays d\u00e9velopp\u00e9s, reste le pays de l\u2019Ue-15 qui compte le plus grand nombre de policiers pour 10\u00a0000 habitants. La d\u00e9nonciation de la r\u00e9pression polici\u00e8re tend ainsi \u00e0 rapprocher les mineurs du reste de la contestation sociale. Car la r\u00e9alisation de l&#8217;id\u00e9ologie n\u00e9o-lib\u00e9rale n&#8217;est pas seulement la disparition de l\u2019Etat en mati\u00e8re \u00e9conomique, \u00e9ducative et sociale ou encore le seul laisser-faire en mati\u00e8re de l\u00e9gislation du travail. Selon le sociologue fran\u00e7ais Loic Wacquant c\u2019est \u00e9galement \u00ab\u00a0<em>un traitement policier et p\u00e9nal des classes condamn\u00e9es au ch\u00f4mage et au salariat pr\u00e9caire<\/em>\u00a0\u00bb. Mercredi 11 juillet, le gouvernement espagnol l\u2019a rappel\u00e9 avec force et \u00e0 deux reprises. Les syndicats avaient mis en place un important dispositif d\u2019encadrement et d\u2019accompagnement du cort\u00e8ge afin d\u2019\u00e9viter tout d\u00e9bordement, bien conscients que la bataille se gagne aussi sur le terrain m\u00e9diatique. Alors que la manifestation touchait \u00e0 sa fin, il a suffit d\u2019une irruption soudaine des forces de l\u2019ordre pour faire voler en \u00e9clats le cort\u00e8ge de protestation [[http:\/\/www.youtube.com\/watch?v=rs-YFLcQS54&#038;feature=related]]. \u00ab\u00a0<em>Les revendications de fond ont disparu rapidement de l\u2019espace m\u00e9diatique. Les chaines d\u2019informations et les agences de presse ont rapport\u00e9 en boucle le r\u00e9cit des confrontations avec les forces de l\u2019ordre<\/em> \u00bb regrette Angela Vallina, la maire encart\u00e9e <em>Izquierda Unida<\/em> de Castrillon, la premi\u00e8re commune mini\u00e8re d\u2019Asturies. Une strat\u00e9gie qui selon l\u2019\u00e9lue, pr\u00e9pare une l\u00e9gitimation du discours s\u00e9curitaire et \u00ab\u00a0<em>le passage d&#8217;un traitement social \u00e0 un traitement p\u00e9nal de la pr\u00e9carit\u00e9 sociale<\/em>\u00a0\u00bb. Car dans un second temps, la manifestation convoqu\u00e9e le soir m\u00eame par les mouvements <em>Democratia Real Ya<\/em> et les <em>Indignados<\/em> sur la fameuse place de la Puerta del Sol, a rassembl\u00e9 plus de 5000 personnes et s\u2019est \u00e9galement sold\u00e9e par une s\u00e9rie de charges violentes des forces de l\u2019ordre, jusqu\u2019\u00e0 tard dans la nuit. \u00ab\u00a0<em>Je n\u2019avais jamais vu encore une volont\u00e9 aussi assum\u00e9e de casser par la force une manifestation pacifique. Le gouvernement Rajoy montre peut \u00eatre sans se rendre compte, les signes d\u2019une grande faiblesse<\/em>\u00a0\u00bb analyse Lucia, une trentenaire contractuelle dans l\u2019\u00e9ducation. En effet, le gouvernement du Parti Populaire qui persiste \u00e0 nier les revendications des mineurs, acc\u00e9l\u00e8re l\u2019implosion de la soci\u00e9t\u00e9 et, partant de l\u00e0, peut \u00eatre la fin d\u2019un cycle politique et institutionnel en Espagne.<br \/>\n<div id='gallery-1' class='gallery galleryid-5509 gallery-columns-3 gallery-size-thumbnail'><figure class='gallery-item'>\n\t\t\t<div class='gallery-icon landscape'>\n\t\t\t\t<a href='https:\/\/archives.regards.fr\/wp-content\/uploads\/2012\/07\/mineur_espagne_-_copie_3_-5a3.jpg'><img loading=\"lazy\" decoding=\"async\" width=\"80\" height=\"55\" src=\"https:\/\/archives.regards.fr\/wp-content\/uploads\/2012\/07\/mineur_espagne_-_copie_3_-5a3.jpg\" class=\"attachment-thumbnail size-thumbnail\" alt=\"Les mineurs, flambeau anachronique mais respect\u00e9 de la contestation espagnole\" aria-describedby=\"gallery-1-16548\" \/><\/a>\n\t\t\t<\/div>\n\t\t\t\t<figcaption class='wp-caption-text gallery-caption' id='gallery-1-16548'>\n\t\t\t\tLes mineurs, flambeau anachronique mais respect\u00e9 de la contestation espagnole\n\t\t\t\t<\/figcaption><\/figure><figure class='gallery-item'>\n\t\t\t<div class='gallery-icon landscape'>\n\t\t\t\t<a href='https:\/\/archives.regards.fr\/wp-content\/uploads\/2012\/07\/mineur_espagne_1-8ab.jpg'><img loading=\"lazy\" decoding=\"async\" width=\"150\" height=\"150\" src=\"https:\/\/archives.regards.fr\/wp-content\/uploads\/2012\/07\/mineur_espagne_1-8ab-150x150.jpg\" class=\"attachment-thumbnail size-thumbnail\" alt=\"mineur_espagne_1.jpg\" \/><\/a>\n\t\t\t<\/div><\/figure>\n\t\t<\/div>\n<\/p>\n","protected":false},"excerpt":{"rendered":"<p>Plusieurs dizaines de milliers de manifestants se sont rassembl\u00e9s hier mercredi 11 juillet \u00e0 Madrid. Pour, entre autre, soutenir les mineurs de charbon en gr\u00e8ve depuis plus d\u2019un mois et demi qui d\u00e9noncent les r\u00e9ductions drastiques d\u2019aides publiques d\u00e9cid\u00e9es par le gouvernement Rajoy. <\/p>\n","protected":false},"author":1,"featured_media":16548,"comment_status":"open","ping_status":"open","sticky":false,"template":"","format":"standard","meta":{"_themeisle_gutenberg_block_has_review":false,"footnotes":""},"categories":[141],"tags":[419,349,347],"class_list":["post-5509","post","type-post","status-publish","format-standard","has-post-thumbnail","hentry","category-archives-web","tag-espagne","tag-lutte","tag-reportage"],"_links":{"self":[{"href":"https:\/\/archives.regards.fr\/index.php?rest_route=\/wp\/v2\/posts\/5509","targetHints":{"allow":["GET"]}}],"collection":[{"href":"https:\/\/archives.regards.fr\/index.php?rest_route=\/wp\/v2\/posts"}],"about":[{"href":"https:\/\/archives.regards.fr\/index.php?rest_route=\/wp\/v2\/types\/post"}],"author":[{"embeddable":true,"href":"https:\/\/archives.regards.fr\/index.php?rest_route=\/wp\/v2\/users\/1"}],"replies":[{"embeddable":true,"href":"https:\/\/archives.regards.fr\/index.php?rest_route=%2Fwp%2Fv2%2Fcomments&post=5509"}],"version-history":[{"count":0,"href":"https:\/\/archives.regards.fr\/index.php?rest_route=\/wp\/v2\/posts\/5509\/revisions"}],"wp:featuredmedia":[{"embeddable":true,"href":"https:\/\/archives.regards.fr\/index.php?rest_route=\/wp\/v2\/media\/16548"}],"wp:attachment":[{"href":"https:\/\/archives.regards.fr\/index.php?rest_route=%2Fwp%2Fv2%2Fmedia&parent=5509"}],"wp:term":[{"taxonomy":"category","embeddable":true,"href":"https:\/\/archives.regards.fr\/index.php?rest_route=%2Fwp%2Fv2%2Fcategories&post=5509"},{"taxonomy":"post_tag","embeddable":true,"href":"https:\/\/archives.regards.fr\/index.php?rest_route=%2Fwp%2Fv2%2Ftags&post=5509"}],"curies":[{"name":"wp","href":"https:\/\/api.w.org\/{rel}","templated":true}]}}