{"id":5489,"date":"2012-07-31T07:00:00","date_gmt":"2012-07-31T05:00:00","guid":{"rendered":"https:\/\/wp.muchomaas.com\/l-art-obligatoire5489\/"},"modified":"2023-06-23T23:11:45","modified_gmt":"2023-06-23T21:11:45","slug":"l-art-obligatoire5489","status":"publish","type":"post","link":"https:\/\/archives.regards.fr\/?p=5489","title":{"rendered":"L&#8217;art obligatoire"},"content":{"rendered":"<p class=\"post_excerpt\">CULTURE PARK, la chronique de Bernard Hasquenoph &#8211; <a href=\"http:\/\/www.louvrepourtous.fr\/\">louvrepourtous.fr<\/a><\/p>\n<p>De par sa notori\u00e9t\u00e9, Versailles attire une nouvelle fois les regards pour sa quatri\u00e8me invitation faite \u00e0 un artiste vivant. Cette ann\u00e9e, c\u2019est une jeune femme portugaise qui a les honneurs du palais de Louis XIV. Joana Vasconcelos, 41 ans, y voit \u00ab <em>le d\u00e9cor id\u00e9al pour c\u00e9l\u00e9brer l\u2019audace, l\u2019exp\u00e9rimentation et la libert\u00e9 <\/em> \u00bb. Ses cr\u00e9ations color\u00e9es interrogent les visiteurs du monde entier venus d\u00e9couvrir un lieu historique class\u00e9 au patrimoine de l\u2019humanit\u00e9 qu\u2019on s\u2019acharne paradoxalement depuis cent ans \u00e0 restituer dans sa gloire pass\u00e9e. Elles en s\u00e9duisent certains, en heurtent d\u2019autres, sachant que l\u2019art contemporain, quand il n\u2019est pas impos\u00e9, n\u2019attire qu\u2019un public confidentiel. <\/p>\n<p>Une nouvelle fois, les m\u00e9dias ont rendu compte de cette rencontre improbable de mani\u00e8re caricaturale, opposant les \u00ab pour \u00bb et les \u00ab contre \u00bb, sans jamais poser la question du \u00ab comment \u00bb. Pourtant, la mani\u00e8re dont Versailles traite l\u2019art contemporain est sans doute ce qui se fait de moins int\u00e9ressant dans le genre. Aucun dispositif de m\u00e9diation, des installations dispers\u00e9es sous les ors, souvent coup\u00e9es de leur environnement pour des questions de s\u00e9curit\u00e9, viennent encombrer des espaces ultra-satur\u00e9s en \u00e9t\u00e9. Peu importe. L\u2019op\u00e9ration termin\u00e9e, l\u2019\u00e9tablissement diffusera un chiffre de fr\u00e9quentation bidon, attribuant \u00e0 celle-ci, sur la p\u00e9riode, l\u2019ensemble des visiteurs du ch\u00e2teau.<\/p>\n<p>Versailles n\u2019a rien invent\u00e9. Loin des modes, depuis vingt et un ans, le festival estival breton \u00ab L\u2019art dans les chapelles \u00bb creuse discr\u00e8tement son sillon, offrant \u00e0 une multitude de cr\u00e9ateurs les plus pointus la possibilit\u00e9 d\u2019\u00eatre vus et \u00e0 des \u00e9difices anciens d\u2019\u00eatre entretenus et parfois m\u00eame d\u2019\u00eatre sauv\u00e9s. Tout commence en amont par des rencontres publiques avec les artistes, dont certains invit\u00e9s en r\u00e9sidence. La manifestation propose quatre itin\u00e9raires dans la campagne morbihannaise. Un guide accueille les visiteurs gratuitement dans chacune des vingt chapelles investies par des installations, fresques ou vid\u00e9os. Visites comment\u00e9es, ateliers de pratiques artistiques, le festival se prolonge avec la publication de livres d\u2019art originaux qui seront pr\u00e9sent\u00e9s tout au long de l\u2019ann\u00e9e dans la r\u00e9gion, des \u00e9coles aux entreprises. Un pari audacieux, construit dans la dur\u00e9e. Le contraire d\u2019une op\u00e9ration de communication.<div id='gallery-1' class='gallery galleryid-5489 gallery-columns-3 gallery-size-thumbnail'><figure class='gallery-item'>\n\t\t\t<div class='gallery-icon landscape'>\n\t\t\t\t<a href='https:\/\/archives.regards.fr\/wp-content\/uploads\/2012\/07\/louvres-709.jpg'><img loading=\"lazy\" decoding=\"async\" width=\"150\" height=\"150\" src=\"https:\/\/archives.regards.fr\/wp-content\/uploads\/2012\/07\/louvres-709-150x150.jpg\" class=\"attachment-thumbnail size-thumbnail\" alt=\"L&#039;art obligatoire\" aria-describedby=\"gallery-1-16517\" \/><\/a>\n\t\t\t<\/div>\n\t\t\t\t<figcaption class='wp-caption-text gallery-caption' id='gallery-1-16517'>\n\t\t\t\tL&#8217;art obligatoire\n\t\t\t\t<\/figcaption><\/figure><figure class='gallery-item'>\n\t\t\t<div class='gallery-icon landscape'>\n\t\t\t\t<a href='https:\/\/archives.regards.fr\/wp-content\/uploads\/2012\/07\/louvreb-2d1.jpg'><img loading=\"lazy\" decoding=\"async\" width=\"150\" height=\"122\" src=\"https:\/\/archives.regards.fr\/wp-content\/uploads\/2012\/07\/louvreb-2d1-150x122.jpg\" class=\"attachment-thumbnail size-thumbnail\" alt=\"L&#039;art obligatoire\" aria-describedby=\"gallery-1-16518\" \/><\/a>\n\t\t\t<\/div>\n\t\t\t\t<figcaption class='wp-caption-text gallery-caption' id='gallery-1-16518'>\n\t\t\t\tL&#8217;art obligatoire\n\t\t\t\t<\/figcaption><\/figure><figure class='gallery-item'>\n\t\t\t<div class='gallery-icon landscape'>\n\t\t\t\t<a href='https:\/\/archives.regards.fr\/wp-content\/uploads\/2012\/07\/louvrec-107.jpg'><img loading=\"lazy\" decoding=\"async\" width=\"80\" height=\"55\" src=\"https:\/\/archives.regards.fr\/wp-content\/uploads\/2012\/07\/louvrec-107.jpg\" class=\"attachment-thumbnail size-thumbnail\" alt=\"L&#039;art obligatoire\" aria-describedby=\"gallery-1-16519\" \/><\/a>\n\t\t\t<\/div>\n\t\t\t\t<figcaption class='wp-caption-text gallery-caption' id='gallery-1-16519'>\n\t\t\t\tL&#8217;art obligatoire\n\t\t\t\t<\/figcaption><\/figure><figure class='gallery-item'>\n\t\t\t<div class='gallery-icon landscape'>\n\t\t\t\t<a href='https:\/\/archives.regards.fr\/wp-content\/uploads\/2012\/07\/louvre-851.jpg'><img loading=\"lazy\" decoding=\"async\" width=\"150\" height=\"150\" src=\"https:\/\/archives.regards.fr\/wp-content\/uploads\/2012\/07\/louvre-851-150x150.jpg\" class=\"attachment-thumbnail size-thumbnail\" alt=\"louvre.jpg\" \/><\/a>\n\t\t\t<\/div><\/figure>\n\t\t<\/div>\n<\/p>\n","protected":false},"excerpt":{"rendered":"<p>CULTURE PARK, la chronique de Bernard Hasquenoph &#8211; <a href=\"http:\/\/www.louvrepourtous.fr\/\">louvrepourtous.fr<\/a><\/p>\n","protected":false},"author":625,"featured_media":16517,"comment_status":"open","ping_status":"open","sticky":false,"template":"","format":"standard","meta":{"_themeisle_gutenberg_block_has_review":false,"footnotes":""},"categories":[138],"tags":[357],"class_list":["post-5489","post","type-post","status-publish","format-standard","has-post-thumbnail","hentry","category-bernard-hasquenoph","tag-chronique"],"_links":{"self":[{"href":"https:\/\/archives.regards.fr\/index.php?rest_route=\/wp\/v2\/posts\/5489","targetHints":{"allow":["GET"]}}],"collection":[{"href":"https:\/\/archives.regards.fr\/index.php?rest_route=\/wp\/v2\/posts"}],"about":[{"href":"https:\/\/archives.regards.fr\/index.php?rest_route=\/wp\/v2\/types\/post"}],"author":[{"embeddable":true,"href":"https:\/\/archives.regards.fr\/index.php?rest_route=\/wp\/v2\/users\/625"}],"replies":[{"embeddable":true,"href":"https:\/\/archives.regards.fr\/index.php?rest_route=%2Fwp%2Fv2%2Fcomments&post=5489"}],"version-history":[{"count":0,"href":"https:\/\/archives.regards.fr\/index.php?rest_route=\/wp\/v2\/posts\/5489\/revisions"}],"wp:featuredmedia":[{"embeddable":true,"href":"https:\/\/archives.regards.fr\/index.php?rest_route=\/wp\/v2\/media\/16517"}],"wp:attachment":[{"href":"https:\/\/archives.regards.fr\/index.php?rest_route=%2Fwp%2Fv2%2Fmedia&parent=5489"}],"wp:term":[{"taxonomy":"category","embeddable":true,"href":"https:\/\/archives.regards.fr\/index.php?rest_route=%2Fwp%2Fv2%2Fcategories&post=5489"},{"taxonomy":"post_tag","embeddable":true,"href":"https:\/\/archives.regards.fr\/index.php?rest_route=%2Fwp%2Fv2%2Ftags&post=5489"}],"curies":[{"name":"wp","href":"https:\/\/api.w.org\/{rel}","templated":true}]}}