{"id":5483,"date":"2012-08-27T07:00:00","date_gmt":"2012-08-27T05:00:00","guid":{"rendered":"https:\/\/wp.muchomaas.com\/petit-tour-du-monde-des-droits-des5483\/"},"modified":"2023-06-23T23:11:44","modified_gmt":"2023-06-23T21:11:44","slug":"petit-tour-du-monde-des-droits-des5483","status":"publish","type":"post","link":"https:\/\/archives.regards.fr\/?p=5483","title":{"rendered":"Petit tour du monde des droits des transsexuels"},"content":{"rendered":"<p>L&#8217;annonce a fait l\u2019effet d\u2019une bombe,<br \/>\ntant elle provoque une avanc\u00e9e des<br \/>\ndroits des transsexuels : en Argentine,<br \/>\ndepuis une d\u00e9cision du S\u00e9nat prise<br \/>\nen mai, ceux-ci pourront choisir le<br \/>\nsexe auquel ils estiment appartenir et le d\u00e9clarer \u00e0<br \/>\nl\u2019administration. L\u2019Argentine n\u2019est pas isol\u00e9e : son<br \/>\nvoisin uruguayen avait, avant elle, d\u00e9j\u00e0 vot\u00e9 une loi<br \/>\nsimilaire. Et, en octobre 2008, une loi de la ville<br \/>\nde Mexico a permis aux personnes transgenres<br \/>\nd\u2019obtenir des papiers d\u2019\u00e9tat civil conformes \u00e0<br \/>\nleur nouvelle identit\u00e9.<\/p>\n<p>En Europe, Royaume-Uni et Espagne ont \u00e9t\u00e9 des<br \/>\npr\u00e9curseurs. Les Britanniques ont, les premiers,<br \/>\nmodifi\u00e9 leur l\u00e9gislation en 2004, apr\u00e8s avoir \u00e9t\u00e9<br \/>\ncondamn\u00e9s par la Cour europ\u00e9enne des droits<br \/>\nde l\u2019Homme dans l\u2019affaire d\u2019une transsexuelle<br \/>\nharcel\u00e9e, Christine Goodwin. Et, en Espagne,<br \/>\ndepuis 2007, une op\u00e9ration chirurgicale n\u2019est<br \/>\nplus n\u00e9cessaire pour le changement d\u2019identit\u00e9.<br \/>\nLe diagnostic d\u2019un m\u00e9decin est toutefois requis,<br \/>\nainsi qu\u2019un traitement hormonal de deux ans. Au<br \/>\nPortugal, le pr\u00e9sident s\u2019\u00e9tait oppos\u00e9 en 2010 \u00e0<br \/>\nun changement de la loi ; un an plus tard, celuici<br \/>\na bien eu lieu. D\u00e9sormais, le genre choisi<br \/>\npeut \u00eatre obtenu en huit jours sur pr\u00e9sentation<br \/>\nd\u2019un certificat m\u00e9dical en bonne et due forme.<br \/>\nEn Su\u00e8de, apr\u00e8s un long blocage du Parti<br \/>\nconservateur, les op\u00e9rations chirurgicales de<br \/>\nst\u00e9rilisation forc\u00e9es viennent d\u2019\u00eatre abolies.<br \/>\nIdem aux Pays-Bas, depuis fin 2011, o\u00f9 seules<br \/>\ndes d\u00e9clarations d\u2019experts attestent, apr\u00e8s<br \/>\nanalyse, \u00ab<em> que le sentiment de transgenre de la<br \/>\npersonne est bien permanent<\/em> \u00bb. Et en Belgique,<br \/>\nle changement d\u2019\u00e9tat civil est d\u00e9judiciaris\u00e9,<br \/>\net confi\u00e9 au maire.<\/p>\n<p>Autre bouleversement : la question du passeport.<br \/>\nDepuis septembre dernier, l\u2019Australie permet d\u2019y<br \/>\nfaire figurer le genre de son choix. Et pour ceux qui<br \/>\nne veulent pas choisir, il est d\u00e9sormais possible<br \/>\nde cocher la case \u00ab x \u00bb. Le Canada examine en ce<br \/>\nmoment un texte qui permettra la m\u00eame \u00e9volution.<br \/>\nEt la France ? En grand retard, malgr\u00e9 le d\u00e9p\u00f4t<br \/>\nd\u2019une proposition de loi en d\u00e9cembre dernier par<br \/>\ndes d\u00e9put\u00e9s PS, s\u2019appuyant sur une r\u00e9solution<br \/>\ndu Conseil de l\u2019Europe qui veut supprimer<br \/>\nl\u2019obligation de st\u00e9rilisation, de conversion<br \/>\nsexuelle ou de th\u00e9rapie hormonale. Pour obtenir<br \/>\nun changement d\u2019\u00e9tat civil, les transsexuels<br \/>\nfran\u00e7ais sont toujours st\u00e9rilis\u00e9s chirurgicalement<br \/>\net de mani\u00e8re irr\u00e9versible, doivent passer des<br \/>\ntests psychiatriques et attendre ensuite entre un<br \/>\nan et un an et demi la d\u00e9cision du tribunal.<div id='gallery-1' class='gallery galleryid-5483 gallery-columns-3 gallery-size-thumbnail'><figure class='gallery-item'>\n\t\t\t<div class='gallery-icon landscape'>\n\t\t\t\t<a href='https:\/\/archives.regards.fr\/wp-content\/uploads\/2012\/07\/transs-64d.jpg'><img loading=\"lazy\" decoding=\"async\" width=\"150\" height=\"150\" src=\"https:\/\/archives.regards.fr\/wp-content\/uploads\/2012\/07\/transs-64d-150x150.jpg\" class=\"attachment-thumbnail size-thumbnail\" alt=\"Petit tour du monde des droits des transsexuels\" aria-describedby=\"gallery-1-16493\" \/><\/a>\n\t\t\t<\/div>\n\t\t\t\t<figcaption class='wp-caption-text gallery-caption' id='gallery-1-16493'>\n\t\t\t\tPetit tour du monde des droits des transsexuels\n\t\t\t\t<\/figcaption><\/figure><figure class='gallery-item'>\n\t\t\t<div class='gallery-icon landscape'>\n\t\t\t\t<a href='https:\/\/archives.regards.fr\/wp-content\/uploads\/2012\/07\/transb-395.jpg'><img loading=\"lazy\" decoding=\"async\" width=\"150\" height=\"122\" src=\"https:\/\/archives.regards.fr\/wp-content\/uploads\/2012\/07\/transb-395-150x122.jpg\" class=\"attachment-thumbnail size-thumbnail\" alt=\"Petit tour du monde des droits des transsexuels\" aria-describedby=\"gallery-1-16494\" \/><\/a>\n\t\t\t<\/div>\n\t\t\t\t<figcaption class='wp-caption-text gallery-caption' id='gallery-1-16494'>\n\t\t\t\tPetit tour du monde des droits des transsexuels\n\t\t\t\t<\/figcaption><\/figure><figure class='gallery-item'>\n\t\t\t<div class='gallery-icon landscape'>\n\t\t\t\t<a href='https:\/\/archives.regards.fr\/wp-content\/uploads\/2012\/07\/transc-043.jpg'><img loading=\"lazy\" decoding=\"async\" width=\"80\" height=\"55\" src=\"https:\/\/archives.regards.fr\/wp-content\/uploads\/2012\/07\/transc-043.jpg\" class=\"attachment-thumbnail size-thumbnail\" alt=\"Petit tour du monde des droits des transsexuels\" aria-describedby=\"gallery-1-16495\" \/><\/a>\n\t\t\t<\/div>\n\t\t\t\t<figcaption class='wp-caption-text gallery-caption' id='gallery-1-16495'>\n\t\t\t\tPetit tour du monde des droits des transsexuels\n\t\t\t\t<\/figcaption><\/figure><figure class='gallery-item'>\n\t\t\t<div class='gallery-icon landscape'>\n\t\t\t\t<a href='https:\/\/archives.regards.fr\/wp-content\/uploads\/2012\/07\/trans-cf1.jpg'><img loading=\"lazy\" decoding=\"async\" width=\"150\" height=\"150\" src=\"https:\/\/archives.regards.fr\/wp-content\/uploads\/2012\/07\/trans-cf1-150x150.jpg\" class=\"attachment-thumbnail size-thumbnail\" alt=\"trans.jpg\" \/><\/a>\n\t\t\t<\/div><\/figure>\n\t\t<\/div>\n<\/p>\n","protected":false},"excerpt":{"rendered":"<p>L&#8217;annonce a fait l\u2019effet d\u2019une bombe, tant elle provoque une avanc\u00e9e des droits des transsexuels : en Argentine, depuis une d\u00e9cision du S\u00e9nat prise en mai, ceux-ci pourront choisir le sexe auquel ils estiment appartenir et le d\u00e9clarer \u00e0 l\u2019administration. L\u2019Argentine n\u2019est pas isol\u00e9e : son voisin uruguayen avait, avant elle, d\u00e9j\u00e0 vot\u00e9 une loi [&hellip;]<\/p>\n","protected":false},"author":1,"featured_media":16493,"comment_status":"open","ping_status":"open","sticky":false,"template":"","format":"standard","meta":{"_themeisle_gutenberg_block_has_review":false,"footnotes":""},"categories":[141],"tags":[395,380],"class_list":["post-5483","post","type-post","status-publish","format-standard","has-post-thumbnail","hentry","category-archives-web","tag-droits","tag-sexualite"],"_links":{"self":[{"href":"https:\/\/archives.regards.fr\/index.php?rest_route=\/wp\/v2\/posts\/5483","targetHints":{"allow":["GET"]}}],"collection":[{"href":"https:\/\/archives.regards.fr\/index.php?rest_route=\/wp\/v2\/posts"}],"about":[{"href":"https:\/\/archives.regards.fr\/index.php?rest_route=\/wp\/v2\/types\/post"}],"author":[{"embeddable":true,"href":"https:\/\/archives.regards.fr\/index.php?rest_route=\/wp\/v2\/users\/1"}],"replies":[{"embeddable":true,"href":"https:\/\/archives.regards.fr\/index.php?rest_route=%2Fwp%2Fv2%2Fcomments&post=5483"}],"version-history":[{"count":0,"href":"https:\/\/archives.regards.fr\/index.php?rest_route=\/wp\/v2\/posts\/5483\/revisions"}],"wp:featuredmedia":[{"embeddable":true,"href":"https:\/\/archives.regards.fr\/index.php?rest_route=\/wp\/v2\/media\/16493"}],"wp:attachment":[{"href":"https:\/\/archives.regards.fr\/index.php?rest_route=%2Fwp%2Fv2%2Fmedia&parent=5483"}],"wp:term":[{"taxonomy":"category","embeddable":true,"href":"https:\/\/archives.regards.fr\/index.php?rest_route=%2Fwp%2Fv2%2Fcategories&post=5483"},{"taxonomy":"post_tag","embeddable":true,"href":"https:\/\/archives.regards.fr\/index.php?rest_route=%2Fwp%2Fv2%2Ftags&post=5483"}],"curies":[{"name":"wp","href":"https:\/\/api.w.org\/{rel}","templated":true}]}}