{"id":5469,"date":"2012-07-06T07:00:00","date_gmt":"2012-07-06T05:00:00","guid":{"rendered":"https:\/\/wp.muchomaas.com\/le-poison-et-l-antidote5469\/"},"modified":"2023-06-23T23:11:40","modified_gmt":"2023-06-23T21:11:40","slug":"le-poison-et-l-antidote5469","status":"publish","type":"post","link":"https:\/\/archives.regards.fr\/?p=5469","title":{"rendered":"Le poison et l&#8217;antidote"},"content":{"rendered":"<p class=\"post_excerpt\">Lorsque nous avons r\u00e9uni en<br \/>\nmars dernier Dominique<br \/>\nVidal et Julien Salingue<br \/>\npour <a href=\"article5452.html\">une controverse<\/a> sur le<br \/>\nboycott d\u2019Isra\u00ebl, la trag\u00e9die de<br \/>\nToulouse et Montauban venait d\u2019avoir<br \/>\nlieu. \u00ab L\u2019affaire Mohamed Merah \u00bb et ce<br \/>\nqu\u2019elle a r\u00e9v\u00e9l\u00e9 ont bien \u00e9t\u00e9 \u00e9voqu\u00e9s au<br \/>\ncours de la discussion mais, faute de<br \/>\nplace et pour une question d\u2019angle, cela<br \/>\nn\u2019a pu trouver place dans la version<br \/>\nfinale de la controverse. Dominique<br \/>\nVidal souhaitait donc revenir plus<br \/>\nlonguement, au-del\u00e0 des \u00e9v\u00e9nements de<br \/>\nToulouse, sur le risque que repr\u00e9sente le<br \/>\nsursaut du racisme observ\u00e9 ces derniers<br \/>\ntemps en France et en Europe. Voici la<br \/>\ntribune qu\u2019il nous a propos\u00e9e.<\/p>\n<p>Nul ne le nie : le sursaut du racisme \u2013 qu\u2019il<br \/>\nsoit antis\u00e9mite, islamophobe ou vise d\u2019autres<br \/>\ncat\u00e9gories, \u00e0 commencer par les Roms \u2013<br \/>\nrepr\u00e9sente un risque d\u00e9sormais majeur.<br \/>\n\u00c9vidence, dira-t-on. Mais en avons-nous pris<br \/>\nla pleine mesure ? Les drames de Toulouse<br \/>\net de Montauban, en mars, ont pourtant tir\u00e9<br \/>\nun premier et terrible signal d\u2019alarme. Certes,<br \/>\nnombre de questions pos\u00e9es par cette horreur<br \/>\ndemeurent sans r\u00e9ponse, \u00e0 commencer par le<br \/>\ncomportement du service de renseignements<br \/>\ncharg\u00e9 de la surveillance des terroristes<br \/>\nen g\u00e9n\u00e9ral, puis des services de police qui<br \/>\ndevaient s\u2019emparer de celui-l\u00e0 vivant. Reste<br \/>\nque l\u2019assassinat, de sang-froid, de trois soldats<br \/>\nd\u2019origine arabe, puis de trois enfants juifs et de<br \/>\nleur professeur n\u2019a pas de pr\u00e9c\u00e9dent en France.<br \/>\nEt, si Mohammed Merah a fait moins de victimes<br \/>\nqu\u2019Anders Breivik, leur \u00ab folie \u00bb comporte<br \/>\nune dimension psychologique et id\u00e9ologique<br \/>\ncommune : le sentiment d\u2019avoir le droit,<br \/>\nvoire le devoir, de tuer un ennemi<br \/>\npr\u00e9alablement d\u00e9shumanis\u00e9\u2026<\/p>\n<p>Second signal d\u2019alarme : le score de Marine<br \/>\nLe Pen le 22 avril, au premier tour de l\u2019\u00e9lection<br \/>\npr\u00e9sidentielle \u2013 auquel il faudrait ajouter celui,<br \/>\nau second tour, le 6 mai, d\u2019un Sarkozy largement<br \/>\nlepenis\u00e9. Si la pr\u00e9sidente du Front national,<br \/>\navec 17,9 %, n\u2019a pas \u00e9gal\u00e9 en pourcentage le<br \/>\nr\u00e9sultat cumul\u00e9 de son p\u00e8re et de Bruno M\u00e9gret<br \/>\nen 2002 (19,2 %), elle a obtenu 950 000 voix<br \/>\nde plus qu\u2019eux. Et les sondages indiquent qu\u2019en<br \/>\npourcentage des suffrages exprim\u00e9s, elle a<br \/>\natteint 33 % parmi les ouvriers, 23 % chez les<br \/>\nemploy\u00e9s, 23 % des moins de 35 ans et\u2026<br \/>\n30 % des non titulaires du baccalaur\u00e9at \u2013 sans<br \/>\noublier sa pouss\u00e9e dans les zones p\u00e9riurbaines,<br \/>\no\u00f9 la sp\u00e9culation immobili\u00e8re a chass\u00e9 les<br \/>\ncouches populaires. Bref, le FN a r\u00e9ussi une nouvelle perc\u00e9e dans l\u2019\u00e9lectorat populaire,<br \/>\ngr\u00e2ce au \u00ab cocktail \u00bb mortif\u00e8re m\u00ealant \u2013 comme<br \/>\nhier Jacques Doriot ou Marcel D\u00e9at [[Jacques Doriot (ex-communiste) a cr\u00e9\u00e9 le Parti<br \/>\npopulaire fran\u00e7ais, devenu collaborationniste, comme<br \/>\nle Rassemblement national populaire de l\u2019ex-socialiste<br \/>\nMarcel D\u00e9at.]] \u2013 discours<br \/>\nislamophobe, nationaliste et populiste.<\/p>\n<p>Je vois un troisi\u00e8me signal d\u2019alarme dans la<br \/>\ncampagne ignoble lanc\u00e9e, fin mai, par \u00c9ric<br \/>\nZemmour contre la nouvelle ministre de la<br \/>\nJustice. \u00ab <em>En quelques jours<\/em>, a dit ce r\u00e9cidiviste<br \/>\ndes d\u00e9rapages racistes, <em>Taubira a choisi ses<br \/>\nvictimes, ses bourreaux. Les femmes, les<br \/>\njeunes des banlieues, sont dans le bon camp \u00e0<br \/>\nprot\u00e9ger, les hommes blancs dans le mauvais.<br \/>\nApr\u00e8s tout, les femmes votent majoritairement<br \/>\n\u00e0 gauche depuis 1981, et dans les banlieues,<br \/>\nHollande a r\u00e9alis\u00e9 des scores de dictateur<br \/>\nafricain.<\/em> \u00bb Et de reprocher \u00e0 la garde des sceaux<br \/>\nde se montrer \u00ab <em>douce et compatissante,<br \/>\ncompr\u00e9hensive<\/em> \u00bb, comme \u00ab <em>une maman, pour<br \/>\nses enfants, ces pauvres enfants qui volent,<br \/>\ntrafiquent, torturent, menacent, rackettent,<br \/>\nviolentent, tuent aussi parfois<\/em> \u00bb. Esp\u00e9rons que<br \/>\nRTL a vraiment d\u00e9cid\u00e9 de se d\u00e9barrasser d\u2019un<br \/>\nchroniqueur qui fait honte \u00e0 notre profession.<br \/>\nMais qui \u00ab licenciera \u00bb les hommes politiques,<br \/>\nJean-Fran\u00e7ois Copp\u00e9 en t\u00eate, qui ont apport\u00e9<br \/>\nleur pierre \u00e0 cette campagne ignoble ?<\/p>\n<h2>La th\u00e8se du continum<\/h2>\n<p>Ces trois exemples le montrent : tout se passe comme si les digues construites depuis la<br \/>\nSeconde Guerre mondiale c\u00e9daient, laissant<br \/>\nd\u00e9sormais s\u2019exprimer sans complexe la haine<br \/>\nde l\u2019Autre, en paroles et en actes. L\u2019ann\u00e9e<br \/>\n2012 restera, de ce point de vue, comme celle<br \/>\nde la lib\u00e9ration de la parole raciste. Voil\u00e0 qui<br \/>\nconstitue un d\u00e9fi pour tous les citoyens, au-del\u00e0<br \/>\nde leurs sensibilit\u00e9s id\u00e9ologiques, religieuses<br \/>\net politiques. Que la droite ait beaucoup plus<br \/>\n\u00e0 se reprocher que la gauche me semble clair.<br \/>\nMais c\u2019est cette derni\u00e8re, o\u00f9 je me suis toujours<br \/>\nsitu\u00e9, que je voudrais \u00e9voquer maintenant.<\/p>\n<p>Certains, qui s\u2019en r\u00e9clament pourtant, nous<br \/>\nreprochaient il y a quelques ann\u00e9es d\u2019avoir<br \/>\n\u00ab invent\u00e9 \u00bb l\u2019islamophobie [[Lire Abdellali Hajjat et Marwan Mohammed :<br \/>\n<a href=\"http:\/\/islamophobie.hypotheses.org\/193\">http:\/\/islamophobie.hypotheses.org\/193<\/a>.]]. Sauf \u00e0 fermer les<br \/>\nyeux et \u00e0 se boucher les oreilles, comment nier<br \/>\nla r\u00e9alit\u00e9 de cette nouvelle forme de racisme<br \/>\nqui unit, dans leur diversit\u00e9, toutes les familles<br \/>\nde l\u2019extr\u00eame droite europ\u00e9enne et, au-del\u00e0, une<br \/>\nbonne partie de la droite traditionnelle ? Qui<br \/>\naurait cru que, dans la France du xxie si\u00e8cle,<br \/>\non s\u2019interrogerait deux semaines durant pour<br \/>\nsavoir si la viande, dans nos assiettes, est hallal,<br \/>\ncasher ou \u00ab normale \u00bb ? Et comment ne pas<br \/>\nle reconna\u00eetre : une certaine \u00ab religion \u00bb de la<br \/>\nla\u00efcit\u00e9, qui n\u2019a plus rien \u00e0 voir avec la d\u00e9fense<br \/>\nn\u00e9cessaire de l\u2019ind\u00e9pendance r\u00e9ciproque de<br \/>\nl\u2019\u00c9tat et des religions, a fait le lit de la haine des<br \/>\nmusulmans et donc du FN.<\/p>\n<p>De m\u00eame, au nom de la solidarit\u00e9 avec le<br \/>\npeuple palestinien, certains \u2013 par souci de<br \/>\n\u00ab radicalit\u00e9 \u00bb ou de peur d\u2019affronter les partisans<br \/>\nautoproclam\u00e9s de cette derni\u00e8re \u2013 font preuve<br \/>\nde complaisance vis-\u00e0-vis de l\u2019expression,<br \/>\nouverte ou masqu\u00e9e, de propos antis\u00e9mites,<br \/>\nvoire n\u00e9gationnistes. Si ceux qui les tiennent<br \/>\nsont tr\u00e8s peu nombreux, Internet et Facebook<br \/>\nd\u00e9multiplient leurs d\u00e9rapages, \u00e0 m\u00eame de<br \/>\ns\u00e9duire des jeunes d\u00e9sinform\u00e9s fascin\u00e9s par<br \/>\nla \u00ab complottite \u00bb. J\u2019en veux pour derni\u00e8re<br \/>\npreuve le \u00ab livre \u00bb de Gilad Atzmon, <em>La Parabole<br \/>\nd\u2019Esther, anatomie du peuple \u00e9lu<\/em>, dont j\u2019ai<br \/>\npubli\u00e9 sur le site <em><a href=\"http:\/\/blogs.mediapart.fr\/blog\/dominique-vidal\/110412\/les-protocoles-de-gilad-atzmon\">Mediapart<\/a><\/em> de longs extraits qui<br \/>\nne laissent aucun doute quant \u00e0 ses options.<br \/>\nAu point, d\u2019ailleurs, que nombre d\u2019intellectuels<br \/>\npalestiniens ont d\u00e9nonc\u00e9 \u00ab le racisme et<br \/>\nl\u2019antis\u00e9mitisme \u00bb de son auteur [[Cf. <a href=\"http:\/\/uspcn.org\/2012\/03\/13\/granting-no-quarter-a-call-for-the-disavowal-of-the-racism-and-antisemitism-of-gilad-atzmon\/\">http:\/\/uspcn.org\/2012\/03\/13\/granting-no-quarter-a-call-for-the-disavowal-of-the-racism-and-antisemitism-of-gilad-atzmon\/<\/a>.]].<\/p>\n<p>Atzmon reprend aussi \u00e0 son compte une<br \/>\nth\u00e8se particuli\u00e8rement perverse : selon lui, \u00ab <em>le<br \/>\nvol interminable de la Palestine au nom du<br \/>\npeuple juif fait partie d\u2019un continuum spirituel,<br \/>\nid\u00e9ologique culturel et pratique entre la Bible,<br \/>\nl\u2019id\u00e9ologie sioniste et l\u2019\u00c9tat d\u2019Isra\u00ebl sans oublier<br \/>\nses z\u00e9lotes d\u2019outremer<\/em> \u00bb. Cette analyse est<br \/>\naussi fausse que dangereuse :<br \/>\n&#8211; fausse, car quiconque conna\u00eet l\u2019histoire du<br \/>\nmouvement sioniste sait que celui-ci s\u2019est construit contre la religion, qu\u2019il accusait de<br \/>\npousser les Juifs \u00e0 accepter les discriminations<br \/>\net les pers\u00e9cutions et de s\u2019opposer \u00e0 leur<br \/>\nrassemblement dans un \u00c9tat qui leur soit<br \/>\npropre. Les dirigeants religieux orthodoxes<br \/>\nse sont en effet longtemps oppos\u00e9s au<br \/>\nmouvement sioniste, consid\u00e9rant que seule la<br \/>\nvenue du Messie permettrait l\u2019\u00e9tablissement<br \/>\nd\u2019un \u00c9tat juif \u2013 un groupe comme Netourei<br \/>\nKarta continue d\u2019ailleurs \u00e0 ne pas reconna\u00eetre<br \/>\nce dernier. \u00c0 l\u2019inverse, ce n\u2019est pas un hasard<br \/>\nsi, de Theodor Herzl \u00e0 Benyamin Netanyahou,<br \/>\nen passant par David Ben Gourion et Itzhak<br \/>\nRabin, la plupart des penseurs et dirigeants<br \/>\nsionistes n\u2019\u00e9taient pas religieux, voire m\u00eame<br \/>\nse d\u00e9claraient agnostiques ou ath\u00e9es. Cette<br \/>\ncontradiction originelle n\u2019a \u00e9videmment<br \/>\nemp\u00each\u00e9 ni le mouvement sioniste de puiser<br \/>\ndes arguments dans l\u2019Ancien Testament ni les<br \/>\npartis ultra-orthodoxes de faire pression sur<br \/>\nles gouvernements successifs pour que l\u2019\u00c9tat<br \/>\nd\u2019Isra\u00ebl fasse siennes les lois religieuses et<br \/>\nfinance leur r\u00e9seau d\u2019enseignement ;<br \/>\n&#8211; dangereuse, car, si on en prolonge la logique,<br \/>\nil faudrait, pour qu\u2019advienne une v\u00e9ritable paix,<br \/>\nque les Juifs renoncent \u00e0 la Torah ou la modifient<br \/>\nradicalement. \u00ab Nos \u00bb islamophobes utilisent le<br \/>\nm\u00eame argument : il n\u2019y aurait rien \u00e0 faire avec<br \/>\nles musulmans tant qu\u2019ils conservent le Coran<br \/>\n\u2013 le dirigeant d\u2019extr\u00eame droite Gert Wilders, aux<br \/>\nPays-Bas, propose m\u00eame d\u2019interdire purement<br \/>\net simplement ce dernier ! Tant qu\u2019on y est,<br \/>\non devrait aussi demander aux chr\u00e9tiens de<br \/>\ncorriger le Nouveau Testament.<\/p>\n<p>Autant dire que la th\u00e8se du \u00ab continuum \u00bb<br \/>\nreporte aux calendes toute solution du conflit<br \/>\nisra\u00e9lo-palestinien. Or celui-ci n\u2019est pas<br \/>\nessentiellement religieux, a fortiori ethnique : il<br \/>\nest politique. Il porte \u2013 qu\u2019on pr\u00f4ne pour l\u2019avenir<br \/>\nun ou deux \u00c9tats \u2013 sur la restitution de territoires,<br \/>\nla fixation de fronti\u00e8res, le d\u00e9mant\u00e8lement des<br \/>\ncolonies, le partage d\u2019une capitale, la ma\u00eetrise<br \/>\nde l\u2019eau, le droit au retour des r\u00e9fugi\u00e9s, etc.<br \/>\nParadoxalement, sa dimension religieuse est la<br \/>\nplus facile \u00e0 r\u00e9soudre : il suffit d\u2019internationaliser<br \/>\nJ\u00e9rusalem et les Lieux saints et d\u2019en assurer le<br \/>\nlibre acc\u00e8s aux fid\u00e8les \u2013 et infid\u00e8les \u2013 des trois<br \/>\nreligions monoth\u00e9istes.<\/p>\n<p>On le voit : quelle qu\u2019en soit la cible, le racisme<br \/>\nconstitue plus que jamais un poison mortel pour<br \/>\nla bataille en faveur d\u2019une paix juste au Proche-<br \/>\nOrient comme pour l\u2019avenir du mouvement<br \/>\nd\u00e9mocratique en France. Et il n\u2019est pas d\u2019autre<br \/>\nantidote que le combat r\u00e9solu \u2013 politique,<br \/>\nid\u00e9ologique et si n\u00e9cessaire juridique \u2013 contre<br \/>\nlui. Le \u00ab plus jamais \u00e7a ! \u00bb de nos a\u00een\u00e9s n\u2019a de<br \/>\nsens qu\u2019accompagn\u00e9 de la mise en garde de<br \/>\nBertolt Brecht \u00e0 la fin d\u2019Arturo Ui : \u00ab <em>Le ventre est<br \/>\nencore f\u00e9cond d\u2019o\u00f9 a surgi la b\u00eate immonde<\/em>. \u00bb<div id='gallery-1' class='gallery galleryid-5469 gallery-columns-3 gallery-size-thumbnail'><figure class='gallery-item'>\n\t\t\t<div class='gallery-icon landscape'>\n\t\t\t\t<a href='https:\/\/archives.regards.fr\/wp-content\/uploads\/2012\/07\/merahc-7a4.jpg'><img loading=\"lazy\" decoding=\"async\" width=\"80\" height=\"55\" src=\"https:\/\/archives.regards.fr\/wp-content\/uploads\/2012\/07\/merahc-7a4.jpg\" class=\"attachment-thumbnail size-thumbnail\" alt=\"Le poison et l&#039;antidote\" aria-describedby=\"gallery-1-16450\" \/><\/a>\n\t\t\t<\/div>\n\t\t\t\t<figcaption class='wp-caption-text gallery-caption' id='gallery-1-16450'>\n\t\t\t\tLe poison et l&#8217;antidote\n\t\t\t\t<\/figcaption><\/figure>\n\t\t<\/div>\n<\/p>\n","protected":false},"excerpt":{"rendered":"<p>Lorsque nous avons r\u00e9uni en<br \/>\nmars dernier Dominique<br \/>\nVidal et Julien Salingue<br \/>\npour <a href=\"article5452.html\">une controverse<\/a> sur le<br \/>\nboycott d\u2019Isra\u00ebl, la trag\u00e9die de<br \/>\nToulouse et Montauban venait d\u2019avoir<br \/>\nlieu. \u00ab L\u2019affaire Mohamed Merah \u00bb et ce<br \/>\nqu\u2019elle a r\u00e9v\u00e9l\u00e9 ont bien \u00e9t\u00e9 \u00e9voqu\u00e9s au<br \/>\ncours de la discussion mais, faute de<br \/>\nplace et pour une question d\u2019angle, cela<br \/>\nn\u2019a pu trouver place dans la version<br \/>\nfinale de la controverse. Dominique<br \/>\nVidal souhaitait donc revenir plus<br \/>\nlonguement, au-del\u00e0 des \u00e9v\u00e9nements de<br \/>\nToulouse, sur le risque que repr\u00e9sente le<br \/>\nsursaut du racisme observ\u00e9 ces derniers<br \/>\ntemps en France et en Europe. Voici la<br \/>\ntribune qu\u2019il nous a propos\u00e9e.<\/p>\n","protected":false},"author":1,"featured_media":16450,"comment_status":"open","ping_status":"open","sticky":false,"template":"","format":"standard","meta":{"_themeisle_gutenberg_block_has_review":false,"footnotes":""},"categories":[1],"tags":[350],"class_list":["post-5469","post","type-post","status-publish","format-standard","has-post-thumbnail","hentry","category-non-classe","tag-racisme"],"_links":{"self":[{"href":"https:\/\/archives.regards.fr\/index.php?rest_route=\/wp\/v2\/posts\/5469","targetHints":{"allow":["GET"]}}],"collection":[{"href":"https:\/\/archives.regards.fr\/index.php?rest_route=\/wp\/v2\/posts"}],"about":[{"href":"https:\/\/archives.regards.fr\/index.php?rest_route=\/wp\/v2\/types\/post"}],"author":[{"embeddable":true,"href":"https:\/\/archives.regards.fr\/index.php?rest_route=\/wp\/v2\/users\/1"}],"replies":[{"embeddable":true,"href":"https:\/\/archives.regards.fr\/index.php?rest_route=%2Fwp%2Fv2%2Fcomments&post=5469"}],"version-history":[{"count":0,"href":"https:\/\/archives.regards.fr\/index.php?rest_route=\/wp\/v2\/posts\/5469\/revisions"}],"wp:featuredmedia":[{"embeddable":true,"href":"https:\/\/archives.regards.fr\/index.php?rest_route=\/wp\/v2\/media\/16450"}],"wp:attachment":[{"href":"https:\/\/archives.regards.fr\/index.php?rest_route=%2Fwp%2Fv2%2Fmedia&parent=5469"}],"wp:term":[{"taxonomy":"category","embeddable":true,"href":"https:\/\/archives.regards.fr\/index.php?rest_route=%2Fwp%2Fv2%2Fcategories&post=5469"},{"taxonomy":"post_tag","embeddable":true,"href":"https:\/\/archives.regards.fr\/index.php?rest_route=%2Fwp%2Fv2%2Ftags&post=5469"}],"curies":[{"name":"wp","href":"https:\/\/api.w.org\/{rel}","templated":true}]}}