{"id":5463,"date":"2012-07-15T07:00:00","date_gmt":"2012-07-15T05:00:00","guid":{"rendered":"https:\/\/wp.muchomaas.com\/syriza-a-un-role-historique-a5463\/"},"modified":"2023-06-23T23:11:38","modified_gmt":"2023-06-23T21:11:38","slug":"syriza-a-un-role-historique-a5463","status":"publish","type":"post","link":"https:\/\/archives.regards.fr\/?p=5463","title":{"rendered":"&#8220;Syriza a un r\u00f4le historique \u00e0 jouer&#8221;"},"content":{"rendered":"<p class=\"post_excerpt\">Syriza est devenu en quelques mois<br \/>\nune force incontournable du paysage<br \/>\npolitique grec. Si le parti d\u2019Alexis<br \/>\nTsipras a perdu de justesse face aux<br \/>\nconservateurs pro-aust\u00e9rit\u00e9 de Nouvelle<br \/>\nd\u00e9mocratie, il a bel et bien impos\u00e9 les<br \/>\nth\u00e8mes de campagne et redonn\u00e9 de la<br \/>\nvigueur \u00e0 la d\u00e9mocratie. Une perc\u00e9e<br \/>\nfulgurante pour ce qui est d\u00e9sormais<br \/>\nla force de gauche radicale la plus<br \/>\npuissante d\u2019Europe.<\/p>\n<p><strong>Regards.fr :<\/strong>  <em> <strong>Quels enseignements peut-on tirer du<br \/>\nr\u00e9sultat du 17 juin ?<\/strong> <\/em><\/p>\n<p><strong>Stathis Kouvelakis :<\/strong> Ce scrutin s\u2019est d\u00e9roul\u00e9<br \/>\ndans un climat de polarisation extr\u00eame, jamais<br \/>\nvu en Gr\u00e8ce depuis la chute du r\u00e9gime des<br \/>\ncolonels. Les m\u00e9dias et la droite ont entretenu<br \/>\nune ambiance hyst\u00e9rique, brandissant \u00e0<br \/>\nlongueur de journ\u00e9e le spectre du chaos, de<br \/>\nl\u2019expulsion de la zone euro et des fantasmes<br \/>\nclassiques associ\u00e9s \u00e0 l\u2019arriv\u00e9e des \u00ab rouges \u00bb<br \/>\nau pouvoir. Cette polarisation s\u2019est traduite<br \/>\ndans la bipolarisation entre la Nouvelle<br \/>\nd\u00e9mocratie (ND) et Syriza, qui recoupe tr\u00e8s<br \/>\nlargement un clivage de classe. Dans les<br \/>\nquartiers de classes moyennes et ais\u00e9es, et<br \/>\nles aires conservatrices des provinces, ND<br \/>\narrive largement en t\u00eate, et appara\u00eet comme le<br \/>\nv\u00e9ritable \u00ab parti de l\u2019ordre \u00bb, celui qui peut faire<br \/>\nbarrage \u00e0 la gauche radicale. Dans les quartiers<br \/>\npopulaires et les provinces aux traditions de<br \/>\ngauche, Syriza poursuit la perc\u00e9e entam\u00e9e<br \/>\nen mai. Dans les zones ouvri\u00e8res des grandes<br \/>\nvilles, il approche les 40 % des suffrages,<br \/>\nlamine le KKE (parti communiste grec) et<br \/>\nconfirme le basculement \u00e0 gauche du noyau dur<br \/>\nde l\u2019\u00e9lectorat populaire du PASOK. Par ailleurs,<br \/>\nSyriza vient largement en t\u00eate dans toutes<br \/>\nclasses d\u2019\u00e2ge de moins de 55 ans et parmi<br \/>\nles dipl\u00f4m\u00e9s de l\u2019enseignement sup\u00e9rieur.<br \/>\nLa dimension qualitative de cette dynamique<br \/>\n\u00e9lectorale est vraiment impressionnante et on<br \/>\npeut dire sans aucune exag\u00e9ration qu\u2019elle est<br \/>\nporteuse d\u2019une perspective de victoire.<\/p>\n<p><em> <strong>Pourquoi malgr\u00e9 cela les partis proaust\u00e9rit\u00e9<br \/>\nont pu r\u00e9sister ?<\/strong> <\/em> <\/p>\n<p>En fait, seule la ND a<br \/>\nrelativement r\u00e9sist\u00e9, et encore elle a obtenu<br \/>\nle score le plus mauvais de toute son histoire,<br \/>\n\u00e0 l\u2019exception de celui de mai dernier. Le<br \/>\nPASOK a encore recul\u00e9, il n\u2019exprime qu\u2019un<br \/>\n\u00e9lectorat r\u00e9siduel, en g\u00e9n\u00e9ral \u00e2g\u00e9, rural ou li\u00e9<br \/>\n\u00e0 l\u2019ancien syst\u00e8me de corruption client\u00e9liste.<br \/>\nLa droite a r\u00e9sist\u00e9 en se radicalisant \u00e0 droite<br \/>\net en misant exclusivement sur les r\u00e9flexes<br \/>\nde peur, le rejet de Syriza et la carte raciste<br \/>\net s\u00e9curitaire. Cette strat\u00e9gie a fortement<br \/>\nb\u00e9n\u00e9fici\u00e9 de l\u2019ing\u00e9rence insistante, et, \u00e0 ma<br \/>\nconnaissance sans pr\u00e9c\u00e9dent historique, des<br \/>\ndirigeants europ\u00e9ens, Merkel et Hollande en<br \/>\nt\u00eate, qui ont ouvertement appel\u00e9 les \u00e9lecteurs<br \/>\ngrecs \u00e0 ne pas voter pour des partis remettant en cause les m\u00e9morandums et laissant planer<br \/>\ndes menaces \u00e0 peine voil\u00e9es de repr\u00e9sailles en<br \/>\ncas de victoire de Syriza.<\/p>\n<p><em> <strong>Comment un parti qui pesait il y a<br \/>\npeu 5 % des suffrages est devenu,<br \/>\nmalgr\u00e9 son \u00e9chec du 17 juin, une<br \/>\nforce incontournable dans le paysage<br \/>\npolitique grec ?<\/strong> <\/em><\/p>\n<p>Derri\u00e8re la dynamique de<br \/>\nSyriza il y a d\u2019abord l\u2019exp\u00e9rience d\u2019une soci\u00e9t\u00e9<br \/>\nen effervescence. L\u2019effondrement du bipartisme<br \/>\ntraditionnel, structur\u00e9 autour du Pasok et de<br \/>\nla Nouvelle d\u00e9mocratie, \u00e9tait pr\u00e9visible dans<br \/>\nce contexte de th\u00e9rapie n\u00e9olib\u00e9rale de choc.<br \/>\nMais le fait que cela se fasse au b\u00e9n\u00e9fice de<br \/>\nla gauche radicale renvoie au niveau atteint<br \/>\npar un mouvement populaire sans pr\u00e9c\u00e9dent<br \/>\ndans l\u2019histoire europ\u00e9enne depuis les ann\u00e9es<br \/>\n1970. La soci\u00e9t\u00e9 grecque s\u2019est mise en<br \/>\nmouvement de mani\u00e8re tr\u00e8s diverse : les dixsept<br \/>\nmouvements de gr\u00e8ve g\u00e9n\u00e9rale qui se sont<br \/>\nsucc\u00e9d\u00e9 depuis mai 2010, l\u2019occupation des<br \/>\nplaces du printemps dernier, les innombrables<br \/>\nmanifestations, initiatives de d\u00e9sob\u00e9issance<br \/>\ncivile et actions collectives et locales\u2026<br \/>\nCette diversit\u00e9 des engagements a tir\u00e9 de la<br \/>\npassivit\u00e9 et de la r\u00e9signation des pans entiers<br \/>\nde la soci\u00e9t\u00e9 et pr\u00e9par\u00e9 le terrain pour leur<br \/>\nbasculement \u00e0 gauche. D\u2019une certaine fa\u00e7on, le<br \/>\npeuple a tranch\u00e9 en r\u00e9compensant de mani\u00e8re<br \/>\nmassive la force de la gauche radicale porteuse<br \/>\nd\u2019une solution unitaire et cr\u00e9dible.<\/p>\n<p><em> <strong>Pour autant, ces mouvements qui ont<br \/>\nentra\u00een\u00e9 des millions de personnes dans<br \/>\ntoutes sortes d\u2019actions n\u2019ont jusqu\u2019\u00e0<br \/>\npr\u00e9sent pas \u00e9t\u00e9 en mesure de remporter<br \/>\nune victoire, m\u00eame partielle.<\/strong> <\/em><\/p>\n<p>C\u2019est justement cette<br \/>\nincapacit\u00e9 qui explique l\u2019\u00e9mergence et la<br \/>\ndynamique de Syriza. Malgr\u00e9 l\u2019ampleur des<br \/>\nmobilisations, aucune mesure pr\u00e9vue par<br \/>\nle m\u00e9morandum n\u2019a \u00e9t\u00e9 retir\u00e9e. Ainsi, apr\u00e8s<br \/>\nchaque pic du mouvement la m\u00eame question<br \/>\nrevenait : que faut-il faire pour se d\u00e9barrasser<br \/>\ndes m\u00e9morandums et mettre fin au r\u00e9gime de<br \/>\nla Tro\u00efka (UE, BCE, FMI) ? La n\u00e9cessit\u00e9 d\u2019une<br \/>\nalternative politique s\u2019est ainsi graduellement<br \/>\nimpos\u00e9e dans de tr\u00e8s larges secteurs de la<br \/>\nsoci\u00e9t\u00e9 grecque. Pour le dire autrement, les<br \/>\nluttes ont fait l\u2019exp\u00e9rience de leurs propres<br \/>\nlimites. D\u2019o\u00f9 l\u2019urgence de disposer d\u2019une<br \/>\nv\u00e9ritable alternative politique ici et maintenant,<br \/>\nsans attendre un mythique grand soir.<\/p>\n<p><em> <strong>Qu\u2019a offert Syriza que les autres<br \/>\nformations politiques n\u2019offraient pas ?<\/strong> <\/em><\/p>\n<p>D\u2019abord, la clart\u00e9. Syriza<br \/>\nse situe depuis longtemps dans une logique<br \/>\nde rupture avec toute alliance avec le Pasok<br \/>\net les solutions de centre gauche, y compris \u00e0<br \/>\nun niveau local ou syndical. Son opposition aux<br \/>\npolitiques du m\u00e9morandum a \u00e9t\u00e9 d\u2019embl\u00e9e claire<br \/>\net nette. Par ailleurs, Syriza a r\u00e9ussi \u00e0 articuler la<br \/>\nd\u00e9nonciation des programmes d\u2019aust\u00e9rit\u00e9 avec<br \/>\nune pr\u00e9sence dans les mouvements sociaux.<br \/>\nSon intervention s\u2019est situ\u00e9e en quelque sorte<br \/>\n\u00e0 la bonne distance de ces mouvements. Elle<br \/>\nen a respect\u00e9 l\u2019autonomie, tout en s\u2019effor\u00e7ant<br \/>\nd\u2019y contribuer et d\u2019ouvrir des perspectives<br \/>\npolitiques. De plus, contrairement au KKE,<br \/>\nSyriza a su se montrer sensible aux formes<br \/>\nin\u00e9dites et, au premier abord \u00ab antipolitiques \u00bb,<br \/>\nd\u2019action collective, notamment le mouvement<br \/>\ndes Places, ce que de mani\u00e8re erron\u00e9e l\u2019on<br \/>\na appel\u00e9 en France et ailleurs le mouvement<br \/>\ndes Indign\u00e9s. Enfin, \u00e9l\u00e9ment d\u00e9terminant pour<br \/>\nexpliquer son succ\u00e8s, Syriza, qui existe en tant<br \/>\nque coalition depuis 2004, avait d\u00e9j\u00e0 atteint<br \/>\nsuffisamment de visibilit\u00e9 et de pr\u00e9sence<br \/>\ninstitutionnelle pour \u00eatre cr\u00e9dible en tant que<br \/>\nforce capable de modifier le rapport de force<br \/>\nau niveau national. Ce positionnement n\u2019a toutefois pu porter ses fruits qu\u2019en avril, au<br \/>\ncours de la campagne \u00e9lectorale, gr\u00e2ce \u00e0 la<br \/>\nproposition d\u2019un gouvernement unitaire de<br \/>\ntoutes les forces de gauche anti-aust\u00e9rit\u00e9.<br \/>\nCela a \u00e9t\u00e9 le catalyseur, tout le monde a d\u00fb se<br \/>\npositionner par rapport \u00e0 cette id\u00e9e. L\u2019agenda<br \/>\nde la campagne a \u00e9t\u00e9 boulevers\u00e9 quand il<br \/>\nest apparu qu\u2019il \u00e9tait possible de battre le<br \/>\nbloc pro-m\u00e9morandum. Non seulement Syriza<br \/>\na gagn\u00e9 en cr\u00e9dibilit\u00e9 mais il est apparu<br \/>\ncomme le porteur naturel de cette dynamique<br \/>\ntandis que les forces de gauche qui ont<br \/>\nchoisi de se tenir \u00e0 l\u2019\u00e9cart, ou de la rejeter,<br \/>\ncomme le KKE et l\u2019extr\u00eame gauche, ont \u00e9t\u00e9<br \/>\nsanctionn\u00e9es et marginalis\u00e9es.<\/p>\n<p><em> <strong>Que peut-on dire du contexte dans lequel<br \/>\nse d\u00e9veloppe Syriza ?<\/strong> <\/em><\/p>\n<p>C\u2019est l\u00e0 un aspect<br \/>\nfondamental. Car la crise politique en Gr\u00e8ce,<br \/>\nce n\u2019est pas \u00ab seulement \u00bb l\u2019expression<br \/>\nd\u2019un n\u00e9olib\u00e9ralisme d\u00e9truisant tout sur son<br \/>\nchemin. C\u2019est aussi, et peut-\u00eatre surtout, une<br \/>\nforme aggrav\u00e9e de d\u00e9possession des droits<br \/>\nd\u00e9mocratiques les plus \u00e9l\u00e9mentaires. Le pays<br \/>\nest litt\u00e9ralement plac\u00e9 sous tutelle et chacun est<br \/>\nconscient que les d\u00e9cisions ne sont plus prises<br \/>\nen Gr\u00e8ce. C\u2019est le droit du peuple \u00e0 disposer<br \/>\nde son sort qui est ni\u00e9. Il en r\u00e9sulte un sentiment<br \/>\nquasi-unanime d\u2019humiliation collective, de<br \/>\ntransformation du pays en protectorat des<br \/>\npuissances europ\u00e9ennes dominantes. C\u2019est l\u00e0<br \/>\nencore que le mouvement des Places a jou\u00e9<br \/>\nun r\u00f4le fondamental en pla\u00e7ant la question<br \/>\nd\u00e9mocratique au centre. Cela explique la<br \/>\nsymbolique nationale du mouvement, parfois<br \/>\ninterpr\u00e9t\u00e9e, \u00e0 tort, comme une dimension<br \/>\nnationaliste. La pr\u00e9sence massive du drapeau<br \/>\ngrec dans les places occup\u00e9es \u00e9tait une<br \/>\nmani\u00e8re de redonner symboliquement sa<br \/>\nsouverainet\u00e9 au peuple, le signe n\u00e9cessaire<br \/>\nd\u2019une r\u00e9appropriation d\u00e9mocratique, d\u2019une<br \/>\nfa\u00e7on finalement assez proche de ce que l\u2019on a<br \/>\nvu dans le \u00ab Printemps arabe \u00bb.<\/p>\n<p><em> <strong>Le traumatisme social et symbolique que<br \/>\nvous d\u00e9crivez est aussi un boulevard pour<br \/>\nl\u2019extr\u00eame droite\u2026<\/strong> <\/em><\/p>\n<p>Oui, et Aube dor\u00e9e, un parti<br \/>\nouvertement n\u00e9o-nazi tant dans son discours que<br \/>\ndans ses pratiques violentes, en tire profit. Mais<br \/>\nla gauche radicale est loin devant parce qu\u2019elle<br \/>\noccupe le terrain des mobilisations populaires.<br \/>\nLe peuple s\u2019est mis en lutte et n\u2019a pas seulement<br \/>\neu le sentiment de subir. C\u2019est une posture qui est<br \/>\naux antipodes du repli et de la haine de l\u2019immigr\u00e9<br \/>\net du \u00ab rouge \u00bb que propage l\u2019extr\u00eame droite,<br \/>\nrelay\u00e9e maintenant par la droite traditionnelle et<br \/>\nm\u00eame par des secteurs du PASOK. La mont\u00e9e<br \/>\net la stabilisation \u00e0 un niveau significatif d\u2019une<br \/>\nformation aussi radicale qu\u2019Aube Dor\u00e9e, et<br \/>\ndont les pratiques sont apparues au grand jour<br \/>\ndepuis son entr\u00e9e au parlement en mai dernier,<br \/>\nne doit en aucun cas \u00eatre sous-estim\u00e9e. Elle<br \/>\nr\u00e9v\u00e8le l\u2019ampleur et la violence que suscitent le<br \/>\nd\u00e9sespoir et la d\u00e9vastation sociale, la perte de<br \/>\ntous les rep\u00e8res ant\u00e9rieurs, l\u2019effondrement de<br \/>\nl\u2019\u00c9tat et le sentiment subjectif de la perte de<br \/>\ntoute normalit\u00e9 dans la vie quotidienne. Comme<br \/>\nle disait Jean-Luc M\u00e9lenchon \u00e0 la t\u00e9l\u00e9vision face \u00e0 Marine Le Pen, \u00ab <em>\u00e0 la fin, on sait que \u00e7a se joue<br \/>\ntoujours entre vous et nous<\/em> \u00bb.<\/p>\n<p><em> <strong>L\u2019exp\u00e9rience de Syriza est-elle<br \/>\ncomparable \u00e0 celle d\u2019autres formations<br \/>\nde la gauche radicale en Europe ?<\/strong> <\/em><\/p>\n<p>C\u2019est l\u2019exp\u00e9rience du Front<br \/>\nde gauche qui me semble la plus proche de<br \/>\nSyriza. D\u2019abord, parce que, comme la Gr\u00e8ce,<br \/>\nla France a une longue tradition de radicalit\u00e9<br \/>\npolitique, longtemps port\u00e9e essentiellement<br \/>\npar le courant communiste, et qu\u2019elle a connu<br \/>\ndepuis 1995 des mobilisations sociales<br \/>\nsignificatives. Le point commun c\u2019est donc<br \/>\nl\u2019exp\u00e9rience concr\u00e8te de batailles sociales<br \/>\nimportantes qui font appara\u00eetre le besoin d\u2019un<br \/>\noutil politique nouveau adapt\u00e9 aux exigences<br \/>\nde la situation. En France, cette exigence est \u00e0<br \/>\nl\u2019ordre du jour depuis le r\u00e9f\u00e9rendum sur le TCE<br \/>\nde 2005. On s\u2019en souvient, des forces diverses<br \/>\nont essay\u00e9 d\u2019y r\u00e9pondre, sans succ\u00e8s dans un<br \/>\npremier temps. Ceux qui ont tent\u00e9 de le faire<br \/>\nsans s\u2019en donner r\u00e9ellement les moyens, je<br \/>\npense notamment au NPA, ont \u00e9t\u00e9 lourdement<br \/>\nsanctionn\u00e9s. En cr\u00e9ant un dispositif permettant<br \/>\naux principaux courants de la gauche<br \/>\nantilib\u00e9rale et anticapitaliste le Front de gauche<br \/>\na r\u00e9ussi son pari et a pu ainsi concr\u00e9tis\u00e9, en<br \/>\ndiff\u00e9r\u00e9, les exigences unitaires de 2005. On a<br \/>\nvu appara\u00eetre de fa\u00e7on flagrante ce cousinage<br \/>\nlors du r\u00e9cent passage d\u2019Alexis Tsipras \u00e0 Paris,<br \/>\nm\u00eame si le Front de gauche n\u2019en est pas au<br \/>\nm\u00eame stade de son d\u00e9veloppement. Mais<br \/>\nn\u2019oublions pas qu\u2019il n\u2019y a pas si longtemps,<br \/>\nSyriza \u00e9tait encore \u00e0 5 %.<\/p>\n<p><em> <strong>Pourquoi Alexis Tsipras ?<br \/>\n<\/strong> <\/em><\/p>\n<p>M\u00e9diatiquement efficace, on<br \/>\nl\u2019a d\u2019abord compar\u00e9 \u00e0 Olivier Besancenot. Mais<br \/>\nil a en r\u00e9alit\u00e9 quelque chose de fondamental<br \/>\nque l\u2019ancien leader du NPA n\u2019a jamais eu, c\u2019est<br \/>\nl\u2019ambition de combiner la dynamique majoritaire<br \/>\net la radicalit\u00e9. Pas seulement lutter et r\u00e9sister,<br \/>\nmais porter un espoir collectif et une possibilit\u00e9<br \/>\nconcr\u00e8te de victoire. C\u2019est l\u00e0 que Syriza est une<br \/>\nformation absolument innovante et montante :<br \/>\non a affaire \u00e0 une radicalit\u00e9 qui n\u2019est pas<br \/>\ncoup\u00e9e du pass\u00e9, des traditions du mouvement<br \/>\nouvrier et du marxisme, mais qui a su op\u00e9rer des<br \/>\nsynth\u00e8ses nouvelles pour se mettre en position<br \/>\nde comprendre les aspirations contemporaines.<\/p>\n<p><em> <strong>Quel avenir pour Syriza ?<br \/>\n<\/strong> <\/em><\/p>\n<p>D\u2019une certaine fa\u00e7on,<br \/>\nles choses n\u2019ont jamais \u00e9t\u00e9 aussi claires :<br \/>\nSyriza est l\u2019\u00e9pine dorsale du camp populaire<br \/>\nanti-m\u00e9morandum et anti-Tro\u00efka. En termes<br \/>\n\u00e9lectoraux, c\u2019est le parti de gauche radicale le<br \/>\nplus important, et de loin, d\u2019Europe, celui dont la<br \/>\nperc\u00e9e doit tout \u00e0 une bataille sociale et politique<br \/>\n\u00e2pre et de tr\u00e8s grande port\u00e9e. Pourtant l\u2019\u00e9cart<br \/>\nentre sa r\u00e9alit\u00e9 organisationnelle et militante et<br \/>\nson influence dans la soci\u00e9t\u00e9 est consid\u00e9rable.<br \/>\nSyriza devra s\u2019ouvrir, s\u2019\u00e9largir et innover pour<br \/>\nconstruire des liens durables avec les secteurs<br \/>\npopulaires et les mouvements sociaux s\u2019il<br \/>\nveut parvenir \u00e0 structurer l\u2019opposition \u00e0 un<br \/>\ngouvernement qui va s\u2019acharner dans la voie<br \/>\ndes mesures d\u2019aust\u00e9rit\u00e9 et de privatisation<br \/>\npr\u00e9vues par les m\u00e9morandums. Les batailles qui<br \/>\ns\u2019annoncent seront tr\u00e8s dures, du fait justement<br \/>\ndu sentiment de l\u00e9gitimit\u00e9 et du mandat que<br \/>\nle bloc pro-m\u00e9morandum pense avoir re\u00e7u<br \/>\ndes urnes. Mais il est difficile de voir comment<br \/>\nl\u2019actuel gouvernement peut r\u00e9ussir \u00e0 stabiliser<br \/>\nun tant soit peu la situation \u00e9conomique et<br \/>\nsociale d\u2019un pays qui sombre chaque jour<br \/>\ndavantage dans le chaos et la ruine. Syriza doit<br \/>\napprendre \u00e0 g\u00e9rer cette nouvelle temporalit\u00e9<br \/>\npolitique pour concr\u00e9tiser la promesse de<br \/>\nvictoire qui a surgi au cours de cette s\u00e9quence<br \/>\npolitique hors du commun. C\u2019est l\u00e0 son r\u00f4le<br \/>\nproprement historique dans l\u2019actuel contexte<br \/>\neurop\u00e9en et international.<div id='gallery-1' class='gallery galleryid-5463 gallery-columns-3 gallery-size-thumbnail'><figure class='gallery-item'>\n\t\t\t<div class='gallery-icon landscape'>\n\t\t\t\t<a href='https:\/\/archives.regards.fr\/wp-content\/uploads\/2012\/06\/sys-851.jpg'><img loading=\"lazy\" decoding=\"async\" width=\"150\" height=\"150\" src=\"https:\/\/archives.regards.fr\/wp-content\/uploads\/2012\/06\/sys-851-150x150.jpg\" class=\"attachment-thumbnail size-thumbnail\" alt=\"&quot;Syriza a un r\u00f4le historique \u00e0 jouer&quot;\" aria-describedby=\"gallery-1-16426\" \/><\/a>\n\t\t\t<\/div>\n\t\t\t\t<figcaption class='wp-caption-text gallery-caption' id='gallery-1-16426'>\n\t\t\t\t&#8220;Syriza a un r\u00f4le historique \u00e0 jouer&#8221;\n\t\t\t\t<\/figcaption><\/figure><figure class='gallery-item'>\n\t\t\t<div class='gallery-icon landscape'>\n\t\t\t\t<a href='https:\/\/archives.regards.fr\/wp-content\/uploads\/2012\/06\/syb-d89.jpg'><img loading=\"lazy\" decoding=\"async\" width=\"150\" height=\"122\" src=\"https:\/\/archives.regards.fr\/wp-content\/uploads\/2012\/06\/syb-d89-150x122.jpg\" class=\"attachment-thumbnail size-thumbnail\" alt=\"&quot;Syriza a un r\u00f4le historique \u00e0 jouer&quot;\" aria-describedby=\"gallery-1-16427\" \/><\/a>\n\t\t\t<\/div>\n\t\t\t\t<figcaption class='wp-caption-text gallery-caption' id='gallery-1-16427'>\n\t\t\t\t&#8220;Syriza a un r\u00f4le historique \u00e0 jouer&#8221;\n\t\t\t\t<\/figcaption><\/figure><figure class='gallery-item'>\n\t\t\t<div class='gallery-icon landscape'>\n\t\t\t\t<a href='https:\/\/archives.regards.fr\/wp-content\/uploads\/2012\/06\/syc-e5f.jpg'><img loading=\"lazy\" decoding=\"async\" width=\"80\" height=\"55\" src=\"https:\/\/archives.regards.fr\/wp-content\/uploads\/2012\/06\/syc-e5f.jpg\" class=\"attachment-thumbnail size-thumbnail\" alt=\"&quot;Syriza a un r\u00f4le historique \u00e0 jouer&quot;\" aria-describedby=\"gallery-1-16428\" \/><\/a>\n\t\t\t<\/div>\n\t\t\t\t<figcaption class='wp-caption-text gallery-caption' id='gallery-1-16428'>\n\t\t\t\t&#8220;Syriza a un r\u00f4le historique \u00e0 jouer&#8221;\n\t\t\t\t<\/figcaption><\/figure>\n\t\t<\/div>\n<\/p>\n","protected":false},"excerpt":{"rendered":"<p>Syriza est devenu en quelques mois<br \/>\nune force incontournable du paysage<br \/>\npolitique grec. Si le parti d\u2019Alexis<br \/>\nTsipras a perdu de justesse face aux<br \/>\nconservateurs pro-aust\u00e9rit\u00e9 de Nouvelle<br \/>\nd\u00e9mocratie, il a bel et bien impos\u00e9 les<br \/>\nth\u00e8mes de campagne et redonn\u00e9 de la<br \/>\nvigueur \u00e0 la d\u00e9mocratie. Une perc\u00e9e<br \/>\nfulgurante pour ce qui est d\u00e9sormais<br \/>\nla force de gauche radicale la plus<br \/>\npuissante d\u2019Europe.<\/p>\n","protected":false},"author":569,"featured_media":16426,"comment_status":"open","ping_status":"open","sticky":false,"template":"","format":"standard","meta":{"_themeisle_gutenberg_block_has_review":false,"footnotes":""},"categories":[141],"tags":[293,420,295],"class_list":["post-5463","post","type-post","status-publish","format-standard","has-post-thumbnail","hentry","category-archives-web","tag-entretien","tag-grece","tag-nupes"],"_links":{"self":[{"href":"https:\/\/archives.regards.fr\/index.php?rest_route=\/wp\/v2\/posts\/5463","targetHints":{"allow":["GET"]}}],"collection":[{"href":"https:\/\/archives.regards.fr\/index.php?rest_route=\/wp\/v2\/posts"}],"about":[{"href":"https:\/\/archives.regards.fr\/index.php?rest_route=\/wp\/v2\/types\/post"}],"author":[{"embeddable":true,"href":"https:\/\/archives.regards.fr\/index.php?rest_route=\/wp\/v2\/users\/569"}],"replies":[{"embeddable":true,"href":"https:\/\/archives.regards.fr\/index.php?rest_route=%2Fwp%2Fv2%2Fcomments&post=5463"}],"version-history":[{"count":0,"href":"https:\/\/archives.regards.fr\/index.php?rest_route=\/wp\/v2\/posts\/5463\/revisions"}],"wp:featuredmedia":[{"embeddable":true,"href":"https:\/\/archives.regards.fr\/index.php?rest_route=\/wp\/v2\/media\/16426"}],"wp:attachment":[{"href":"https:\/\/archives.regards.fr\/index.php?rest_route=%2Fwp%2Fv2%2Fmedia&parent=5463"}],"wp:term":[{"taxonomy":"category","embeddable":true,"href":"https:\/\/archives.regards.fr\/index.php?rest_route=%2Fwp%2Fv2%2Fcategories&post=5463"},{"taxonomy":"post_tag","embeddable":true,"href":"https:\/\/archives.regards.fr\/index.php?rest_route=%2Fwp%2Fv2%2Ftags&post=5463"}],"curies":[{"name":"wp","href":"https:\/\/api.w.org\/{rel}","templated":true}]}}