{"id":5461,"date":"2012-07-04T08:00:00","date_gmt":"2012-07-04T06:00:00","guid":{"rendered":"https:\/\/wp.muchomaas.com\/un-autre-monde5461\/"},"modified":"2023-06-23T23:11:38","modified_gmt":"2023-06-23T21:11:38","slug":"un-autre-monde5461","status":"publish","type":"post","link":"https:\/\/archives.regards.fr\/?p=5461","title":{"rendered":"Un autre monde"},"content":{"rendered":"<p><strong>La tourmente europ\u00e9enne reste devant nous.<\/strong> Le rapport<br \/>\ndes forces au sein des pays de l\u2019UE est toujours domin\u00e9<br \/>\npar une approche malthusienne et financi\u00e8re qui met dans<br \/>\nle mur les peuples, les pays et le projet europ\u00e9en lui-m\u00eame.<br \/>\nL\u2019id\u00e9e qu\u2019il faut trouver un autre chemin prend corps.<br \/>\nL\u2019\u00e9lection de Fran\u00e7ois Hollande en est un indice. Mais la<br \/>\nclart\u00e9 des solutions n\u2019est encore ni \u00e9vidente ni partag\u00e9e.<br \/>\nLes faire \u00e9merger th\u00e9oriquement et pratiquement suppose<br \/>\nune rupture telle, avec les politiques n\u00e9oconservatrices<br \/>\ndominantes depuis 30 ans, que l\u2019effort doit \u00eatre g\u00e9n\u00e9ral.<br \/>\nIl doit \u00e0 la fois porter sur la construction programmatique<br \/>\net sur la convergence politique, celle qui permet la<br \/>\nmobilisation de nouvelles \u00e9nergies.<\/p>\n<p>Il semble clair que, pour sortir de l\u2019orni\u00e8re, on doit contenir<br \/>\nles march\u00e9s. Or ce n\u2019est que la premi\u00e8re marche du<br \/>\nprocessus : il faut surtout inventer un autre mode de<br \/>\nd\u00e9veloppement, d\u2019autres finalit\u00e9s et d\u2019autres mani\u00e8res<br \/>\nde faire soci\u00e9t\u00e9. Les mouvements politiques alternatifs<br \/>\nqui \u00e9mergent en Europe sont dans une assez grande<br \/>\ndiversit\u00e9 de situations. Mais, ensemble, ils accumulent des<br \/>\nexp\u00e9riences qui constitueront les pierres de ce chemin.<\/p>\n<p>Le mouvement des Indign\u00e9s et son insistance sur<br \/>\nl\u2019invention d\u2019une \u00ab vraie d\u00e9mocratie \u00bb, le Front de<br \/>\ngauche en France qui affirme \u00ab l\u2019humain d\u2019abord \u00bb, le<br \/>\npositionnement audacieux de Syriza en Gr\u00e8ce, l\u2019ancrage<br \/>\nde Die Linke en Allemagne, des alliances rouges et vertes<br \/>\nau Portugal, en Hollande, en Su\u00e8de, les inventions des<br \/>\nPirates qui insistent sur les libert\u00e9s et la culture partag\u00e9e\u2026<br \/>\nsont autant de contributions \u00e0 l\u2019\u00e9mergence de cet autre<br \/>\nmonde. Le mouvement ouvrier tel qu\u2019il s\u2019est structur\u00e9 au<br \/>\nxxe si\u00e8cle n\u2019a pas disparu. Il se prolonge dans des luttes<br \/>\nsociales contemporaines. Mais il se trouve embarqu\u00e9 dans<br \/>\nde nouveaux combats. Ces nouvelles gauches disent que<br \/>\nle d\u00e9sir d\u2019\u00e9mancipation n\u2019est pas renvoy\u00e9 aux rayons<br \/>\npoussi\u00e9reux du pass\u00e9. Ils rappellent aussi que l\u2019esprit<br \/>\nd\u2019alternative manque d\u2019allant s\u2019il n\u2019assume pas pleinement<br \/>\nl\u2019exigence de novation.<div id='gallery-1' class='gallery galleryid-5461 gallery-columns-3 gallery-size-thumbnail'><figure class='gallery-item'>\n\t\t\t<div class='gallery-icon landscape'>\n\t\t\t\t<a href='https:\/\/archives.regards.fr\/wp-content\/uploads\/2012\/06\/es-95d.jpg'><img loading=\"lazy\" decoding=\"async\" width=\"150\" height=\"150\" src=\"https:\/\/archives.regards.fr\/wp-content\/uploads\/2012\/06\/es-95d-150x150.jpg\" class=\"attachment-thumbnail size-thumbnail\" alt=\"Un autre monde\" aria-describedby=\"gallery-1-16419\" \/><\/a>\n\t\t\t<\/div>\n\t\t\t\t<figcaption class='wp-caption-text gallery-caption' id='gallery-1-16419'>\n\t\t\t\tUn autre monde\n\t\t\t\t<\/figcaption><\/figure><figure class='gallery-item'>\n\t\t\t<div class='gallery-icon landscape'>\n\t\t\t\t<a href='https:\/\/archives.regards.fr\/wp-content\/uploads\/2012\/06\/e-1d0.jpg'><img loading=\"lazy\" decoding=\"async\" width=\"150\" height=\"150\" src=\"https:\/\/archives.regards.fr\/wp-content\/uploads\/2012\/06\/e-1d0-150x150.jpg\" class=\"attachment-thumbnail size-thumbnail\" alt=\"e.jpg\" \/><\/a>\n\t\t\t<\/div><\/figure>\n\t\t<\/div>\n<\/p>\n","protected":false},"excerpt":{"rendered":"<p>La tourmente europ\u00e9enne reste devant nous. Le rapport des forces au sein des pays de l\u2019UE est toujours domin\u00e9 par une approche malthusienne et financi\u00e8re qui met dans le mur les peuples, les pays et le projet europ\u00e9en lui-m\u00eame. L\u2019id\u00e9e qu\u2019il faut trouver un autre chemin prend corps. L\u2019\u00e9lection de Fran\u00e7ois Hollande en est un [&hellip;]<\/p>\n","protected":false},"author":570,"featured_media":16419,"comment_status":"open","ping_status":"open","sticky":false,"template":"","format":"standard","meta":{"_themeisle_gutenberg_block_has_review":false,"footnotes":""},"categories":[141],"tags":[328,295],"class_list":["post-5461","post","type-post","status-publish","format-standard","has-post-thumbnail","hentry","category-archives-web","tag-editorial","tag-nupes"],"_links":{"self":[{"href":"https:\/\/archives.regards.fr\/index.php?rest_route=\/wp\/v2\/posts\/5461","targetHints":{"allow":["GET"]}}],"collection":[{"href":"https:\/\/archives.regards.fr\/index.php?rest_route=\/wp\/v2\/posts"}],"about":[{"href":"https:\/\/archives.regards.fr\/index.php?rest_route=\/wp\/v2\/types\/post"}],"author":[{"embeddable":true,"href":"https:\/\/archives.regards.fr\/index.php?rest_route=\/wp\/v2\/users\/570"}],"replies":[{"embeddable":true,"href":"https:\/\/archives.regards.fr\/index.php?rest_route=%2Fwp%2Fv2%2Fcomments&post=5461"}],"version-history":[{"count":0,"href":"https:\/\/archives.regards.fr\/index.php?rest_route=\/wp\/v2\/posts\/5461\/revisions"}],"wp:featuredmedia":[{"embeddable":true,"href":"https:\/\/archives.regards.fr\/index.php?rest_route=\/wp\/v2\/media\/16419"}],"wp:attachment":[{"href":"https:\/\/archives.regards.fr\/index.php?rest_route=%2Fwp%2Fv2%2Fmedia&parent=5461"}],"wp:term":[{"taxonomy":"category","embeddable":true,"href":"https:\/\/archives.regards.fr\/index.php?rest_route=%2Fwp%2Fv2%2Fcategories&post=5461"},{"taxonomy":"post_tag","embeddable":true,"href":"https:\/\/archives.regards.fr\/index.php?rest_route=%2Fwp%2Fv2%2Ftags&post=5461"}],"curies":[{"name":"wp","href":"https:\/\/api.w.org\/{rel}","templated":true}]}}