{"id":5460,"date":"2012-07-03T08:00:00","date_gmt":"2012-07-03T06:00:00","guid":{"rendered":"https:\/\/wp.muchomaas.com\/au-sommaire-du-numero-22-235460\/"},"modified":"2023-06-24T17:45:03","modified_gmt":"2023-06-24T15:45:03","slug":"au-sommaire-du-numero-22-235460","status":"publish","type":"post","link":"https:\/\/archives.regards.fr\/?p=5460","title":{"rendered":"Au sommaire du  num\u00e9ro 22-23 &#8211; juillet-ao\u00fbt 2012"},"content":{"rendered":"<p>Durant l&#8217;\u00e9t\u00e9, <em> <strong>Regards<\/strong> <\/em> ne vous oublie pas :<\/p>\n<p>Dans son \u00e9dito, <strong>Cl\u00e9mentine Autain<\/strong> nous parle d&#8217;un &#8220;<a href=\"article5461.html\">autre monde<\/a>&#8221; : &#8220;<em>Le mouvement ouvrier tel qu\u2019il s\u2019est structur\u00e9 au XXe si\u00e8cle n\u2019a pas disparu. Il se prolonge dans des luttes sociales contemporaines&#8230;<\/em>&#8221; <\/p>\n<p><strong><a href=\"5462\">Gauches \u00e0 l&#8217;horizon<\/a><\/strong> &#8211; Tour \u00e0 tour, pays apr\u00e8s pays, des espoirs naissent, se d\u00e9font, renaissent ailleurs\u2026 En <strong>Gr\u00e8ce<\/strong> : &#8220;<a href=\"5463\">Syriza a un r\u00f4le historique<br \/>\n\u00e0 jouer<\/a>&#8220;, entretien avec Stathis Kouvelakis, candidat pour Syriza aux \u00e9lections de mai et juin. En <strong>Allemagne<\/strong> :  &#8220;<a href=\"5464\">Die linke, le temps de la reconqu\u00eate<\/a>&#8220;. Partout <strong>dans le monde<\/strong>, de nouveaux mouvements \u00e9mergent. Le moteur de ces actions<br \/>\n: la tr\u00e8s longue contestation sociale au <strong><a href=\"5465\">Qu\u00e9bec<\/a><\/strong>.<\/p>\n<p><strong><a href=\"article5467.html\">L\u00e9gislatives, et maintenant ?->5466]<\/strong> &#8211; La s\u00e9quence \u00e9lectorale est achev\u00e9e : &#8220;[Front de Gauche bien install\u00e9, mais&#8230;<\/a>&#8220;, une analyse de Roger Martelli. M\u00eame avec un score de 0,80 %, les Pirates apportent un coup de vent frais : &#8220;<a href=\"5468\">Les Pirates \u00e0 l&#8217;abordage<\/a>&#8220;.<\/p>\n<p>Tribune de <strong>Dominique Vidal<\/strong>, historien et journaliste, sur le sursaut du racisme observ\u00e9 ces derniers temps en France et en Europe : &#8220;<a href=\"5469\">Le poison et l&#8217;antidote<\/a>&#8220;.<\/p>\n<p><strong>Proche-Orient<\/strong> &#8211; La <strong>Syrie<\/strong> s\u2019enfonce dans la guerre civile : &#8220;<a href=\"5470\">Syrie, pantin maltrait\u00e9 du Proche-Orient<\/a>&#8220;. Entretien avec <strong>Rony Brauman<\/strong>, professeur \u00e0 Sciences politiques et ancien pr\u00e9sident de M\u00e9decins sans fronti\u00e8res : \u00ab <a href=\"5471\">Une intervention militaire ne ferait qu\u2019alimenter la violence<\/a> \u00bb.<\/p>\n<p><strong>Gouvernement Ayrault<\/strong> &#8211; Les organisations de solidarit\u00e9 internationale se f\u00e9licitent de la cr\u00e9ation d\u2019un <strong>minist\u00e8re d\u00e9l\u00e9gu\u00e9 du D\u00e9veloppement<\/strong> : &#8220;<a href=\"5472\">Renouer le dialogue<\/a>&#8220;.<\/p>\n<p>Une <strong>imprimante 3D<\/strong> capable de sortir un objet ! Bienvenue dans les Fablab<br \/>\net autres Hackerspaces : &#8220;<a href=\"5473\">Do it yourself !<\/a>&#8220;.<\/p>\n<p><strong>Reportage<\/strong> &#8211; Bienvenue au stade Bauer, \u00e0 Saint-Ouen : &#8220;<strong><a href=\"5475\">Red Star<\/strong>, un autre club parisien est possible !<\/a>&#8220;. <\/p>\n<p><strong>Dossier : le sexe, la norme et nous<\/strong> &#8211; N\u00e9s entre 1978 et 1994, ils appartiennent \u00e0 ce que des sociologues ont appel\u00e9 la <strong>g\u00e9n\u00e9ration Y<\/strong> : &#8220;<a href=\"5476\">G\u00e9n\u00e9ration Y, g\u00e9n\u00e9ration X\u2009?<\/a> &#8220;. Floril\u00e8ge de r\u00e9actions, \u00aboff\u00bb ou pas, de responsables politiques lors d\u2019interviews consacr\u00e9es aux questions sexuelles pour le magazine <strong> <em>T\u00eatu<\/em> <\/strong> par le journaliste Marc Endeweld : &#8220;<a href=\"5477\">Des politiques mis \u00e0 nu<\/a>&#8220;. Longtemps incomprise, la repr\u00e9sentation du corps f\u00e9minin par <strong>Robert Crumb<\/strong> est enfin mise en valeur dans une r\u00e9trospective d\u2019ampleur au Mus\u00e9e d\u2019art moderne de la ville de Paris : &#8220;<a href=\"5478\">Robert Crumb, l\u2019homme qui aimait les rondes<\/a>&#8220;. La <strong>sexualit\u00e9 lesbienne<\/strong> reste terra incognita : &#8220;<a href=\"5479\">Presse f\u00e9minine, le gazon reste maudit<\/a>&#8220;. De plus en plus de <strong>r\u00e9alisatrices f\u00e9ministes<\/strong> s\u2019emparent d\u2019un genre longtemps jug\u00e9 honteux et machiste : &#8220;<a href=\"5480\">Le porno est mort, vive le porno !<\/a>&#8220;. De plus en plus de femmes recourent \u00e0 la chirurgie esth\u00e9tique pour avoir un <strong>\u00absexe parfait\u00bb<\/strong>. En r\u00e9action, une association danoise expose des photos de \u00abvraies\u00bb vulves prises dans un photomaton : &#8220;<a href=\"5481\">Vulvomaton<\/a>&#8220;.  Lalla, gar\u00e7on devenu femme, a vu avec  notre critique maison le film <em>Laurence Anyways<\/em>, l&#8217;histoire d&#8217;un professeur <strong>transexuel<\/strong> incarn\u00e9 par Melvil Poupaud : &#8220;<a href=\"5482\">Un film avec Lalla<\/a>&#8220;. Puis, &#8220;<a href=\"5483\">Petit tour du monde des droits des transsexuels<\/a>&#8220;. L\u2019anthropologue Bernard Saladin d\u2019Anglure d\u00e9cortique la vie des <strong>Inuit<\/strong>, une civilisation qui pensent que les b\u00e9b\u00e9s peuvent changer de sexe \u00e0 la naissance : &#8220;<a href=\"5484\">Les Inuit et le raffinement des trois genres<\/a>&#8220;.<\/p>\n<p><strong>Id\u00e9es<\/strong> &#8211; A l&#8217;occasion du tricentenaire de la naissance de <strong>Jean-Jacques Rousseau<\/strong>, entretien avec la philosophe <strong>C\u00e9line Spector<\/strong> sur une figure tut\u00e9laire de la gauche : &#8220;<a href=\"5485\">Au-del\u00e0 de l\u2019idole<\/a>&#8220;. Pour la philosophe <strong>Genevi\u00e8ve<br \/>\nFraisse<\/strong>, Rousseau a \u00e0 la fois anticip\u00e9 et frein\u00e9 l\u2019\u00e9mancipation des femmes : &#8220;<a href=\"5486\">La faute \u00e0 Rousseau ?<\/a>&#8220;.<\/p>\n<p>Et toujours notre s\u00e9lection <strong>Essais<\/strong>, <strong>Culture<\/strong> avec la chronique de <strong>Bernard Hasquenoph<\/strong> : &#8220;<a href=\"5489\">L&#8217;art obligatoire<\/a>&#8220;.<\/p>\n<p><strong>Cin\u00e9ma<\/strong> &#8211; Rencontre avec l&#8217;acteur <strong>Denis Lavant<\/strong> : &#8220;<a href=\"5487\">Mon tandem avec<br \/>\nL\u00e9os Carax<\/a>&#8220;, r\u00e9alisateur de l&#8217;objet cin\u00e9matographique non identifi\u00e9 <em>Holy Motors<\/em>, <a href=\"5488\">chroniqu\u00e9<\/a> par Thomas Bauder.<\/p>\n<p><strong>Cr\u00e9ations<\/strong> &#8211; Un certain th\u00e9\u00e2tre se veut fer de lance contre la barbarie : &#8220;<a href=\"5491\">Naz<br \/>\nou \u00e0 quoi sert l\u2019extr\u00eame droite au th\u00e9\u00e2tre ?<\/a>&#8221;<\/p>\n<p><strong>Le Grand entretien<\/strong> &#8211; Nous avons rencontr\u00e9 les membres du groupe de rap <em>La Rumeur<\/em>. L\u2019occasion de parler politique, rap et justice : &#8220;<a href=\"5493\">Nos humeurs ne sont pas toujours sombres<\/a>&#8220;.<\/p>\n<p>Et bien s\u00fbr  le <a href=\"5490\">rendez-vous litt\u00e9raire<\/a> d&#8217;<strong> Arnaud Viviant<\/strong> et la <a href=\"5492\">chronique t\u00e9l\u00e9<\/a> de <strong>Nicolas Ksiss<\/strong>.<div id='gallery-1' class='gallery galleryid-5460 gallery-columns-3 gallery-size-thumbnail'><figure class='gallery-item'>\n\t\t\t<div class='gallery-icon portrait'>\n\t\t\t\t<a href='https:\/\/archives.regards.fr\/wp-content\/uploads\/2012\/06\/unex-c4d.jpg'><img loading=\"lazy\" decoding=\"async\" width=\"150\" height=\"150\" src=\"https:\/\/archives.regards.fr\/wp-content\/uploads\/2012\/06\/unex-c4d-150x150.jpg\" class=\"attachment-thumbnail size-thumbnail\" alt=\"unex.jpg\" \/><\/a>\n\t\t\t<\/div><\/figure>\n\t\t<\/div>\n<\/p>\n","protected":false},"excerpt":{"rendered":"<p>Durant l&#8217;\u00e9t\u00e9, Regards ne vous oublie pas : Dans son \u00e9dito, Cl\u00e9mentine Autain nous parle d&#8217;un &#8220;autre monde&#8221; : &#8220;Le mouvement ouvrier tel qu\u2019il s\u2019est structur\u00e9 au XXe si\u00e8cle n\u2019a pas disparu. Il se prolonge dans des luttes sociales contemporaines&#8230;&#8221; Gauches \u00e0 l&#8217;horizon &#8211; Tour \u00e0 tour, pays apr\u00e8s pays, des espoirs naissent, se d\u00e9font, [&hellip;]<\/p>\n","protected":false},"author":1,"featured_media":16417,"comment_status":"closed","ping_status":"open","sticky":false,"template":"","format":"standard","meta":{"_themeisle_gutenberg_block_has_review":false,"footnotes":""},"categories":[262],"tags":[371],"class_list":["post-5460","post","type-post","status-publish","format-standard","has-post-thumbnail","hentry","category-archives","tag-sommaire"],"_links":{"self":[{"href":"https:\/\/archives.regards.fr\/index.php?rest_route=\/wp\/v2\/posts\/5460","targetHints":{"allow":["GET"]}}],"collection":[{"href":"https:\/\/archives.regards.fr\/index.php?rest_route=\/wp\/v2\/posts"}],"about":[{"href":"https:\/\/archives.regards.fr\/index.php?rest_route=\/wp\/v2\/types\/post"}],"author":[{"embeddable":true,"href":"https:\/\/archives.regards.fr\/index.php?rest_route=\/wp\/v2\/users\/1"}],"replies":[{"embeddable":true,"href":"https:\/\/archives.regards.fr\/index.php?rest_route=%2Fwp%2Fv2%2Fcomments&post=5460"}],"version-history":[{"count":0,"href":"https:\/\/archives.regards.fr\/index.php?rest_route=\/wp\/v2\/posts\/5460\/revisions"}],"wp:featuredmedia":[{"embeddable":true,"href":"https:\/\/archives.regards.fr\/index.php?rest_route=\/wp\/v2\/media\/16417"}],"wp:attachment":[{"href":"https:\/\/archives.regards.fr\/index.php?rest_route=%2Fwp%2Fv2%2Fmedia&parent=5460"}],"wp:term":[{"taxonomy":"category","embeddable":true,"href":"https:\/\/archives.regards.fr\/index.php?rest_route=%2Fwp%2Fv2%2Fcategories&post=5460"},{"taxonomy":"post_tag","embeddable":true,"href":"https:\/\/archives.regards.fr\/index.php?rest_route=%2Fwp%2Fv2%2Ftags&post=5460"}],"curies":[{"name":"wp","href":"https:\/\/api.w.org\/{rel}","templated":true}]}}