{"id":5454,"date":"2012-06-07T18:03:59","date_gmt":"2012-06-07T16:03:59","guid":{"rendered":"https:\/\/wp.muchomaas.com\/retraites-les-salaries-ne-doivent5454\/"},"modified":"2023-06-23T23:11:36","modified_gmt":"2023-06-23T21:11:36","slug":"retraites-les-salaries-ne-doivent5454","status":"publish","type":"post","link":"https:\/\/archives.regards.fr\/?p=5454","title":{"rendered":"Retraites\u00a0: les salari\u00e9s ne doivent pas payer deux fois\u00a0!"},"content":{"rendered":"<p class=\"post_excerpt\">Le patronat refuse toute hausse des cotisations patronales alors qu&#8217;\u00e0 gauche, on semble s&#8217;accommoder de la hausse des cotisations salariales et donc d&#8217;une baisse des salaires nets. Est-ce la bonne posture apr\u00e8s des ann\u00e9es de contre-r\u00e9formes sur les retraites que les salari\u00e9s ont jusqu&#8217;\u00e0 pr\u00e9sent int\u00e9gralement pay\u00e9es\u00a0?<\/p>\n<p>Le Pr\u00e9sident Hollande est en train d&#8217;honorer sa promesse de candidat\u00a0: le droit \u00e0 la retraite \u00e0 60 ans sera restaur\u00e9 pour les salari\u00e9s ayant commenc\u00e9 \u00e0 travailler avant 20 ans et ayant tous leurs trimestres cotis\u00e9s (41 ans imm\u00e9diatement et 41,5 ans prochainement). Mieux, le d\u00e9cret pr\u00e9voit de compter comme \u00ab\u00a0cotis\u00e9\u00a0\u00bb un maximum de deux trimestres valid\u00e9s au titre des cong\u00e9s maternit\u00e9 et de deux au titre des p\u00e9riodes de ch\u00f4mage. <\/p>\n<p>Rappelons que la contre-r\u00e9forme des retraites de Nicolas Sarkozy, qui a report\u00e9 l&#8217;\u00e2ge l\u00e9gal de la retraite \u00e0 62 ans et de la retraite \u00e0 taux plein \u00e0 67 ans, n&#8217;est nullement abrog\u00e9e. Cette r\u00e9forme a \u00e9t\u00e9 impos\u00e9e contre l&#8217;avis des salari\u00e9s pour permettre l&#8217;\u00e9quilibre des r\u00e9gimes de retraites. Cet \u00e9quilibre aurait aussi pu \u00eatre obtenu par une hausse des cotisations, option que gouvernement comme patronat avaient alors \u00e9cart\u00e9e d&#8217;office. Ce sont donc les salari\u00e9s, et uniquement les salari\u00e9s, qui ont fait les frais de cette contre-r\u00e9forme.<\/p>\n<p>Ce d\u00e9cret n&#8217;est qu&#8217;une retouche de la contre-r\u00e9forme Sarkozy et non une annulation\u00a0: elle ne r\u00e9pare que partiellement les maux inflig\u00e9s. Elle est le minimum de la justice\u00a0: comment justifier que des salari\u00e9s ayant commenc\u00e9 t\u00f4t leur carri\u00e8re se voient interdire de prendre leur retraite\u00a0? Or cet am\u00e9nagement va \u00eatre financ\u00e9 par une augmentation des cotisations sociales salariales et patronales de 0,1% \u00e0 partir de 2013 pour aller vers 0,25% en 2017. En clair, les salari\u00e9s verront leur salaire net baisser de 0,1% puis 0,25%. <\/p>\n<p>Apr\u00e8s avoir fait int\u00e9gralement les frais de la contre-r\u00e9forme Sarkozy, les salari\u00e9s ne doivent pas payer un centime d&#8217;une mesure qui ne fait que r\u00e9\u00e9quilibrer \u00e0 la marge celle-ci. Ce r\u00e9\u00e9quilibrage doit \u00eatre int\u00e9gralement pay\u00e9 par le patronat par une hausse des cotisations patronales de 0,2% d\u00e8s 2013 qui \u00e9volueront vers 0,5% en 2017. N&#8217;est-ce pas maintenant au tour du patronat de payer sa part de la contre-r\u00e9forme de Sarkozy\u00a0?<\/p>\n<p>Comme les r\u00e9gimes compl\u00e9mentaires Agirc-Arrco suivent les r\u00e8gles du r\u00e9gime g\u00e9n\u00e9ral pour les d\u00e9parts \u00e0 la retraite, il va donc y avoir une charge suppl\u00e9mentaire pour ces r\u00e9gimes. La diff\u00e9rence est que ces r\u00e9gimes sont g\u00e9r\u00e9s par les \u00ab\u00a0partenaires\u00a0\u00bb sociaux et non l&#8217;Etat. Si on veut maintenir leur \u00e9quilibre, il va donc falloir augmenter les cotisations \u00e0 ces r\u00e9gimes. En suivant la r\u00e8gle du 50-50 sur l&#8217;effort, les salari\u00e9s verraient encore leur salaire net amoindri au-del\u00e0 des 0,25% de ponction suppl\u00e9mentaire au titre de la retraite de base. <\/p>\n<p>Cependant, cette perspective est exclue par le patronat qui, par la voix de Laurence Parisot lors de son point presse du 22 mai, refuse de nouvelles hausses de cotisations patronales au titre de l&#8217;Agirc-Arrco. Ceci signifie que si les \u00ab\u00a0partenaires\u00a0\u00bb sociaux ne se mettent pas d&#8217;accord, nous irons vers un gel de la valeur du point et donc une baisse de la valeur r\u00e9elle des pensions vers\u00e9es. Une r\u00e9ponse qu&#8217;un gouvernement progressiste pourrait opposer \u00e0 Madame Parisot serait de relever les cotisations patronales du syst\u00e8me de base pour compenser au mieux les pertes \u00e0 attendre du c\u00f4t\u00e9 des r\u00e9gimes compl\u00e9mentaires d\u00fb au blocage du MEDEF. <\/p>\n<p>Le patronat s&#8217;oppose \u00e0 toute augmentation des cotisations patronales alors qu&#8217;il semblerait qu&#8217;\u00e0 gauche, on s&#8217;accommode d&#8217;un partage de l&#8217;effort. Est-ce la bonne position de n\u00e9gociation\u00a0? Ne devrions-nous pas, comme le patronat, refuser toute baisse du salaire net et exiger la seule hausse des cotisations patronales, ne serait-ce que pour commencer \u00e0 inverser des ann\u00e9es de baisse de la part des salaires dans la valeur ajout\u00e9e\u00a0?<br \/>\n<div id='gallery-1' class='gallery galleryid-5454 gallery-columns-3 gallery-size-thumbnail'><figure class='gallery-item'>\n\t\t\t<div class='gallery-icon landscape'>\n\t\t\t\t<a href='https:\/\/archives.regards.fr\/wp-content\/uploads\/2012\/06\/fps-2-131.jpg'><img loading=\"lazy\" decoding=\"async\" width=\"150\" height=\"150\" src=\"https:\/\/archives.regards.fr\/wp-content\/uploads\/2012\/06\/fps-2-131-150x150.jpg\" class=\"attachment-thumbnail size-thumbnail\" alt=\"fps-2.jpg\" \/><\/a>\n\t\t\t<\/div><\/figure><figure class='gallery-item'>\n\t\t\t<div class='gallery-icon landscape'>\n\t\t\t\t<a href='https:\/\/archives.regards.fr\/wp-content\/uploads\/2012\/06\/fpc-2-74c.jpg'><img loading=\"lazy\" decoding=\"async\" width=\"80\" height=\"55\" src=\"https:\/\/archives.regards.fr\/wp-content\/uploads\/2012\/06\/fpc-2-74c.jpg\" class=\"attachment-thumbnail size-thumbnail\" alt=\"Retraites\u00a0: les salari\u00e9s ne doivent pas payer deux fois\u00a0!\" aria-describedby=\"gallery-1-16399\" \/><\/a>\n\t\t\t<\/div>\n\t\t\t\t<figcaption class='wp-caption-text gallery-caption' id='gallery-1-16399'>\n\t\t\t\tRetraites\u00a0: les salari\u00e9s ne doivent pas payer deux fois\u00a0!\n\t\t\t\t<\/figcaption><\/figure>\n\t\t<\/div>\n<\/p>\n","protected":false},"excerpt":{"rendered":"<p>Le patronat refuse toute hausse des cotisations patronales alors qu&#8217;\u00e0 gauche, on semble s&#8217;accommoder de la hausse des cotisations salariales et donc d&#8217;une baisse des salaires nets. Est-ce la bonne posture apr\u00e8s des ann\u00e9es de contre-r\u00e9formes sur les retraites que les salari\u00e9s ont jusqu&#8217;\u00e0 pr\u00e9sent int\u00e9gralement pay\u00e9es\u00a0?<\/p>\n","protected":false},"author":672,"featured_media":16398,"comment_status":"open","ping_status":"open","sticky":false,"template":"","format":"standard","meta":{"_themeisle_gutenberg_block_has_review":false,"footnotes":""},"categories":[141],"tags":[308],"class_list":["post-5454","post","type-post","status-publish","format-standard","has-post-thumbnail","hentry","category-archives-web","tag-retraite"],"_links":{"self":[{"href":"https:\/\/archives.regards.fr\/index.php?rest_route=\/wp\/v2\/posts\/5454","targetHints":{"allow":["GET"]}}],"collection":[{"href":"https:\/\/archives.regards.fr\/index.php?rest_route=\/wp\/v2\/posts"}],"about":[{"href":"https:\/\/archives.regards.fr\/index.php?rest_route=\/wp\/v2\/types\/post"}],"author":[{"embeddable":true,"href":"https:\/\/archives.regards.fr\/index.php?rest_route=\/wp\/v2\/users\/672"}],"replies":[{"embeddable":true,"href":"https:\/\/archives.regards.fr\/index.php?rest_route=%2Fwp%2Fv2%2Fcomments&post=5454"}],"version-history":[{"count":0,"href":"https:\/\/archives.regards.fr\/index.php?rest_route=\/wp\/v2\/posts\/5454\/revisions"}],"wp:featuredmedia":[{"embeddable":true,"href":"https:\/\/archives.regards.fr\/index.php?rest_route=\/wp\/v2\/media\/16398"}],"wp:attachment":[{"href":"https:\/\/archives.regards.fr\/index.php?rest_route=%2Fwp%2Fv2%2Fmedia&parent=5454"}],"wp:term":[{"taxonomy":"category","embeddable":true,"href":"https:\/\/archives.regards.fr\/index.php?rest_route=%2Fwp%2Fv2%2Fcategories&post=5454"},{"taxonomy":"post_tag","embeddable":true,"href":"https:\/\/archives.regards.fr\/index.php?rest_route=%2Fwp%2Fv2%2Ftags&post=5454"}],"curies":[{"name":"wp","href":"https:\/\/api.w.org\/{rel}","templated":true}]}}