{"id":5447,"date":"2012-06-07T08:00:00","date_gmt":"2012-06-07T06:00:00","guid":{"rendered":"https:\/\/wp.muchomaas.com\/arrogance-culturelle5447\/"},"modified":"2023-06-23T23:11:35","modified_gmt":"2023-06-23T21:11:35","slug":"arrogance-culturelle5447","status":"publish","type":"post","link":"https:\/\/archives.regards.fr\/?p=5447","title":{"rendered":"Arrogance culturelle"},"content":{"rendered":"<p class=\"post_excerpt\">CULTURE PARK, la chronique de Bernard Hasquenoph &#8211; <a href=\"http:\/\/www.louvrepourtous.fr\/\">louvrepourtous.fr<\/a><\/p>\n<p><strong>Le Centre Pompidou mobile est en transit \u00e0 Cambrai.<\/strong> \u00ab <em>Aller au-devant<br \/>\nde ceux qui ne vont jamais au mus\u00e9e<\/em> \u00bb, c\u2019est en ces termes<br \/>\nqu\u2019Alain Seban, l\u2019initiateur du projet et pr\u00e9sident du Beaubourg<br \/>\nparisien, a r\u00e9sum\u00e9 le principe de cette structure itin\u00e9rante inspir\u00e9e<br \/>\ndu cirque. Quinze \u0153uvres originales, accompagn\u00e9es d\u2019animations,<br \/>\nsont pr\u00e9sent\u00e9es gratuitement pendant trois mois au public<br \/>\nde villes moyennes.<\/p>\n<p>Si la presse r\u00e9gionale du Nord a couvert l\u2019\u00e9v\u00e9nement avec enthousiasme,<br \/>\nelle a not\u00e9 cependant une certaine condescendance ambiante.<br \/>\nPremi\u00e8re visite guid\u00e9e, <em>L\u2019Observateur du Cambr\u00e9sis<\/em> rapporte<br \/>\nles mots de la m\u00e9diatrice : \u00ab <em>Bon, tout le monde conna\u00eet le Centre<br \/>\nPompidou de Paris, pas besoin de le pr\u00e9senter.<\/em> \u00bb Exasp\u00e9r\u00e9, l\u2019hebdomadaire<br \/>\nr\u00e9torque : \u00ab <em>Eh bien d\u00e9sol\u00e9 Madame, non, tout le monde<br \/>\nne conna\u00eet pas le Centre Pompidou de Paris. Pourquoi le Centre<br \/>\nPompidou mobile tr\u00f4nerait-il en plein centre-ville de Cambrai si<br \/>\nc\u2019\u00e9tait le cas ?<\/em> \u00bb Un journaliste de <em>La Voix du Nord<\/em> ironise quant \u00e0<br \/>\nlui sur l\u2019attitude de ses confr\u00e8res venus de la capitale pour couvrir<br \/>\nl\u2019\u00e9v\u00e9nement, \u00ab <em>sombrant dans le clich\u00e9 et stigmatisant le fait que<br \/>\nle mot culture r\u00e9sonne tant dans une r\u00e9gion souffrant d\u2019autant de<br \/>\nmaux. Comme si Paris \u00e9tait un jardin d\u2019\u00c9den peupl\u00e9 d\u2019esth\u00e8tes\u2026<\/em> \u00bb<br \/>\nPlus loin, le m\u00eame parle d\u2019\u00ab <em>un concept bien philanthrope sur le<br \/>\npapier, forc\u00e9ment id\u00e9alis\u00e9 par le microcosme culturel parisien<\/em> \u00bb,<br \/>\ntout en s\u2019interrogeant sur son co\u00fbt et son efficacit\u00e9. Car de l\u00e0 vient<br \/>\ntoute l\u2019ambigu\u00eft\u00e9. Le site Internet <em><a href=\"http:\/\/www.latribunedelart.com\/le-beaubourg-circus-a-pas-cher-a-d-alain-seban-article003601.html\">La Tribune de l\u2019Art<\/a><\/em> a calcul\u00e9 que<br \/>\nles 400 000 euros de l\u2019op\u00e9ration support\u00e9s par la Ville et la r\u00e9gion<br \/>\nNord-Pas-de-Calais \u00e9quivalaient \u00e0 cinq fois le budget annuel du mus\u00e9e<br \/>\nde Cambrai pour ses expositions. Quant \u00e0 l\u2019effet d\u2019entra\u00eenement<br \/>\ndu Centre Pompidou mobile sur les lieux culturels environnants, leur<br \/>\nfr\u00e9quentation qui augmente durant sa pr\u00e9sence semble retomber<br \/>\njuste apr\u00e8s.<\/p>\n<p>En assimilant les provinciaux \u00e0 des peuplades ignares, l\u2019Ovni parisien<br \/>\nmulticolore ne constitue-t-il pas un mirage ? Les \u00e9tudes sociologiques<br \/>\nl\u2019ont montr\u00e9, les causes de l\u2019\u00e9loignement par rapport \u00e0 l\u2019art<br \/>\nsont moins g\u00e9ographiques que sociales. C\u2019est d\u2019autant plus vrai<br \/>\ndans une r\u00e9gion comme le Nord, si riche en mus\u00e9es et en \u00e9v\u00e9nements<br \/>\nculturels. Tout sauf un d\u00e9sert.<\/p>\n<div id='gallery-1' class='gallery galleryid-5447 gallery-columns-3 gallery-size-thumbnail'><figure class='gallery-item'>\n\t\t\t<div class='gallery-icon landscape'>\n\t\t\t\t<a href='https:\/\/archives.regards.fr\/wp-content\/uploads\/2012\/05\/mobb-2-f8d.jpg'><img loading=\"lazy\" decoding=\"async\" width=\"150\" height=\"122\" src=\"https:\/\/archives.regards.fr\/wp-content\/uploads\/2012\/05\/mobb-2-f8d-150x122.jpg\" class=\"attachment-thumbnail size-thumbnail\" alt=\"Arrogance culturelle\" aria-describedby=\"gallery-1-16384\" \/><\/a>\n\t\t\t<\/div>\n\t\t\t\t<figcaption class='wp-caption-text gallery-caption' id='gallery-1-16384'>\n\t\t\t\tArrogance culturelle\n\t\t\t\t<\/figcaption><\/figure>\n\t\t<\/div>\n\n","protected":false},"excerpt":{"rendered":"<p>CULTURE PARK, la chronique de Bernard Hasquenoph &#8211; <a href=\"http:\/\/www.louvrepourtous.fr\/\">louvrepourtous.fr<\/a><\/p>\n","protected":false},"author":625,"featured_media":16384,"comment_status":"open","ping_status":"open","sticky":false,"template":"","format":"standard","meta":{"_themeisle_gutenberg_block_has_review":false,"footnotes":""},"categories":[138],"tags":[357],"class_list":["post-5447","post","type-post","status-publish","format-standard","has-post-thumbnail","hentry","category-bernard-hasquenoph","tag-chronique"],"_links":{"self":[{"href":"https:\/\/archives.regards.fr\/index.php?rest_route=\/wp\/v2\/posts\/5447","targetHints":{"allow":["GET"]}}],"collection":[{"href":"https:\/\/archives.regards.fr\/index.php?rest_route=\/wp\/v2\/posts"}],"about":[{"href":"https:\/\/archives.regards.fr\/index.php?rest_route=\/wp\/v2\/types\/post"}],"author":[{"embeddable":true,"href":"https:\/\/archives.regards.fr\/index.php?rest_route=\/wp\/v2\/users\/625"}],"replies":[{"embeddable":true,"href":"https:\/\/archives.regards.fr\/index.php?rest_route=%2Fwp%2Fv2%2Fcomments&post=5447"}],"version-history":[{"count":0,"href":"https:\/\/archives.regards.fr\/index.php?rest_route=\/wp\/v2\/posts\/5447\/revisions"}],"wp:featuredmedia":[{"embeddable":true,"href":"https:\/\/archives.regards.fr\/index.php?rest_route=\/wp\/v2\/media\/16384"}],"wp:attachment":[{"href":"https:\/\/archives.regards.fr\/index.php?rest_route=%2Fwp%2Fv2%2Fmedia&parent=5447"}],"wp:term":[{"taxonomy":"category","embeddable":true,"href":"https:\/\/archives.regards.fr\/index.php?rest_route=%2Fwp%2Fv2%2Fcategories&post=5447"},{"taxonomy":"post_tag","embeddable":true,"href":"https:\/\/archives.regards.fr\/index.php?rest_route=%2Fwp%2Fv2%2Ftags&post=5447"}],"curies":[{"name":"wp","href":"https:\/\/api.w.org\/{rel}","templated":true}]}}