{"id":5446,"date":"2012-06-20T08:00:00","date_gmt":"2012-06-20T06:00:00","guid":{"rendered":"https:\/\/wp.muchomaas.com\/tous-ensemble-tous-ensemble5446\/"},"modified":"2023-06-23T23:11:34","modified_gmt":"2023-06-23T21:11:34","slug":"tous-ensemble-tous-ensemble5446","status":"publish","type":"post","link":"https:\/\/archives.regards.fr\/?p=5446","title":{"rendered":"Tous ensemble, tous ensemble\u2026"},"content":{"rendered":"<p class=\"post_excerpt\">O\u00f9 l\u2019on comprend que m\u00eame les super-h\u00e9ros<br \/>\nimp\u00e9rialistes en spandex peuvent \u00eatre raccords avec<br \/>\nGeorges M. lorsqu\u2019il \u00e9non\u00e7ait il y a pr\u00e8s de 40 ans que<br \/>\n\u00ab l\u2019union est un combat \u00bb.<\/p>\n<p>Il s\u2019agit d\u2019abord de reconna\u00eetre la part de plaisir, tout autant<br \/>\nque de honte bue, \u00e0 entrer dans une salle de cin\u00e9ma pour y<br \/>\nvisionner un film comme <em>Avengers<\/em>. Soit Iron Man, Captain<br \/>\nAmerica, Hulk, La Veuve Noire, The Hawk, Thor et Nick Fury,<br \/>\nr\u00e9unis \u00e0 l\u2019\u00e9cran pour r\u00e9sister \u00e0 l\u2019invasion de ceux qui menacent<br \/>\nnotre plan\u00e8te Terre, comme on pense se sauver de la famine<br \/>\nen ingurgitant un hamburger constitu\u00e9 de deux tranches<br \/>\nde steak hach\u00e9, de cornichons mous, de salade industrielle,<br \/>\nd\u2019une tranche de fromage fondu, ainsi que d\u2019une sauce secr\u00e8te\u2026<br \/>\nCeci pour dire que ce film est d\u2019abord proprement<br \/>\nindigeste.<\/p>\n<p>Et pourtant, dans cet oc\u00e9an de mauvais go\u00fbt visuel, on ne<br \/>\npeut s\u2019emp\u00eacher d\u2019\u00e9prouver une joie trouble \u00e0 percevoir,<br \/>\npar-del\u00e0 la propagande bouffonne du propos, une morale<br \/>\npolitique surgissant des tr\u00e9fonds de cet objet cin\u00e9matographique<br \/>\n\u00ab mainstream \u00bb. Il suffit pour cela de transposer les<br \/>\ncodes du film pour s\u2019apercevoir que <em>Avengers<\/em>, apr\u00e8s tout,<br \/>\npourrait m\u00eame participer, quoi qu\u2019imparfaitement, au d\u00e9bat<br \/>\ncentral de la \u00ab convergence des luttes \u00bb.<\/p>\n<p>Il para\u00eet ainsi assez \u00e9vident d\u2019identifier, chez nous, Loki, demi-<br \/>\ndieu jaloux et revanchard pr\u00eat \u00e0 asservir la Terre et ses<br \/>\nhabitants avec l\u2019aide de monstres galactiques, \u00e9quivalents<br \/>\ngrand \u00e9cran des b\u00eates immondes qui nous pourrissent d\u00e9j\u00e0<br \/>\nla vie. De l\u2019autre c\u00f4t\u00e9 du manche, la bande des Vengeurs a<br \/>\nd\u2019abord du mal \u00e0 se constituer, malgr\u00e9 l\u2019intervention logistique<br \/>\nimpressionnante du Shield. C\u2019est que, de ce c\u00f4t\u00e9-ci de<br \/>\nla libert\u00e9, chacun d\u00e9fend son ind\u00e9pendance et son pr\u00e9 carr\u00e9.<br \/>\nQuant \u00e0 l\u2019organisation sus-cit\u00e9e, elle est \u00e0 la fois indispensable<br \/>\n\u00e0 chacun des protagonistes et critiqu\u00e9e pour son r\u00f4le<br \/>\nh\u00e9g\u00e9monique et ses objectifs cach\u00e9s. Vous pigez ?<\/p>\n<p>La cl\u00e9 du succ\u00e8s viendra de Hulk,<br \/>\npersonnage ambivalent et d\u2019abord<br \/>\nrepoussoir de toute la bande.<br \/>\nM\u00eame si, l\u00e0 encore, comparaison<br \/>\nn\u2019est pas raison, Hulk, timide en priv\u00e9,<br \/>\nterrible en public, sera celui via<br \/>\nlequel viendront finalement s\u2019agr\u00e9ger<br \/>\nles super-pouvoirs de chacun<br \/>\ndes h\u00e9ros latex\u00e9s. Certes, Hulk<br \/>\nn\u2019est pas rouge mais vert, nonobstant,<br \/>\ncomme nous tous, mais particuli\u00e8rement<br \/>\ncelui-l\u00e0, Hulk poss\u00e8de<br \/>\nune force qui tient en peu de mots :<br \/>\nil est toujours en col\u00e8re !<div id='gallery-1' class='gallery galleryid-5446 gallery-columns-3 gallery-size-thumbnail'><figure class='gallery-item'>\n\t\t\t<div class='gallery-icon landscape'>\n\t\t\t\t<a href='https:\/\/archives.regards.fr\/wp-content\/uploads\/2012\/05\/avs-840.jpg'><img loading=\"lazy\" decoding=\"async\" width=\"150\" height=\"150\" src=\"https:\/\/archives.regards.fr\/wp-content\/uploads\/2012\/05\/avs-840-150x150.jpg\" class=\"attachment-thumbnail size-thumbnail\" alt=\"Tous ensemble, tous ensemble\u2026\" aria-describedby=\"gallery-1-16381\" \/><\/a>\n\t\t\t<\/div>\n\t\t\t\t<figcaption class='wp-caption-text gallery-caption' id='gallery-1-16381'>\n\t\t\t\tTous ensemble, tous ensemble\u2026\n\t\t\t\t<\/figcaption><\/figure><figure class='gallery-item'>\n\t\t\t<div class='gallery-icon landscape'>\n\t\t\t\t<a href='https:\/\/archives.regards.fr\/wp-content\/uploads\/2012\/05\/av-c6a.jpg'><img loading=\"lazy\" decoding=\"async\" width=\"150\" height=\"150\" src=\"https:\/\/archives.regards.fr\/wp-content\/uploads\/2012\/05\/av-c6a-150x150.jpg\" class=\"attachment-thumbnail size-thumbnail\" alt=\"av.jpg\" \/><\/a>\n\t\t\t<\/div><\/figure>\n\t\t<\/div>\n<\/p>\n","protected":false},"excerpt":{"rendered":"<p>O\u00f9 l\u2019on comprend que m\u00eame les super-h\u00e9ros<br \/>\nimp\u00e9rialistes en spandex peuvent \u00eatre raccords avec<br \/>\nGeorges M. lorsqu\u2019il \u00e9non\u00e7ait il y a pr\u00e8s de 40 ans que<br \/>\n\u00ab l\u2019union est un combat \u00bb.<\/p>\n","protected":false},"author":1,"featured_media":16381,"comment_status":"open","ping_status":"open","sticky":false,"template":"","format":"standard","meta":{"_themeisle_gutenberg_block_has_review":false,"footnotes":""},"categories":[141],"tags":[299],"class_list":["post-5446","post","type-post","status-publish","format-standard","has-post-thumbnail","hentry","category-archives-web","tag-cinema"],"_links":{"self":[{"href":"https:\/\/archives.regards.fr\/index.php?rest_route=\/wp\/v2\/posts\/5446","targetHints":{"allow":["GET"]}}],"collection":[{"href":"https:\/\/archives.regards.fr\/index.php?rest_route=\/wp\/v2\/posts"}],"about":[{"href":"https:\/\/archives.regards.fr\/index.php?rest_route=\/wp\/v2\/types\/post"}],"author":[{"embeddable":true,"href":"https:\/\/archives.regards.fr\/index.php?rest_route=\/wp\/v2\/users\/1"}],"replies":[{"embeddable":true,"href":"https:\/\/archives.regards.fr\/index.php?rest_route=%2Fwp%2Fv2%2Fcomments&post=5446"}],"version-history":[{"count":0,"href":"https:\/\/archives.regards.fr\/index.php?rest_route=\/wp\/v2\/posts\/5446\/revisions"}],"wp:featuredmedia":[{"embeddable":true,"href":"https:\/\/archives.regards.fr\/index.php?rest_route=\/wp\/v2\/media\/16381"}],"wp:attachment":[{"href":"https:\/\/archives.regards.fr\/index.php?rest_route=%2Fwp%2Fv2%2Fmedia&parent=5446"}],"wp:term":[{"taxonomy":"category","embeddable":true,"href":"https:\/\/archives.regards.fr\/index.php?rest_route=%2Fwp%2Fv2%2Fcategories&post=5446"},{"taxonomy":"post_tag","embeddable":true,"href":"https:\/\/archives.regards.fr\/index.php?rest_route=%2Fwp%2Fv2%2Ftags&post=5446"}],"curies":[{"name":"wp","href":"https:\/\/api.w.org\/{rel}","templated":true}]}}