{"id":5444,"date":"2012-06-11T08:00:00","date_gmt":"2012-06-11T06:00:00","guid":{"rendered":"https:\/\/wp.muchomaas.com\/quand-tu-enleves-les-lettres-fn-de5444\/"},"modified":"2023-06-23T23:11:34","modified_gmt":"2023-06-23T21:11:34","slug":"quand-tu-enleves-les-lettres-fn-de5444","status":"publish","type":"post","link":"https:\/\/archives.regards.fr\/?p=5444","title":{"rendered":"\u00ab Quand tu enl\u00e8ves les lettres FN de France, t\u2019as vu, il reste race \u00bb Djalil, 24 ans, H\u00e9nin Beaumont (62)."},"content":{"rendered":"<p class=\"post_excerpt\">QUARTIERS LIBRES, la chronique de Raph\u00e4l Yem.<\/p>\n<p><strong>A pr\u00e8s ce battle pr\u00e9sidentiel, elle a le<br \/>\nsourire aux l\u00e8vres Marine, et pas un<br \/>\nbleu<\/strong>. C\u2019est tout le contraire, le petit<br \/>\nNicolas n\u2019ayant cess\u00e9 de l\u00e9gitimer ses conneries<br \/>\npolitiques, tout au long du pr\u00e9c\u00e9dent quinquennat<br \/>\net de la campagne. Aux l\u00e9gislatives,<br \/>\nc\u2019est son parti qui risque de manger les coups,<br \/>\net de se faire bouffer par ce que va devenir le<br \/>\nFN : un mouvement dans lequel les droites vont<br \/>\nse m\u00e9langer. Le seul m\u00e9tissage que le Front<br \/>\npourrait accepter, pour enfin acc\u00e9der au pouvoir<br \/>\net nous faire du mal. Derri\u00e8re le \u00ab vrai travail<br \/>\n\u00bb de Sarkozy risque de d\u00e9barquer le \u00ab vrai<br \/>\nFran\u00e7ais \u00bb de Le Pen. Et je ne sais pas pourquoi,<br \/>\nmais je suis s\u00fbr qu\u2019il n\u2019a rien d\u2019un banlieusard<br \/>\n! \u00ab <em>Tout le monde passe sa vie en banlieue,<br \/>\net bien moi je ne vais pas en banlieue<\/em> \u00bb,<br \/>\ndisait Marine \u00e0 quelques semaines du premier<br \/>\ntour, en parlant de ses adversaires, comme un<br \/>\nsheitan qui pr\u00e9pare un sale coup. \u00ab <em>Les quartiers<br \/>\ndans les banlieues, ils ont tout : les cam\u00e9ras<br \/>\nde t\u00e9l\u00e9vision, l\u2019argent de la politique de la<br \/>\nville qui se d\u00e9verse, ce sont des milliards.<\/em> \u00bb<\/p>\n<p>Des \u00ab cam\u00e9ras \u00bb pour tourner des reportages<br \/>\nclich\u00e9s sur les trafics en tout genre et autres<br \/>\nfraudes sociales. Des bulldozers de l\u2019ANRU<br \/>\npour d\u00e9truire tous les lieux de vie et faire place<br \/>\nnette \u00e0 la \u00ab r\u00e9sidentialisation \u00bb. Des \u00ab milliards \u00bb<br \/>\nque les habitants de la deuxi\u00e8me France n\u2019ont<br \/>\njamais palp\u00e9s : des halls toujours aussi puants,<br \/>\ndes assos de terrain qui perdent des subventions,<br \/>\ndes services aux publics qui se barrent,<br \/>\ndes \u00e9coles de la vingti\u00e8me chance, un taux de<br \/>\nch\u00f4mage qui part en chips. Madame Le Pen<br \/>\njoue la division entre les citoyens que nous<br \/>\nsommes toutes et tous, et d\u00e9bite un discours<br \/>\nqui pla\u00eet \u00e0 son \u00e9lectorat effray\u00e9, la France de la<br \/>\nruralit\u00e9 \u2013 qui n\u2019a vu la banlieue que sur TF1 et<br \/>\nautre TMC \u2013, comme en attestent les derniers<br \/>\nr\u00e9sultats. Marine n\u2019est pas \u00ab moins pire \u00bb que<br \/>\nson p\u00e8re, elle n\u2019est pas diff\u00e9rente. Au contraire,<br \/>\nelle est plus dangereuse. Que les banlieusards<br \/>\n\u00abdu-per\u00bb, s\u00e9duits par sa grande gueule ou sa<br \/>\ncoupe old school \u00e0 la Brigitte Bardot se r\u00e9veillent<br \/>\n: elle n\u2019aime pas la banlieue, et tout ce<br \/>\nque nous repr\u00e9sentons, ou ce que nous pourrons<br \/>\n\u00eatre ou faire demain. \u00c7a tombe bien, nous<br \/>\nnon plus. \u00ab <em>Si le FN brandit sa flamme, j\u2019suis l\u00e0<br \/>\npour l\u2019\u00e9teindre, c\u2019est clair<\/em> \u00bb, rappait NTM. Alors<br \/>\noui, la France. Non, Marine.<div id='gallery-1' class='gallery galleryid-5444 gallery-columns-3 gallery-size-thumbnail'><figure class='gallery-item'>\n\t\t\t<div class='gallery-icon landscape'>\n\t\t\t\t<a href='https:\/\/archives.regards.fr\/wp-content\/uploads\/2012\/05\/frs-da3.jpg'><img loading=\"lazy\" decoding=\"async\" width=\"150\" height=\"150\" src=\"https:\/\/archives.regards.fr\/wp-content\/uploads\/2012\/05\/frs-da3-150x150.jpg\" class=\"attachment-thumbnail size-thumbnail\" alt=\"\u00ab Quand tu enl\u00e8ves les lettres FN de France, t\u2019as vu, il reste race \u00bb Djalil, 24 ans, H\u00e9nin Beaumont (62).\" aria-describedby=\"gallery-1-16373\" \/><\/a>\n\t\t\t<\/div>\n\t\t\t\t<figcaption class='wp-caption-text gallery-caption' id='gallery-1-16373'>\n\t\t\t\t\u00ab Quand tu enl\u00e8ves les lettres FN de France, t\u2019as vu, il reste race \u00bb Djalil, 24 ans, H\u00e9nin Beaumont (62).\n\t\t\t\t<\/figcaption><\/figure><figure class='gallery-item'>\n\t\t\t<div class='gallery-icon landscape'>\n\t\t\t\t<a href='https:\/\/archives.regards.fr\/wp-content\/uploads\/2012\/05\/frb-87b.jpg'><img loading=\"lazy\" decoding=\"async\" width=\"150\" height=\"122\" src=\"https:\/\/archives.regards.fr\/wp-content\/uploads\/2012\/05\/frb-87b-150x122.jpg\" class=\"attachment-thumbnail size-thumbnail\" alt=\"\u00ab Quand tu enl\u00e8ves les lettres FN de France, t\u2019as vu, il reste race \u00bb Djalil, 24 ans, H\u00e9nin Beaumont (62).\" aria-describedby=\"gallery-1-16374\" \/><\/a>\n\t\t\t<\/div>\n\t\t\t\t<figcaption class='wp-caption-text gallery-caption' id='gallery-1-16374'>\n\t\t\t\t\u00ab Quand tu enl\u00e8ves les lettres FN de France, t\u2019as vu, il reste race \u00bb Djalil, 24 ans, H\u00e9nin Beaumont (62).\n\t\t\t\t<\/figcaption><\/figure><figure class='gallery-item'>\n\t\t\t<div class='gallery-icon landscape'>\n\t\t\t\t<a href='https:\/\/archives.regards.fr\/wp-content\/uploads\/2012\/05\/fr-2e2.jpg'><img loading=\"lazy\" decoding=\"async\" width=\"150\" height=\"150\" src=\"https:\/\/archives.regards.fr\/wp-content\/uploads\/2012\/05\/fr-2e2-150x150.jpg\" class=\"attachment-thumbnail size-thumbnail\" alt=\"fr.jpg\" \/><\/a>\n\t\t\t<\/div><\/figure>\n\t\t<\/div>\n<\/p>\n","protected":false},"excerpt":{"rendered":"<p>QUARTIERS LIBRES, la chronique de Raph\u00e4l Yem.<\/p>\n","protected":false},"author":1,"featured_media":16373,"comment_status":"open","ping_status":"open","sticky":false,"template":"","format":"standard","meta":{"_themeisle_gutenberg_block_has_review":false,"footnotes":""},"categories":[134],"tags":[357],"class_list":["post-5444","post","type-post","status-publish","format-standard","has-post-thumbnail","hentry","category-raphal-yem","tag-chronique"],"_links":{"self":[{"href":"https:\/\/archives.regards.fr\/index.php?rest_route=\/wp\/v2\/posts\/5444","targetHints":{"allow":["GET"]}}],"collection":[{"href":"https:\/\/archives.regards.fr\/index.php?rest_route=\/wp\/v2\/posts"}],"about":[{"href":"https:\/\/archives.regards.fr\/index.php?rest_route=\/wp\/v2\/types\/post"}],"author":[{"embeddable":true,"href":"https:\/\/archives.regards.fr\/index.php?rest_route=\/wp\/v2\/users\/1"}],"replies":[{"embeddable":true,"href":"https:\/\/archives.regards.fr\/index.php?rest_route=%2Fwp%2Fv2%2Fcomments&post=5444"}],"version-history":[{"count":0,"href":"https:\/\/archives.regards.fr\/index.php?rest_route=\/wp\/v2\/posts\/5444\/revisions"}],"wp:featuredmedia":[{"embeddable":true,"href":"https:\/\/archives.regards.fr\/index.php?rest_route=\/wp\/v2\/media\/16373"}],"wp:attachment":[{"href":"https:\/\/archives.regards.fr\/index.php?rest_route=%2Fwp%2Fv2%2Fmedia&parent=5444"}],"wp:term":[{"taxonomy":"category","embeddable":true,"href":"https:\/\/archives.regards.fr\/index.php?rest_route=%2Fwp%2Fv2%2Fcategories&post=5444"},{"taxonomy":"post_tag","embeddable":true,"href":"https:\/\/archives.regards.fr\/index.php?rest_route=%2Fwp%2Fv2%2Ftags&post=5444"}],"curies":[{"name":"wp","href":"https:\/\/api.w.org\/{rel}","templated":true}]}}