{"id":5432,"date":"2012-06-24T08:00:00","date_gmt":"2012-06-24T06:00:00","guid":{"rendered":"https:\/\/wp.muchomaas.com\/credit-revolving-cofinogogo5432\/"},"modified":"2023-06-23T23:11:30","modified_gmt":"2023-06-23T21:11:30","slug":"credit-revolving-cofinogogo5432","status":"publish","type":"post","link":"https:\/\/archives.regards.fr\/?p=5432","title":{"rendered":"Cr\u00e9dit revolving, Cofinogogo"},"content":{"rendered":"<p><strong>Cens\u00e9e assainir la pratique du cr\u00e9dit \u00e0 la<br \/>\nconsommation, la loi Lagarde est en vigueur<br \/>\ndepuis un an.<\/strong> Avec quel bilan ? Pour y r\u00e9pondre,<br \/>\n<em>UFC-Que Choisir<\/em> a enqu\u00eat\u00e9 aupr\u00e8s<br \/>\nde magasins et de sites Internet. Les r\u00e9sultats<br \/>\nsont \u00ab <em>affligeants<\/em> \u00bb. Si la loi comporte \u00ab <em>de<br \/>\nnombreuses avanc\u00e9es<\/em> \u00bb, notamment parce<br \/>\nqu&#8217;elle exige de proposer une offre alternative<br \/>\nau cr\u00e9dit renouvelable (revolving), son application<br \/>\nne suit pas. \u00ab <em>Les propositions directes<br \/>\nde cr\u00e9dit renouvelable baissent (36 %), mais<br \/>\n78 % d\u2019entre elles ne font l\u2019objet d\u2019aucune<br \/>\noffre alternative de cr\u00e9dit amortissable<\/em> \u00bb, d\u00e9plore<br \/>\nl&#8217;association de consommateurs. \u00ab <em>Pour<br \/>\nobtenir un &#8220;X fois sans frais&#8221; ou un amortissable,<br \/>\nles consommateurs doivent s\u2019\u00e9quiper encore<br \/>\net toujours d\u2019une carte magasin, sur laquelle<br \/>\nse trouve dans 75 % des cas un cr\u00e9dit renouvelable.<br \/>\nAu final, dans pr\u00e8s de trois cas sur<br \/>\nquatre, le consommateur ressort toujours avec<br \/>\ndu renouvelable.<\/em> \u00bb Et pendant ce temps, le<br \/>\nsurendettement explose en France : +6,6 %<br \/>\nen 2011. Alors, \u00ab <em>comment admettre que la loi<br \/>\nLagarde ne soit qu\u2019un tigre de papier pour les<br \/>\nlieux de vente et les sites Internet ?<\/em> \u00bb L&#8217;<em>UFC Que<br \/>\nChoisir<\/em> a donc d\u00e9cid\u00e9 de porter plainte<br \/>\nau niveau local contre des magasins des<br \/>\ngroupes Carrefour, But, Fly, Cora. Et au niveau<br \/>\nnational, contre Sofinco, Financo, Cetelem,<br \/>\nCofidis et Cofinoga.<div id='gallery-1' class='gallery galleryid-5432 gallery-columns-3 gallery-size-thumbnail'><figure class='gallery-item'>\n\t\t\t<div class='gallery-icon landscape'>\n\t\t\t\t<a href='https:\/\/archives.regards.fr\/wp-content\/uploads\/2012\/05\/cos-374.jpg'><img loading=\"lazy\" decoding=\"async\" width=\"150\" height=\"150\" src=\"https:\/\/archives.regards.fr\/wp-content\/uploads\/2012\/05\/cos-374-150x150.jpg\" class=\"attachment-thumbnail size-thumbnail\" alt=\"Cr\u00e9dit revolving, Cofinogogo\" aria-describedby=\"gallery-1-16331\" \/><\/a>\n\t\t\t<\/div>\n\t\t\t\t<figcaption class='wp-caption-text gallery-caption' id='gallery-1-16331'>\n\t\t\t\tCr\u00e9dit revolving, Cofinogogo\n\t\t\t\t<\/figcaption><\/figure><figure class='gallery-item'>\n\t\t\t<div class='gallery-icon landscape'>\n\t\t\t\t<a href='https:\/\/archives.regards.fr\/wp-content\/uploads\/2012\/05\/cob-6ac.jpg'><img loading=\"lazy\" decoding=\"async\" width=\"150\" height=\"122\" src=\"https:\/\/archives.regards.fr\/wp-content\/uploads\/2012\/05\/cob-6ac-150x122.jpg\" class=\"attachment-thumbnail size-thumbnail\" alt=\"Cr\u00e9dit revolving, Cofinogogo\" aria-describedby=\"gallery-1-16332\" \/><\/a>\n\t\t\t<\/div>\n\t\t\t\t<figcaption class='wp-caption-text gallery-caption' id='gallery-1-16332'>\n\t\t\t\tCr\u00e9dit revolving, Cofinogogo\n\t\t\t\t<\/figcaption><\/figure><figure class='gallery-item'>\n\t\t\t<div class='gallery-icon landscape'>\n\t\t\t\t<a href='https:\/\/archives.regards.fr\/wp-content\/uploads\/2012\/05\/coc-57a.jpg'><img loading=\"lazy\" decoding=\"async\" width=\"80\" height=\"55\" src=\"https:\/\/archives.regards.fr\/wp-content\/uploads\/2012\/05\/coc-57a.jpg\" class=\"attachment-thumbnail size-thumbnail\" alt=\"Cr\u00e9dit revolving, Cofinogogo\" aria-describedby=\"gallery-1-16333\" \/><\/a>\n\t\t\t<\/div>\n\t\t\t\t<figcaption class='wp-caption-text gallery-caption' id='gallery-1-16333'>\n\t\t\t\tCr\u00e9dit revolving, Cofinogogo\n\t\t\t\t<\/figcaption><\/figure>\n\t\t<\/div>\n<\/p>\n","protected":false},"excerpt":{"rendered":"<p>Cens\u00e9e assainir la pratique du cr\u00e9dit \u00e0 la consommation, la loi Lagarde est en vigueur depuis un an. Avec quel bilan ? Pour y r\u00e9pondre, UFC-Que Choisir a enqu\u00eat\u00e9 aupr\u00e8s de magasins et de sites Internet. Les r\u00e9sultats sont \u00ab affligeants \u00bb. Si la loi comporte \u00ab de nombreuses avanc\u00e9es \u00bb, notamment parce qu&#8217;elle exige [&hellip;]<\/p>\n","protected":false},"author":1,"featured_media":16331,"comment_status":"open","ping_status":"open","sticky":false,"template":"","format":"standard","meta":{"_themeisle_gutenberg_block_has_review":false,"footnotes":""},"categories":[141],"tags":[297],"class_list":["post-5432","post","type-post","status-publish","format-standard","has-post-thumbnail","hentry","category-archives-web","tag-inegalites"],"_links":{"self":[{"href":"https:\/\/archives.regards.fr\/index.php?rest_route=\/wp\/v2\/posts\/5432","targetHints":{"allow":["GET"]}}],"collection":[{"href":"https:\/\/archives.regards.fr\/index.php?rest_route=\/wp\/v2\/posts"}],"about":[{"href":"https:\/\/archives.regards.fr\/index.php?rest_route=\/wp\/v2\/types\/post"}],"author":[{"embeddable":true,"href":"https:\/\/archives.regards.fr\/index.php?rest_route=\/wp\/v2\/users\/1"}],"replies":[{"embeddable":true,"href":"https:\/\/archives.regards.fr\/index.php?rest_route=%2Fwp%2Fv2%2Fcomments&post=5432"}],"version-history":[{"count":0,"href":"https:\/\/archives.regards.fr\/index.php?rest_route=\/wp\/v2\/posts\/5432\/revisions"}],"wp:featuredmedia":[{"embeddable":true,"href":"https:\/\/archives.regards.fr\/index.php?rest_route=\/wp\/v2\/media\/16331"}],"wp:attachment":[{"href":"https:\/\/archives.regards.fr\/index.php?rest_route=%2Fwp%2Fv2%2Fmedia&parent=5432"}],"wp:term":[{"taxonomy":"category","embeddable":true,"href":"https:\/\/archives.regards.fr\/index.php?rest_route=%2Fwp%2Fv2%2Fcategories&post=5432"},{"taxonomy":"post_tag","embeddable":true,"href":"https:\/\/archives.regards.fr\/index.php?rest_route=%2Fwp%2Fv2%2Ftags&post=5432"}],"curies":[{"name":"wp","href":"https:\/\/api.w.org\/{rel}","templated":true}]}}