{"id":5420,"date":"2012-06-22T08:00:00","date_gmt":"2012-06-22T06:00:00","guid":{"rendered":"https:\/\/wp.muchomaas.com\/etat-social5420\/"},"modified":"2012-06-22T08:00:00","modified_gmt":"2012-06-22T06:00:00","slug":"etat-social5420","status":"publish","type":"post","link":"https:\/\/archives.regards.fr\/?p=5420","title":{"rendered":"\u00c9tat social"},"content":{"rendered":"<p class=\"post_excerpt\">Christophe Ramaux<\/p>\n<p><strong>Christophe Ramaux \u00e9bauche<br \/>\nune th\u00e9orie de l\u2019\u00c9tat social, le<br \/>\nd\u00e9finissant comme une composante<br \/>\nessentielle de la d\u00e9mocratie.<\/strong><br \/>\nSa pr\u00e9sence est pr\u00e9sent\u00e9e<br \/>\ncomme incompatible avec une<br \/>\nsoci\u00e9t\u00e9 capitaliste, m\u00eame s\u2019il<br \/>\npeut cohabiter avec des rapports<br \/>\ncapitalistes et des march\u00e9s.<br \/>\nVoici donc un livre complet<br \/>\nsur l\u2019\u00c9tat social, apparu au<br \/>\ntournant des XIXe et XXe si\u00e8cles,<br \/>\nqui se d\u00e9cline autour de quatre<br \/>\npiliers : la protection sociale,<br \/>\nle droit du travail, les services<br \/>\npublics et les politiques \u00e9conomiques.<br \/>\nS\u2019il redonne de l\u2019espoir,<br \/>\nil aurait toutefois pu d\u00e9boucher<br \/>\nsur autre chose qu\u2019un remake improbable<br \/>\ndu keyn\u00e9sianisme des<br \/>\nTrente glorieuses.<\/p>\n","protected":false},"excerpt":{"rendered":"<p>Christophe Ramaux<\/p>\n","protected":false},"author":672,"featured_media":16305,"comment_status":"open","ping_status":"open","sticky":false,"template":"","format":"standard","meta":{"_themeisle_gutenberg_block_has_review":false,"footnotes":""},"categories":[111],"tags":[392],"class_list":["post-5420","post","type-post","status-publish","format-standard","has-post-thumbnail","hentry","category-nos-selections","tag-essai"],"_links":{"self":[{"href":"https:\/\/archives.regards.fr\/index.php?rest_route=\/wp\/v2\/posts\/5420","targetHints":{"allow":["GET"]}}],"collection":[{"href":"https:\/\/archives.regards.fr\/index.php?rest_route=\/wp\/v2\/posts"}],"about":[{"href":"https:\/\/archives.regards.fr\/index.php?rest_route=\/wp\/v2\/types\/post"}],"author":[{"embeddable":true,"href":"https:\/\/archives.regards.fr\/index.php?rest_route=\/wp\/v2\/users\/672"}],"replies":[{"embeddable":true,"href":"https:\/\/archives.regards.fr\/index.php?rest_route=%2Fwp%2Fv2%2Fcomments&post=5420"}],"version-history":[{"count":0,"href":"https:\/\/archives.regards.fr\/index.php?rest_route=\/wp\/v2\/posts\/5420\/revisions"}],"wp:featuredmedia":[{"embeddable":true,"href":"https:\/\/archives.regards.fr\/index.php?rest_route=\/wp\/v2\/media\/16305"}],"wp:attachment":[{"href":"https:\/\/archives.regards.fr\/index.php?rest_route=%2Fwp%2Fv2%2Fmedia&parent=5420"}],"wp:term":[{"taxonomy":"category","embeddable":true,"href":"https:\/\/archives.regards.fr\/index.php?rest_route=%2Fwp%2Fv2%2Fcategories&post=5420"},{"taxonomy":"post_tag","embeddable":true,"href":"https:\/\/archives.regards.fr\/index.php?rest_route=%2Fwp%2Fv2%2Ftags&post=5420"}],"curies":[{"name":"wp","href":"https:\/\/api.w.org\/{rel}","templated":true}]}}