{"id":5419,"date":"2012-05-18T16:33:21","date_gmt":"2012-05-18T14:33:21","guid":{"rendered":"https:\/\/wp.muchomaas.com\/indignes5419\/"},"modified":"2012-05-18T16:33:21","modified_gmt":"2012-05-18T14:33:21","slug":"indignes5419","status":"publish","type":"post","link":"https:\/\/archives.regards.fr\/?p=5419","title":{"rendered":"Indign\u00e9s"},"content":{"rendered":"<p class=\"post_excerpt\">Contretemps<\/p>\n<p><strong>\u00ab <em>Le mouvement Occupy Wall<br \/>\nstreet est actuellement la chose<br \/>\nla plus importante du monde<\/em> \u00bb,<br \/>\n\u00e9crit Naomi Klein dans un article<br \/>\nreproduit dans cet ouvrage et<br \/>\nparu en France sur le site Bastamag.net.<\/strong> C\u2019est sans doute<br \/>\nen suivant cette analyse que la<br \/>\nrevue <em>Contretemps<\/em> a r\u00e9uni des<br \/>\ndocuments sur les Indign\u00e9s,<br \/>\nd\u00e9crits \u00e0 raison non comme un<br \/>\nmouvement mais comme une<br \/>\nconstellation. Aussi fallait-il que<br \/>\nformellement ce postulat apparaisse.<br \/>\nOn peut donc lire avec<br \/>\nle m\u00eame int\u00e9r\u00eat une analyse de<br \/>\nJudith Butler ou Toni Negri, un<br \/>\ntexte anonyme et po\u00e9tique ou<br \/>\ndes \u00ab <em>choses entendues place<br \/>\nSyntagma<\/em> \u00bb. Tout cela participe<br \/>\nd\u2019un ph\u00e9nom\u00e8ne global, une histoire<br \/>\nimm\u00e9diate en cours d\u2019\u00e9criture.<\/p>\n","protected":false},"excerpt":{"rendered":"<p>Contretemps<\/p>\n","protected":false},"author":569,"featured_media":16304,"comment_status":"open","ping_status":"open","sticky":false,"template":"","format":"standard","meta":{"_themeisle_gutenberg_block_has_review":false,"footnotes":""},"categories":[111],"tags":[415],"class_list":["post-5419","post","type-post","status-publish","format-standard","has-post-thumbnail","hentry","category-nos-selections","tag-revue"],"_links":{"self":[{"href":"https:\/\/archives.regards.fr\/index.php?rest_route=\/wp\/v2\/posts\/5419","targetHints":{"allow":["GET"]}}],"collection":[{"href":"https:\/\/archives.regards.fr\/index.php?rest_route=\/wp\/v2\/posts"}],"about":[{"href":"https:\/\/archives.regards.fr\/index.php?rest_route=\/wp\/v2\/types\/post"}],"author":[{"embeddable":true,"href":"https:\/\/archives.regards.fr\/index.php?rest_route=\/wp\/v2\/users\/569"}],"replies":[{"embeddable":true,"href":"https:\/\/archives.regards.fr\/index.php?rest_route=%2Fwp%2Fv2%2Fcomments&post=5419"}],"version-history":[{"count":0,"href":"https:\/\/archives.regards.fr\/index.php?rest_route=\/wp\/v2\/posts\/5419\/revisions"}],"wp:featuredmedia":[{"embeddable":true,"href":"https:\/\/archives.regards.fr\/index.php?rest_route=\/wp\/v2\/media\/16304"}],"wp:attachment":[{"href":"https:\/\/archives.regards.fr\/index.php?rest_route=%2Fwp%2Fv2%2Fmedia&parent=5419"}],"wp:term":[{"taxonomy":"category","embeddable":true,"href":"https:\/\/archives.regards.fr\/index.php?rest_route=%2Fwp%2Fv2%2Fcategories&post=5419"},{"taxonomy":"post_tag","embeddable":true,"href":"https:\/\/archives.regards.fr\/index.php?rest_route=%2Fwp%2Fv2%2Ftags&post=5419"}],"curies":[{"name":"wp","href":"https:\/\/api.w.org\/{rel}","templated":true}]}}