{"id":5418,"date":"2012-05-29T08:00:00","date_gmt":"2012-05-29T06:00:00","guid":{"rendered":"https:\/\/wp.muchomaas.com\/cher-uranium5418\/"},"modified":"2012-05-29T08:00:00","modified_gmt":"2012-05-29T06:00:00","slug":"cher-uranium5418","status":"publish","type":"post","link":"https:\/\/archives.regards.fr\/?p=5418","title":{"rendered":"Cher uranium"},"content":{"rendered":"<p class=\"post_excerpt\">Rapha\u00ebl<br \/>\nGranvaud<\/p>\n<p>La France puise un tiers de<br \/>\nl\u2019uranium n\u00e9cessaire \u00e0 ses cinquante-<br \/>\nhuit centrales dans le<br \/>\nsous-sol du seul Niger. Ce \u00ab Dossier<br \/>\nnoir \u00bb donne les cl\u00e9s (historique,<br \/>\npolitique, \u00e9conomique) de l&#8217;<br \/>\nint\u00e9r\u00eat nucl\u00e9aire de la France pour le<br \/>\ncontinent africain. Par la gr\u00e2ce<br \/>\nde quels accords et avec quelles<br \/>\ncons\u00e9quences, sociales et \u00e9cologiques,<br \/>\nAreva prend-elle l\u2019uranium<br \/>\nnig\u00e9rien ? Les r\u00e9ponses \u00e0<br \/>\nces questions n\u2019\u00e9tant pas tr\u00e8s<br \/>\njolies, le g\u00e9ant fran\u00e7ais du nucl\u00e9aire, qui prospecte aussi sur le continent pour y vendre de l&#8217;atome,<br \/>\ns\u2019emploie \u00e0 se fa\u00e7onner<br \/>\nune image irr\u00e9prochable. Bien<br \/>\n\u00e9corn\u00e9e ici par Rapha\u00ebl Granvaud<br \/>\nqui, apr\u00e8s <em>Que fait l&#8217;arm\u00e9e fran\u00e7aise en Afrique<\/em> (2009) poursuit son travail de<br \/>\nmise en lumi\u00e8re des ombres de<br \/>\nla pr\u00e9sence fran\u00e7aise en Afrique.<br \/>\nSalutaire. <\/p>\n","protected":false},"excerpt":{"rendered":"<p>Rapha\u00ebl<br \/>\nGranvaud<\/p>\n","protected":false},"author":558,"featured_media":16303,"comment_status":"open","ping_status":"open","sticky":false,"template":"","format":"standard","meta":{"_themeisle_gutenberg_block_has_review":false,"footnotes":""},"categories":[111],"tags":[392],"class_list":["post-5418","post","type-post","status-publish","format-standard","has-post-thumbnail","hentry","category-nos-selections","tag-essai"],"_links":{"self":[{"href":"https:\/\/archives.regards.fr\/index.php?rest_route=\/wp\/v2\/posts\/5418","targetHints":{"allow":["GET"]}}],"collection":[{"href":"https:\/\/archives.regards.fr\/index.php?rest_route=\/wp\/v2\/posts"}],"about":[{"href":"https:\/\/archives.regards.fr\/index.php?rest_route=\/wp\/v2\/types\/post"}],"author":[{"embeddable":true,"href":"https:\/\/archives.regards.fr\/index.php?rest_route=\/wp\/v2\/users\/558"}],"replies":[{"embeddable":true,"href":"https:\/\/archives.regards.fr\/index.php?rest_route=%2Fwp%2Fv2%2Fcomments&post=5418"}],"version-history":[{"count":0,"href":"https:\/\/archives.regards.fr\/index.php?rest_route=\/wp\/v2\/posts\/5418\/revisions"}],"wp:featuredmedia":[{"embeddable":true,"href":"https:\/\/archives.regards.fr\/index.php?rest_route=\/wp\/v2\/media\/16303"}],"wp:attachment":[{"href":"https:\/\/archives.regards.fr\/index.php?rest_route=%2Fwp%2Fv2%2Fmedia&parent=5418"}],"wp:term":[{"taxonomy":"category","embeddable":true,"href":"https:\/\/archives.regards.fr\/index.php?rest_route=%2Fwp%2Fv2%2Fcategories&post=5418"},{"taxonomy":"post_tag","embeddable":true,"href":"https:\/\/archives.regards.fr\/index.php?rest_route=%2Fwp%2Fv2%2Ftags&post=5418"}],"curies":[{"name":"wp","href":"https:\/\/api.w.org\/{rel}","templated":true}]}}