{"id":5417,"date":"2012-05-23T08:00:00","date_gmt":"2012-05-23T06:00:00","guid":{"rendered":"https:\/\/wp.muchomaas.com\/pavillon-bleme5417\/"},"modified":"2012-05-23T08:00:00","modified_gmt":"2012-05-23T06:00:00","slug":"pavillon-bleme5417","status":"publish","type":"post","link":"https:\/\/archives.regards.fr\/?p=5417","title":{"rendered":"Pavillon bl\u00eame"},"content":{"rendered":"<p class=\"post_excerpt\">Jean-Luc Debry<\/p>\n<p><strong>\u00ab <em>Le pavillon est la m\u00e9tonymie<br \/>\nd\u2019une \u00e9poque.<\/em> <\/strong> \u00bb Ce n\u2019est pas la<br \/>\nmaison individuelle d\u2019autrefois<br \/>\nr\u00e9serv\u00e9e \u00e0 \u00ab <em>l\u2019aristocratie ouvri\u00e8re<\/em><br \/>\n\u00bb. \u00ab <em>Le pavillon s\u2019invente<br \/>\ndes colonnades, s\u2019agr\u00e9mente<br \/>\nd\u2019un \u201c chien-assis\u201d ou se pare<br \/>\n\u00e0 l\u2019occasion d\u2019un oeil-de-boeuf.<br \/>\nSon apparence minaude.<\/em> \u00bb<br \/>\nLes zones pavillonnaires envahissent<br \/>\nles aires p\u00e9riurbaines<br \/>\net rurales, partout identiques,<br \/>\nconstell\u00e9es d\u2019axes routiers et de<br \/>\nronds-points. Dans le prolongement<br \/>\nd\u2019un pr\u00e9c\u00e9dant ouvrage,<br \/>\n<em>Tous propri\u00e9taires<\/em>, Jean-Luc<br \/>\nDebry porte un \u0153il critique sur<br \/>\nles modes de vie, la relation au<br \/>\nmonde et \u00e0 soi, ainsi que l\u2019id\u00e9ologie<br \/>\nqu\u2019engendre cette esth\u00e9tique<br \/>\nn\u00e9e de l\u2019\u00e9talement urbain.<\/p>\n","protected":false},"excerpt":{"rendered":"<p>Jean-Luc Debry<\/p>\n","protected":false},"author":573,"featured_media":16302,"comment_status":"open","ping_status":"open","sticky":false,"template":"","format":"standard","meta":{"_themeisle_gutenberg_block_has_review":false,"footnotes":""},"categories":[111],"tags":[392],"class_list":["post-5417","post","type-post","status-publish","format-standard","has-post-thumbnail","hentry","category-nos-selections","tag-essai"],"_links":{"self":[{"href":"https:\/\/archives.regards.fr\/index.php?rest_route=\/wp\/v2\/posts\/5417","targetHints":{"allow":["GET"]}}],"collection":[{"href":"https:\/\/archives.regards.fr\/index.php?rest_route=\/wp\/v2\/posts"}],"about":[{"href":"https:\/\/archives.regards.fr\/index.php?rest_route=\/wp\/v2\/types\/post"}],"author":[{"embeddable":true,"href":"https:\/\/archives.regards.fr\/index.php?rest_route=\/wp\/v2\/users\/573"}],"replies":[{"embeddable":true,"href":"https:\/\/archives.regards.fr\/index.php?rest_route=%2Fwp%2Fv2%2Fcomments&post=5417"}],"version-history":[{"count":0,"href":"https:\/\/archives.regards.fr\/index.php?rest_route=\/wp\/v2\/posts\/5417\/revisions"}],"wp:featuredmedia":[{"embeddable":true,"href":"https:\/\/archives.regards.fr\/index.php?rest_route=\/wp\/v2\/media\/16302"}],"wp:attachment":[{"href":"https:\/\/archives.regards.fr\/index.php?rest_route=%2Fwp%2Fv2%2Fmedia&parent=5417"}],"wp:term":[{"taxonomy":"category","embeddable":true,"href":"https:\/\/archives.regards.fr\/index.php?rest_route=%2Fwp%2Fv2%2Fcategories&post=5417"},{"taxonomy":"post_tag","embeddable":true,"href":"https:\/\/archives.regards.fr\/index.php?rest_route=%2Fwp%2Fv2%2Ftags&post=5417"}],"curies":[{"name":"wp","href":"https:\/\/api.w.org\/{rel}","templated":true}]}}