{"id":5416,"date":"2012-06-13T08:00:00","date_gmt":"2012-06-13T06:00:00","guid":{"rendered":"https:\/\/wp.muchomaas.com\/en-toile-de-front5416\/"},"modified":"2012-06-13T08:00:00","modified_gmt":"2012-06-13T06:00:00","slug":"en-toile-de-front5416","status":"publish","type":"post","link":"https:\/\/archives.regards.fr\/?p=5416","title":{"rendered":"En toile de Front"},"content":{"rendered":"<p class=\"post_excerpt\">\u00d8yvind Str\u00f8mmen<\/p>\n<p><strong>Les flots de commentaires<br \/>\nhaineux d\u00e9vers\u00e9s sur la blogosph\u00e8re<br \/>\nfascisto\u00efde ne sont<br \/>\npas seulement virtuels, Anders<br \/>\nBreivik en a produit la terrible<br \/>\nd\u00e9monstration<\/strong>. Pourtant, alors<br \/>\nque les partis de droite radicale<br \/>\nprosp\u00e8rent en Europe, l\u2019origine<br \/>\nnationaliste des actes terroristes<br \/>\nsuscite toujours l\u2019incr\u00e9dulit\u00e9.<br \/>\n\u00ab <em>Ce livre est l\u00e0 pour<br \/>\ntenter d\u2019affronter la na\u00efvet\u00e9<br \/>\ndont nous avons fait preuve<br \/>\n\u00e0 l\u2019\u00e9gard des extr\u00e9mismes de<br \/>\ndroite<\/em> \u00bb, annonce le journaliste<br \/>\nnorv\u00e9gien \u00d8yvind Str\u00f8mmen.<br \/>\nSon enqu\u00eate fouill\u00e9e au coeur<br \/>\ndes r\u00e9seaux des \u00ab <em>id\u00e9ologues<br \/>\ndu contre-djihad<\/em> \u00bb est aussi un<br \/>\nlivre de combat qui appelle \u00e0 une<br \/>\nprise de conscience citoyenne.<\/p>\n","protected":false},"excerpt":{"rendered":"<p>\u00d8yvind Str\u00f8mmen<\/p>\n","protected":false},"author":1,"featured_media":16301,"comment_status":"open","ping_status":"open","sticky":false,"template":"","format":"standard","meta":{"_themeisle_gutenberg_block_has_review":false,"footnotes":""},"categories":[111],"tags":[392],"class_list":["post-5416","post","type-post","status-publish","format-standard","has-post-thumbnail","hentry","category-nos-selections","tag-essai"],"_links":{"self":[{"href":"https:\/\/archives.regards.fr\/index.php?rest_route=\/wp\/v2\/posts\/5416","targetHints":{"allow":["GET"]}}],"collection":[{"href":"https:\/\/archives.regards.fr\/index.php?rest_route=\/wp\/v2\/posts"}],"about":[{"href":"https:\/\/archives.regards.fr\/index.php?rest_route=\/wp\/v2\/types\/post"}],"author":[{"embeddable":true,"href":"https:\/\/archives.regards.fr\/index.php?rest_route=\/wp\/v2\/users\/1"}],"replies":[{"embeddable":true,"href":"https:\/\/archives.regards.fr\/index.php?rest_route=%2Fwp%2Fv2%2Fcomments&post=5416"}],"version-history":[{"count":0,"href":"https:\/\/archives.regards.fr\/index.php?rest_route=\/wp\/v2\/posts\/5416\/revisions"}],"wp:featuredmedia":[{"embeddable":true,"href":"https:\/\/archives.regards.fr\/index.php?rest_route=\/wp\/v2\/media\/16301"}],"wp:attachment":[{"href":"https:\/\/archives.regards.fr\/index.php?rest_route=%2Fwp%2Fv2%2Fmedia&parent=5416"}],"wp:term":[{"taxonomy":"category","embeddable":true,"href":"https:\/\/archives.regards.fr\/index.php?rest_route=%2Fwp%2Fv2%2Fcategories&post=5416"},{"taxonomy":"post_tag","embeddable":true,"href":"https:\/\/archives.regards.fr\/index.php?rest_route=%2Fwp%2Fv2%2Ftags&post=5416"}],"curies":[{"name":"wp","href":"https:\/\/api.w.org\/{rel}","templated":true}]}}