{"id":5414,"date":"2012-06-19T08:00:00","date_gmt":"2012-06-19T06:00:00","guid":{"rendered":"https:\/\/wp.muchomaas.com\/apartheid-social5414\/"},"modified":"2012-06-19T08:00:00","modified_gmt":"2012-06-19T06:00:00","slug":"apartheid-social5414","status":"publish","type":"post","link":"https:\/\/archives.regards.fr\/?p=5414","title":{"rendered":"Apartheid social"},"content":{"rendered":"<p class=\"post_excerpt\">Edward P. Thompson<\/p>\n<p><strong>Voil\u00e0 un ouvrage mythique d\u2019un<br \/>\nhistorien radical anglais, marxiste<br \/>\n(la g\u00e9n\u00e9ration Hobsbawm) sans<br \/>\navoir jamais \u00e9t\u00e9 orthodoxe, c\u00e9l\u00e8bre<br \/>\nen France avant d\u2019avoir<br \/>\n\u00e9t\u00e9 lu<\/strong>. Il est publi\u00e9 en 1963, traduit<br \/>\nvingt-cinq ans plus tard et<br \/>\nlivr\u00e9 aujourd\u2019hui en format de<br \/>\npoche (une grosse poche !). De<br \/>\nlui-m\u00eame, Thompson a \u00e9crit qu\u2019il<br \/>\nn\u2019\u00e9tait pas \u00ab <em>un homme comme il<br \/>\nfaut<\/em> \u00bb. Ce rebelle a laiss\u00e9 un livre<br \/>\nlumineux, sur ce qui a \u00e9t\u00e9 un v\u00e9ritable<br \/>\nmod\u00e8le d\u2019apartheid social et<br \/>\nsur un combat pour le briser. Plus<br \/>\nqu\u2019un livre, une ode \u00e0 la masse de<br \/>\nceux qui, connus ou anonymes,<br \/>\nont soign\u00e9 \u00ab <em>avec un courage indomptable,<br \/>\nl\u2019arbre de la libert\u00e9<\/em> \u00bb.<\/p>\n","protected":false},"excerpt":{"rendered":"<p>Edward P. Thompson<\/p>\n","protected":false},"author":328,"featured_media":16300,"comment_status":"open","ping_status":"open","sticky":false,"template":"","format":"standard","meta":{"_themeisle_gutenberg_block_has_review":false,"footnotes":""},"categories":[111],"tags":[392],"class_list":["post-5414","post","type-post","status-publish","format-standard","has-post-thumbnail","hentry","category-nos-selections","tag-essai"],"_links":{"self":[{"href":"https:\/\/archives.regards.fr\/index.php?rest_route=\/wp\/v2\/posts\/5414","targetHints":{"allow":["GET"]}}],"collection":[{"href":"https:\/\/archives.regards.fr\/index.php?rest_route=\/wp\/v2\/posts"}],"about":[{"href":"https:\/\/archives.regards.fr\/index.php?rest_route=\/wp\/v2\/types\/post"}],"author":[{"embeddable":true,"href":"https:\/\/archives.regards.fr\/index.php?rest_route=\/wp\/v2\/users\/328"}],"replies":[{"embeddable":true,"href":"https:\/\/archives.regards.fr\/index.php?rest_route=%2Fwp%2Fv2%2Fcomments&post=5414"}],"version-history":[{"count":0,"href":"https:\/\/archives.regards.fr\/index.php?rest_route=\/wp\/v2\/posts\/5414\/revisions"}],"wp:featuredmedia":[{"embeddable":true,"href":"https:\/\/archives.regards.fr\/index.php?rest_route=\/wp\/v2\/media\/16300"}],"wp:attachment":[{"href":"https:\/\/archives.regards.fr\/index.php?rest_route=%2Fwp%2Fv2%2Fmedia&parent=5414"}],"wp:term":[{"taxonomy":"category","embeddable":true,"href":"https:\/\/archives.regards.fr\/index.php?rest_route=%2Fwp%2Fv2%2Fcategories&post=5414"},{"taxonomy":"post_tag","embeddable":true,"href":"https:\/\/archives.regards.fr\/index.php?rest_route=%2Fwp%2Fv2%2Ftags&post=5414"}],"curies":[{"name":"wp","href":"https:\/\/api.w.org\/{rel}","templated":true}]}}