{"id":5413,"date":"2012-05-25T16:52:00","date_gmt":"2012-05-25T14:52:00","guid":{"rendered":"https:\/\/wp.muchomaas.com\/violence-politique5413\/"},"modified":"2012-05-25T16:52:00","modified_gmt":"2012-05-25T14:52:00","slug":"violence-politique5413","status":"publish","type":"post","link":"https:\/\/archives.regards.fr\/?p=5413","title":{"rendered":"Violence politique"},"content":{"rendered":"<p class=\"post_excerpt\">Anne-Marie Duranton-Crabol<\/p>\n<p><strong>L\u2019historienne Anne-Marie Duranton-<br \/>\nCrabol nous plonge au coeur<br \/>\ndes ann\u00e9es 1960 qui ont vu<br \/>\nl\u2019apog\u00e9e d\u2019un cycle de violence<br \/>\npolitique<\/strong>. Le plasticage est alors<br \/>\nla sinistre marque de fabrique<br \/>\nde l\u2019Organisation arm\u00e9e secr\u00e8te<br \/>\n(OAS). Ses activistes multiplient<br \/>\nles attentats en m\u00e9tropole, pr\u00e9f\u00e9rant<br \/>\nmettre l\u2019Alg\u00e9rie \u00e0 feu et \u00e0 sang<br \/>\nplut\u00f4t que de la c\u00e9der aux ind\u00e9pendantistes.<br \/>\nDans cette escalade<br \/>\nde violence, l\u2019\u00c9tat n\u2019est pas<br \/>\nen reste : Alg\u00e9riens, antifascistes<br \/>\ncomme pieds-noirs font les frais<br \/>\nde la r\u00e9pression. \u00c0 l\u2019issue de la<br \/>\ncrise, un ab\u00eeme s\u00e9pare la gauche<br \/>\nmilitante du r\u00e9gime gaulliste, tandis<br \/>\nqu\u2019\u00e0 l\u2019extr\u00eame droite, la \u00ab nostalg\u00e9rie<br \/>\n\u00bb plane sur les cendres<br \/>\nencore chaudes de l\u2019OAS.<\/p>\n","protected":false},"excerpt":{"rendered":"<p>Anne-Marie Duranton-Crabol<\/p>\n","protected":false},"author":1,"featured_media":16299,"comment_status":"open","ping_status":"open","sticky":false,"template":"","format":"standard","meta":{"_themeisle_gutenberg_block_has_review":false,"footnotes":""},"categories":[111],"tags":[392],"class_list":["post-5413","post","type-post","status-publish","format-standard","has-post-thumbnail","hentry","category-nos-selections","tag-essai"],"_links":{"self":[{"href":"https:\/\/archives.regards.fr\/index.php?rest_route=\/wp\/v2\/posts\/5413","targetHints":{"allow":["GET"]}}],"collection":[{"href":"https:\/\/archives.regards.fr\/index.php?rest_route=\/wp\/v2\/posts"}],"about":[{"href":"https:\/\/archives.regards.fr\/index.php?rest_route=\/wp\/v2\/types\/post"}],"author":[{"embeddable":true,"href":"https:\/\/archives.regards.fr\/index.php?rest_route=\/wp\/v2\/users\/1"}],"replies":[{"embeddable":true,"href":"https:\/\/archives.regards.fr\/index.php?rest_route=%2Fwp%2Fv2%2Fcomments&post=5413"}],"version-history":[{"count":0,"href":"https:\/\/archives.regards.fr\/index.php?rest_route=\/wp\/v2\/posts\/5413\/revisions"}],"wp:featuredmedia":[{"embeddable":true,"href":"https:\/\/archives.regards.fr\/index.php?rest_route=\/wp\/v2\/media\/16299"}],"wp:attachment":[{"href":"https:\/\/archives.regards.fr\/index.php?rest_route=%2Fwp%2Fv2%2Fmedia&parent=5413"}],"wp:term":[{"taxonomy":"category","embeddable":true,"href":"https:\/\/archives.regards.fr\/index.php?rest_route=%2Fwp%2Fv2%2Fcategories&post=5413"},{"taxonomy":"post_tag","embeddable":true,"href":"https:\/\/archives.regards.fr\/index.php?rest_route=%2Fwp%2Fv2%2Ftags&post=5413"}],"curies":[{"name":"wp","href":"https:\/\/api.w.org\/{rel}","templated":true}]}}