{"id":5412,"date":"2012-06-10T08:00:00","date_gmt":"2012-06-10T06:00:00","guid":{"rendered":"https:\/\/wp.muchomaas.com\/notion-de-genre5412\/"},"modified":"2012-06-10T08:00:00","modified_gmt":"2012-06-10T06:00:00","slug":"notion-de-genre5412","status":"publish","type":"post","link":"https:\/\/archives.regards.fr\/?p=5412","title":{"rendered":"Notion de genre"},"content":{"rendered":"<p class=\"post_excerpt\">Roland Pfefferkorn<\/p>\n<p><strong>Cet essai th\u00e9orique est d\u2019abord<br \/>\nun bilan des d\u00e9bats autour de la<br \/>\nnotion de \u00ab genre \u00bb<\/strong>. Elle a certes<br \/>\npermis d\u2019avancer, mais l\u2019auteur<br \/>\npointe ses ambigu\u00eft\u00e9s qui permettent<br \/>\nautant de d\u00e9rives, telle<br \/>\nune opposition mal articul\u00e9e<br \/>\nentre le biologique (le sexe) et<br \/>\nle social (le genre), ou encore le<br \/>\npassage \u00e0 la limite avec la th\u00e9orie<br \/>\nde la pluralit\u00e9 des genres. Ce<br \/>\nqui manque ici, c\u2019est le lien avec<br \/>\nla base mat\u00e9rielle \u00e9conomique<br \/>\ndes in\u00e9galit\u00e9s hommes\/femmes.<\/p>\n<p>C\u2019est pourquoi l\u2019auteur met<br \/>\nen avant le concept de rapports sociaux de sexe. Il est \u00ab <em>construit<br \/>\nexplicitement en articulant de mani\u00e8re coextensive et consubstantielle<br \/>\nles rapports de classe, les rapports de sexe et les rapports<br \/>\nde racisation<\/em> \u00bb et il vise \u00e0 souligner \u00ab <em>la dimension antagonique des<br \/>\nrapports entre la classe des hommes et la classe des femmes, sans<br \/>\noublier la centralit\u00e9 du travail<\/em> \u00bb. Ces rapports sociaux interagissent<br \/>\nentre eux, et \u00ab <em>structurent ensemble la totalit\u00e9 du champ social<\/em> \u00bb. Les<br \/>\nclasses sociales sont sexu\u00e9es ; quant aux rapports de racisation, ils<br \/>\nsont \u00e9galement \u00ab <em>consubstantiellement li\u00e9s aux rapports de classe<br \/>\net de sexe, opposant pour l\u2019essentiel les Blancs aux non-Blancs<\/em> \u00bb.<br \/>\nPfefferkorn rappelle que les \u00e9tudes en sciences sociales n\u2019ont pris<br \/>\nque tr\u00e8s tardivement en compte la dimension hommes\/femmes,<br \/>\nparall\u00e8lement au progressif acc\u00e8s \u00e0 l\u2019emploi des femmes et \u00e0 leurs<br \/>\nluttes. Cette histoire de la gen\u00e8se de la notion de genre permet de<br \/>\ndresser un tableau abondamment document\u00e9 des d\u00e9bats qui l\u2019ont<br \/>\naccompagn\u00e9e, aussi bien entre chercheur(e)s qu\u2019entre les diff\u00e9rents<br \/>\ncourants f\u00e9ministes. Mais la polys\u00e9mie de la notion de genre conduit<br \/>\nl\u2019auteur \u00e0 montrer ses limites et \u00e0 proposer son propre cadre th\u00e9orique<br \/>\nen partant de la notion de division sexuelle du travail.<\/p>\n<p>Ce livre propose \u00e0 la fois une pr\u00e9cieuse synth\u00e8se et une avanc\u00e9e<br \/>\nth\u00e9orique substantielle sur le sujet. Il devrait contribuer \u00e0 alimenter le<br \/>\nd\u00e9bat social, dans une p\u00e9riode o\u00f9 la crise et l\u2019aust\u00e9rit\u00e9 risquent de<br \/>\nfaire passer cette th\u00e9matique au second plan, alors qu\u2019elle constitue<br \/>\npourtant un axe essentiel de tout projet de transformation sociale. <\/p>\n","protected":false},"excerpt":{"rendered":"<p>Roland Pfefferkorn<\/p>\n","protected":false},"author":1,"featured_media":16298,"comment_status":"open","ping_status":"open","sticky":false,"template":"","format":"standard","meta":{"_themeisle_gutenberg_block_has_review":false,"footnotes":""},"categories":[111],"tags":[392],"class_list":["post-5412","post","type-post","status-publish","format-standard","has-post-thumbnail","hentry","category-nos-selections","tag-essai"],"_links":{"self":[{"href":"https:\/\/archives.regards.fr\/index.php?rest_route=\/wp\/v2\/posts\/5412","targetHints":{"allow":["GET"]}}],"collection":[{"href":"https:\/\/archives.regards.fr\/index.php?rest_route=\/wp\/v2\/posts"}],"about":[{"href":"https:\/\/archives.regards.fr\/index.php?rest_route=\/wp\/v2\/types\/post"}],"author":[{"embeddable":true,"href":"https:\/\/archives.regards.fr\/index.php?rest_route=\/wp\/v2\/users\/1"}],"replies":[{"embeddable":true,"href":"https:\/\/archives.regards.fr\/index.php?rest_route=%2Fwp%2Fv2%2Fcomments&post=5412"}],"version-history":[{"count":0,"href":"https:\/\/archives.regards.fr\/index.php?rest_route=\/wp\/v2\/posts\/5412\/revisions"}],"wp:featuredmedia":[{"embeddable":true,"href":"https:\/\/archives.regards.fr\/index.php?rest_route=\/wp\/v2\/media\/16298"}],"wp:attachment":[{"href":"https:\/\/archives.regards.fr\/index.php?rest_route=%2Fwp%2Fv2%2Fmedia&parent=5412"}],"wp:term":[{"taxonomy":"category","embeddable":true,"href":"https:\/\/archives.regards.fr\/index.php?rest_route=%2Fwp%2Fv2%2Fcategories&post=5412"},{"taxonomy":"post_tag","embeddable":true,"href":"https:\/\/archives.regards.fr\/index.php?rest_route=%2Fwp%2Fv2%2Ftags&post=5412"}],"curies":[{"name":"wp","href":"https:\/\/api.w.org\/{rel}","templated":true}]}}