{"id":5411,"date":"2012-05-14T11:41:28","date_gmt":"2012-05-14T09:41:28","guid":{"rendered":"https:\/\/wp.muchomaas.com\/au-sommaire-du-numero-21-mai-20125411\/"},"modified":"2023-06-24T17:45:17","modified_gmt":"2023-06-24T15:45:17","slug":"au-sommaire-du-numero-21-mai-20125411","status":"publish","type":"post","link":"https:\/\/archives.regards.fr\/?p=5411","title":{"rendered":"Au sommaire du  num\u00e9ro 21 &#8211; mai 2012"},"content":{"rendered":"<p>Notre <strong> <em>Regards<\/em> <\/strong> de ce mois-ci se pose d&#8217;abord sur <strong>la couverture t\u00e9l\u00e9 des soir\u00e9es \u00e9lectorales<\/strong>. <a href=\"https:\/\/wp.muchomaas.com\/societe\/le-spectacle-de-la-democratie\">T\u00e9l\u00e9 qui a persist\u00e9, \u00e0 l&#8217;heure du Net et des r\u00e9seaux sociaux, \u00e0 annoncer la nouvelle \u00e0 20 heures<\/a>&#8230; D\u00e9cryptage m\u00e9dias.<\/p>\n<p>Les Bloc-notes reviennent sur le profil Facebook de <strong>la petite-fille de Jean-Marie Le Pen<\/strong>; sur <strong>la Loi Lagarde<\/strong>-cr\u00e9dit \u00e0 la consommation; sur <a href=\"https:\/\/wp.muchomaas.com\/monde\/f1-de-democratie\">les bolides de F1<\/a> trempant leurs pneus dans <strong>le sang des contestataires du Bahre\u00efn<\/strong>; sur <a href=\"https:\/\/wp.muchomaas.com\/monde\/n-oublie-pas-qui-te-paye\">les implications footballistiques inattendues<\/a> de <strong>l&#8217;expropriation &#8220;kirchnerienne&#8221; de Repsol<\/strong> en Argentine. Sur <strong>les \u00e9l\u00e8ves fran\u00e7ais fich\u00e9s <\/strong> pour longtemps. Et on parle de <strong>Stacey Ann Ellis<\/strong>, artiste am\u00e9ricaine qui repeint les murs de l&#8217;hosto pour se soigner gr\u00e2ce aux &#8220;cr\u00e9dits-sant\u00e9&#8221; accumul\u00e9s en heure de travail.<\/p>\n<p><a href=\"article5452.html\">Faut-il boycotter Isra\u00ebl?<\/a> Des organisations palestiniennes et le mouvement international de solidarit\u00e9 ont r\u00e9pondu en lan\u00e7ant en 2005 <strong>la campagne Boycoytt d\u00e9sinvestissement sanctions<\/strong>. <strong>Le journaliste et historien Dominique Vidal et le chercheur Julien Salingue<\/strong> d\u00e9battent de l&#8217;impact, de la pertinence et des perspectives de cette campagne. Controverse.<\/p>\n<p><strong>Rafael Uzcategui<\/strong>, anarchiste v\u00e9n\u00e9zuelien, dresse dans un ouvrage r\u00e9cemment traduit en fran\u00e7ais, <a href=\"https:\/\/wp.muchomaas.com\/monde\/venezuela-un-socialisme-petrolier\"><strong>une critique \u00e9tay\u00e9e du chavisme<\/strong> et de la r\u00e9volution bolivarienne<\/a>. Nous l&#8217;avons rencontr\u00e9 pour un entretien.<\/p>\n<p>Depuis d\u00e9j\u00e0 quelques ann\u00e9e, <strong>dans de nombreux pays d&#8217;Afrique, la terre se vend \u00e0 des firmes<\/strong> et\/ou des Etats en qu\u00eate de terres arables rentables. Reportage en <strong>Tanzanie<\/strong>. <\/p>\n<p><strong>En Espagne<\/strong>, <a href=\"https:\/\/wp.muchomaas.com\/monde\/l-espagne-en-quete-de-regeneration\">les conf\u00e9d\u00e9rations syndicales traditionnelles d&#8217;un c\u00f4t\u00e9, les syndicats alternatifs et les mouvements contestataires \u00e9mergents de l&#8217;autre<\/a> ne sont pas toujours sur la m\u00eame longueur d&#8217;onde. <strong>L&#8217;esquisse d&#8217;une recomposition ?<\/strong><\/p>\n<p>Notre dossier du mois revient sur <strong>l&#8217;\u00e9lection pr\u00e9sidentielle et singuli\u00e8rement sur la dynamique du Front de gauche durant cette s\u00e9quence<\/strong> achev\u00e9e par l&#8217;arriv\u00e9e \u00e0 l&#8217;Elys\u00e9e du socialiste Fran\u00e7ois Hollande. <a href=\"https:\/\/wp.muchomaas.com\/politique\/la-gauche-releve-la-tete\">L&#8217;\u00e9dito<\/a> y est consacr\u00e9. Roger Martelli analyse pour sa part <a href=\"https:\/\/wp.muchomaas.com\/politique\/premieres-remarques-sur-le-vote\"><strong>les surprises \u00e9lectorales<\/strong> du premier tour<\/a>. A Marseille, fin avril, des citoyens venus assister au <strong>meeting sur les plages du Prado<\/strong>, ont bien voulu nous dire en quoi le Front de gauche r\u00e9pondait \u00e0 leurs attentes. Force principale de cette coalition politique, <strong>le Parti communiste fran\u00e7ais revendique 2500 adh\u00e9sions nouvelles entre janvier et fin avril 2012<\/strong>. <a href=\"https:\/\/wp.muchomaas.com\/politique\/les-communistes-reprennent-des\">Nous sommes all\u00e9s \u00e0 la rencontre de militants fra\u00eechement arriv\u00e9s dans les rangs du PCF<\/a> pour donner \u00e0 voir les contours de ce regain modeste mais r\u00e9el. En contrepoint, la petite histoire  de <strong>la gauche de gauche<\/strong> nous rappelle le long chemin tr\u00e8s tortueux de cet espace politique depuis 1995. <a href=\"https:\/\/wp.muchomaas.com\/politique\/gauche-de-gauche-et-maintenant\"><strong>Un espace qui va d\u00e9sormais devoir construire<\/strong> et durer dans l&#8217;apr\u00e8s-pr\u00e9sidentielle<\/a>&#8230;<\/p>\n<p><strong>Le microcr\u00e9dit a trente ans<\/strong>. Devenu un outil de d\u00e9veloppement \u00e0 la mode, il est pourtant loin d&#8217;avoir atteint ses objectifs initiaux. <strong>D\u00e9cryptage.<\/strong><\/p>\n<p>L&#8217;essayiste et chroniqueuse <a href=\"https:\/\/wp.muchomaas.com\/idees\/le-nouveau-visage-du-racisme\"><strong>Caroline Fourest<\/strong> r\u00e9cemment r\u00e9compens\u00e9e d&#8217;un <strong>Y&#8217;a Bon award<\/strong> est-elle r\u00e9ellement raciste?<\/a> Pour tenter d&#8217;y r\u00e9pondre, il fallait s&#8217;attacher \u00e0 (re)-d\u00e9construire ce terme.<\/p>\n<p>En <strong>Martinique<\/strong>, pour sauver la production de bananes, on balance des <strong>fongicides douteux<\/strong> au moyen d&#8217;\u00e9pandages a\u00e9riens qui n&#8217;\u00e9pargnent ni les demeures, ni les vergers avoisinants. Provoquant la col\u00e8re de certains habitants de l&#8217;\u00eele. <strong><a href=\"article5441.html\">Reportage<\/a>.<\/strong><\/p>\n<p><strong>David Harvey<\/strong>, figure majeure de la &#8220;g\u00e9ographie radicale&#8221; s&#8217;est int\u00e9ress\u00e9 \u00e0 Paris cette &#8220;capitale de la modernit\u00e9&#8221;.  Il propose dans cet ouvrage une th\u00e9orie de la ville. <strong><a href=\"article5443.html\">Id\u00e9es de mai<\/a>.<\/strong><\/p>\n<p>Dans sa rubrique Cin\u00e9, Thomas Bauder nous parle du splendide <strong> <em><a href=\"article5445.html\">Barbara<\/a><\/em> <\/strong> de Christian Petzold, qui propose un retour dans les consciences individuelles en Allemagne de l&#8217;Est ; mais aussi du blockbuster <strong> <em><a href=\"article5446.html\">Avenger<\/a><\/em> <\/strong> qui, plus simplement, r\u00e9unit tous les super-h\u00e9ros de la terre en un seul film. <\/p>\n<p><strong>Cr\u00e9ations<\/strong> ce mois-ci, offre une rencontre et un entretien avec l&#8217;\u00e9crivain <strong><a href=\"article5449.html\">Enzo Cormann<\/a><\/strong>, auteur de <em>Ce que seul le th\u00e9\u00e2tre peut dire<\/em>.<\/p>\n<p>Des deux fr\u00e8res <strong>Dardenne, Luc<\/strong> est celui qui vient de publier un ouvrage philosophique. Et de nous accorder <strong><a href=\"article5451.html\">le Grand entretien<\/a><\/strong> du mois. D\u00e9fendant la \u00ab<em>modestie de l&#8217;artisan<\/em>\u00bb, le cin\u00e9aste belge parle de L\u00e9vinas, de la possibilit\u00e9 du meurtre, de cin\u00e9philie, de ses films, de cin\u00e9ma.<\/p>\n<p>Ainsi que tous les rendez-vous du mensuel\u00a0: les chroniques de <strong><a href=\"article5444.html\">Le\u00efla Chaibi->https:\/\/wp.muchomaas.com\/nos-regards\/leila-chaibi\/starting-blocks], [Raph\u00e4l Yem<\/a>, <a href=\"article5447.html\">Bernard Hasquenoph<\/a>, Arnaud Viviant<\/strong> et <strong><a href=\"article5450.html\">Nicolas Kssis<\/a><\/strong>. Avec toutes nos s\u00e9lections essais et culture.<\/p>\n","protected":false},"excerpt":{"rendered":"<p>Notre Regards de ce mois-ci se pose d&#8217;abord sur la couverture t\u00e9l\u00e9 des soir\u00e9es \u00e9lectorales. T\u00e9l\u00e9 qui a persist\u00e9, \u00e0 l&#8217;heure du Net et des r\u00e9seaux sociaux, \u00e0 annoncer la nouvelle \u00e0 20 heures&#8230; D\u00e9cryptage m\u00e9dias. Les Bloc-notes reviennent sur le profil Facebook de la petite-fille de Jean-Marie Le Pen; sur la Loi Lagarde-cr\u00e9dit \u00e0 [&hellip;]<\/p>\n","protected":false},"author":1,"featured_media":0,"comment_status":"closed","ping_status":"open","sticky":false,"template":"","format":"standard","meta":{"_themeisle_gutenberg_block_has_review":false,"footnotes":""},"categories":[262],"tags":[371],"class_list":["post-5411","post","type-post","status-publish","format-standard","hentry","category-archives","tag-sommaire"],"_links":{"self":[{"href":"https:\/\/archives.regards.fr\/index.php?rest_route=\/wp\/v2\/posts\/5411","targetHints":{"allow":["GET"]}}],"collection":[{"href":"https:\/\/archives.regards.fr\/index.php?rest_route=\/wp\/v2\/posts"}],"about":[{"href":"https:\/\/archives.regards.fr\/index.php?rest_route=\/wp\/v2\/types\/post"}],"author":[{"embeddable":true,"href":"https:\/\/archives.regards.fr\/index.php?rest_route=\/wp\/v2\/users\/1"}],"replies":[{"embeddable":true,"href":"https:\/\/archives.regards.fr\/index.php?rest_route=%2Fwp%2Fv2%2Fcomments&post=5411"}],"version-history":[{"count":0,"href":"https:\/\/archives.regards.fr\/index.php?rest_route=\/wp\/v2\/posts\/5411\/revisions"}],"wp:attachment":[{"href":"https:\/\/archives.regards.fr\/index.php?rest_route=%2Fwp%2Fv2%2Fmedia&parent=5411"}],"wp:term":[{"taxonomy":"category","embeddable":true,"href":"https:\/\/archives.regards.fr\/index.php?rest_route=%2Fwp%2Fv2%2Fcategories&post=5411"},{"taxonomy":"post_tag","embeddable":true,"href":"https:\/\/archives.regards.fr\/index.php?rest_route=%2Fwp%2Fv2%2Ftags&post=5411"}],"curies":[{"name":"wp","href":"https:\/\/api.w.org\/{rel}","templated":true}]}}