{"id":5407,"date":"2012-05-24T09:52:38","date_gmt":"2012-05-24T07:52:38","guid":{"rendered":"https:\/\/wp.muchomaas.com\/gauche-de-gauche-et-maintenant5407\/"},"modified":"2023-06-23T23:11:25","modified_gmt":"2023-06-23T21:11:25","slug":"gauche-de-gauche-et-maintenant5407","status":"publish","type":"post","link":"https:\/\/archives.regards.fr\/?p=5407","title":{"rendered":"Gauche de gauche, et maintenant\u2009?"},"content":{"rendered":"<p class=\"post_excerpt\">Pass\u00e9 l\u2019\u00e9lan rassembleur<br \/>\nde la campagne, se pose<br \/>\nla question de la redistribution<br \/>\ndes forces qui ont<br \/>\nport\u00e9 le Front de gauche :<br \/>\ncelles du PC, du PG, et les<br \/>\nautres\u2026<\/p>\n<p>L\u2019extr\u00eame gauche trotskisante<br \/>\na tir\u00e9 des exp\u00e9riences<br \/>\nde 2002 et 2007<br \/>\nla conviction qu\u2019elle pouvait faire<br \/>\ncavalier seul : elle est retourn\u00e9e<br \/>\n\u00e0 la marginalit\u00e9 \u00e9lectorale<br \/>\nd\u2019hier. L\u2019\u00e9cologie politique a<br \/>\ncru qu\u2019elle pouvait, tout \u00e0 la<br \/>\nfois, jouer sa partition \u00e0 part et<br \/>\nflirter avec le \u00ab r\u00e9alisme \u00bb de la<br \/>\nsocial-d\u00e9mocratie : la digne et<br \/>\ncourageuse campagne d\u2019Eva<br \/>\nJoly ne lui a pas permis d\u2019\u00e9viter<br \/>\nle camouflet. En cinq ans,<br \/>\ntoute la gauche de gauche a<br \/>\nessay\u00e9 le solo et la dispersion<br \/>\net elle a mordu la poussi\u00e8re :<br \/>\nBov\u00e9, Buffet, Voynet en 2007 ;<br \/>\nArthaud, Joly, Poutou en 2012.<br \/>\nLa preuve du pudding est qu\u2019on<br \/>\nle mange ; celle de l\u2019unit\u00e9 est<br \/>\nqu\u2019elle r\u00e9ussit. M\u00e9lenchon en a<br \/>\nfait la d\u00e9monstration en actes.<br \/>\nEncore faut-il savoir quoi faire<br \/>\nd\u2019un succ\u00e8s ? A priori, la d\u00e9marche<br \/>\ndu Front de gauche<br \/>\ndevrait sortir confort\u00e9e de la<br \/>\ns\u00e9quence \u00e9lectorale en cours.<br \/>\nMais ce Front est \u00e0 la fois une<br \/>\nr\u00e9alit\u00e9, par la dynamique militante<br \/>\net \u00e9lectorale amorc\u00e9e en<br \/>\n2009, et une simple virtualit\u00e9.<br \/>\nEn fait, il n\u2019a pas d\u2019autre existence<br \/>\nl\u00e9gale que la volont\u00e9 des organisations qui le composent.<br \/>\nLe Front n\u2019a pas de statuts, pas<br \/>\nde r\u00e8gle \u00e9crite de fonctionnement.<br \/>\nFormellement, il n\u2019est<br \/>\nqu\u2019un cartel \u00e9lectoral.<\/p>\n<p>La premi\u00e8re question qui se<br \/>\npose est donc celle des conditions<br \/>\nde p\u00e9rennisation du Front.<br \/>\nRestera-t-il un cartel de fait o\u00f9<br \/>\nva-t-il, d\u2019une mani\u00e8re ou d\u2019une<br \/>\nautre, s\u2019ouvrir \u00e0 l\u2019adh\u00e9sion directe<br \/>\n? Dans la pratique, la campagne<br \/>\nen faveur de Jean-Luc<br \/>\nM\u00e9lenchon a associ\u00e9, au plan<br \/>\nnational comme au niveau local<br \/>\ndes \u00ab assembl\u00e9es citoyennes \u00bb,<br \/>\ndes individus ne se reconnaissant<br \/>\ndans aucune des forces<br \/>\norganis\u00e9es. Pour l\u2019instant, leur<br \/>\nplace n\u2019est pas statutairement<br \/>\nreconnue. Le sera-t-elle et sous<br \/>\nquelle forme ?<\/p>\n<p>Quelle que soit la r\u00e9ponse apport\u00e9e<br \/>\npar les deux principales<br \/>\ncomposantes du Front, le PCF<br \/>\net le PG, le plus vraisemblable<br \/>\nest que le rassemblement existant<br \/>\nconservera une dimension<br \/>\nde cartel. Il sera un objet hybride,<br \/>\nen quelque sorte, \u00e0 la fois structure<br \/>\nd\u2019accueil des individus et<br \/>\nalliance de formations politiques<br \/>\nconstitu\u00e9es\u2026 Auquel cas, se<br \/>\nposera in\u00e9vitablement la question<br \/>\nde \u00ab l\u2019offre \u00bb partisane. Pour<br \/>\nl\u2019instant, la r\u00e9alit\u00e9 est simple :<br \/>\non trouve dans le Front une formation<br \/>\nancienne aux effectifs<br \/>\ncons\u00e9quents (le PCF), une formation<br \/>\nplus r\u00e9duite, plus r\u00e9cente<br \/>\nmais dynamique, soud\u00e9e autour<br \/>\nde la personnalit\u00e9 de Jean-Luc<br \/>\nM\u00e9lenchon (le PG) et une galaxie de petites organisations,<br \/>\nh\u00e9ritage de l\u2019histoire troubl\u00e9e<br \/>\nde la gauche radicale fran\u00e7aise<br \/>\ndu XXe si\u00e8cle.<\/p>\n<h2>Dilemme<\/h2>\n<p>Le pari de M\u00e9lenchon repose<br \/>\nsur une double intuition : que la<br \/>\np\u00e9riode de mobilisation ouverte<br \/>\nen 1995 (celle du \u00ab mouvement<br \/>\nsocial \u00bb) s\u2019est referm\u00e9e en<br \/>\n2007, avec l\u2019\u00e9chec des \u00ab antilib\u00e9raux<br \/>\n\u00bb, et que le moment est<br \/>\nvenu de retourner \u00e0 une forme<br \/>\nplus classique de l\u2019organisation<br \/>\npolitique, moins mouvementiste<br \/>\net plus partisane ; que le r\u00e9f\u00e9rent<br \/>\nr\u00e9publicain, dop\u00e9 par l\u2019\u00e9lan<br \/>\nde la campagne, constituera un<br \/>\np\u00f4le d\u2019agr\u00e9gation plus dynamique<br \/>\nque celui du PC. Le pari<br \/>\ndes dirigeants communistes est<br \/>\ntout aussi simple : le temps des<br \/>\nvaches maigres et du d\u00e9clin,<br \/>\nli\u00e9 \u00e0 l\u2019agonie du sovi\u00e9tisme est<br \/>\ntermin\u00e9 ; celui de la relance<br \/>\ncommuniste est revenu, autour<br \/>\nd\u2019une nouvelle g\u00e9n\u00e9ration et<br \/>\nd\u2019une culture politique transform\u00e9e,<br \/>\nsans qu\u2019il soit besoin<br \/>\nde quelque \u00ab refondation \u00bb ou<br \/>\n\u00ab m\u00e9tamorphose \u00bb que ce soit.<\/p>\n<p>Reste \u00e0 savoir si ce dualisme<br \/>\nest suffisant. Pour une part,<br \/>\nil pousse \u00e0 une concurrence<br \/>\nbinaire, chacun cherchant \u00e0<br \/>\ntirer \u00e0 lui la couverture propice<br \/>\nde l\u2019union. Par ailleurs,<br \/>\nil ne propose, comme pivots<br \/>\nde regroupement, que deux<br \/>\ncultures install\u00e9es, la r\u00e9publicaine<br \/>\nsociale et la communiste<br \/>\n\u00ab classique \u00bb. Or la r\u00e9alit\u00e9 de<br \/>\nla radicalit\u00e9 des deux derni\u00e8res<br \/>\nd\u00e9cennies est bien plus<br \/>\nlarge, bien plus diversifi\u00e9e que<br \/>\nces deux troncs d\u2019une gauche<br \/>\nbien \u00e0 gauche. Un dilemme<br \/>\nse pose alors \u00e0 tous ceux qui,<br \/>\ndepuis au moins 1995, se c\u00f4toient<br \/>\ndans les exp\u00e9riences multiples<br \/>\ndu \u00ab mouvement social \u00bb<br \/>\nou des essais \u00ab antilib\u00e9raux \u00bb.<br \/>\nCommunistes \u00ab unitaires \u00bb,<br \/>\nmouvances trotskisantes, militants<br \/>\n\u00ab alter \u00bb de tous poils vontils<br \/>\nrester dispers\u00e9s, ou vont-ils<br \/>\nregrouper leurs forces autour<br \/>\nd\u2019un projet plus directement<br \/>\nnourri de l\u2019esprit \u00ab alternatif \u00bb et<br \/>\n\u00ab arc-en-ciel \u00bb amorc\u00e9 au milieu<br \/>\nde la d\u00e9cennie 1990 ?<\/p>\n<p>Sans renoncer, bien s\u00fbr, \u00e0<br \/>\nl\u2019espoir d\u2019une formation pluraliste,<br \/>\ncoh\u00e9rente et ouverte, rassemblant<br \/>\nla totalit\u00e9 des forces<br \/>\n\u00e0 la gauche du PS et capable<br \/>\nde concurrencer \u00e0 terme une<br \/>\nh\u00e9g\u00e9monie socialiste sur la<br \/>\ngauche fran\u00e7aise, que le d\u00e9clin<br \/>\ncommuniste a rendue possible<br \/>\napr\u00e8s 1978.<div id='gallery-1' class='gallery galleryid-5407 gallery-columns-3 gallery-size-thumbnail'><figure class='gallery-item'>\n\t\t\t<div class='gallery-icon landscape'>\n\t\t\t\t<a href='https:\/\/archives.regards.fr\/wp-content\/uploads\/2012\/05\/bb-2-844.jpg'><img loading=\"lazy\" decoding=\"async\" width=\"150\" height=\"122\" src=\"https:\/\/archives.regards.fr\/wp-content\/uploads\/2012\/05\/bb-2-844-150x122.jpg\" class=\"attachment-thumbnail size-thumbnail\" alt=\"Gauche de gauche, et maintenant\u2009?\" aria-describedby=\"gallery-1-16290\" \/><\/a>\n\t\t\t<\/div>\n\t\t\t\t<figcaption class='wp-caption-text gallery-caption' id='gallery-1-16290'>\n\t\t\t\tGauche de gauche, et maintenant\u2009?\n\t\t\t\t<\/figcaption><\/figure><figure class='gallery-item'>\n\t\t\t<div class='gallery-icon landscape'>\n\t\t\t\t<a href='https:\/\/archives.regards.fr\/wp-content\/uploads\/2012\/05\/bc-e83.jpg'><img loading=\"lazy\" decoding=\"async\" width=\"80\" height=\"55\" src=\"https:\/\/archives.regards.fr\/wp-content\/uploads\/2012\/05\/bc-e83.jpg\" class=\"attachment-thumbnail size-thumbnail\" alt=\"Gauche de gauche, et maintenant\u2009?\" aria-describedby=\"gallery-1-16291\" \/><\/a>\n\t\t\t<\/div>\n\t\t\t\t<figcaption class='wp-caption-text gallery-caption' id='gallery-1-16291'>\n\t\t\t\tGauche de gauche, et maintenant\u2009?\n\t\t\t\t<\/figcaption><\/figure>\n\t\t<\/div>\n<\/p>\n","protected":false},"excerpt":{"rendered":"<p>Pass\u00e9 l\u2019\u00e9lan rassembleur<br \/>\nde la campagne, se pose<br \/>\nla question de la redistribution<br \/>\ndes forces qui ont<br \/>\nport\u00e9 le Front de gauche :<br \/>\ncelles du PC, du PG, et les<br \/>\nautres\u2026<\/p>\n","protected":false},"author":328,"featured_media":16290,"comment_status":"open","ping_status":"open","sticky":false,"template":"","format":"standard","meta":{"_themeisle_gutenberg_block_has_review":false,"footnotes":""},"categories":[141],"tags":[291,295],"class_list":["post-5407","post","type-post","status-publish","format-standard","has-post-thumbnail","hentry","category-archives-web","tag-analyse","tag-nupes"],"_links":{"self":[{"href":"https:\/\/archives.regards.fr\/index.php?rest_route=\/wp\/v2\/posts\/5407","targetHints":{"allow":["GET"]}}],"collection":[{"href":"https:\/\/archives.regards.fr\/index.php?rest_route=\/wp\/v2\/posts"}],"about":[{"href":"https:\/\/archives.regards.fr\/index.php?rest_route=\/wp\/v2\/types\/post"}],"author":[{"embeddable":true,"href":"https:\/\/archives.regards.fr\/index.php?rest_route=\/wp\/v2\/users\/328"}],"replies":[{"embeddable":true,"href":"https:\/\/archives.regards.fr\/index.php?rest_route=%2Fwp%2Fv2%2Fcomments&post=5407"}],"version-history":[{"count":0,"href":"https:\/\/archives.regards.fr\/index.php?rest_route=\/wp\/v2\/posts\/5407\/revisions"}],"wp:featuredmedia":[{"embeddable":true,"href":"https:\/\/archives.regards.fr\/index.php?rest_route=\/wp\/v2\/media\/16290"}],"wp:attachment":[{"href":"https:\/\/archives.regards.fr\/index.php?rest_route=%2Fwp%2Fv2%2Fmedia&parent=5407"}],"wp:term":[{"taxonomy":"category","embeddable":true,"href":"https:\/\/archives.regards.fr\/index.php?rest_route=%2Fwp%2Fv2%2Fcategories&post=5407"},{"taxonomy":"post_tag","embeddable":true,"href":"https:\/\/archives.regards.fr\/index.php?rest_route=%2Fwp%2Fv2%2Ftags&post=5407"}],"curies":[{"name":"wp","href":"https:\/\/api.w.org\/{rel}","templated":true}]}}