{"id":5406,"date":"2012-05-14T12:00:00","date_gmt":"2012-05-14T10:00:00","guid":{"rendered":"https:\/\/wp.muchomaas.com\/la-gauche-releve-la-tete5406\/"},"modified":"2023-06-23T23:11:25","modified_gmt":"2023-06-23T21:11:25","slug":"la-gauche-releve-la-tete5406","status":"publish","type":"post","link":"https:\/\/archives.regards.fr\/?p=5406","title":{"rendered":"La gauche rel\u00e8ve la t\u00eate"},"content":{"rendered":"<p class=\"post_excerpt\">Le PS est \u00e0 l\u2019Elys\u00e9e. Du c\u00f4t\u00e9 de la gauche radicale, pass\u00e9e<br \/>\nla satisfaction de voir Nicolas Sarkozy enfin \u00ab d\u00e9gag\u00e9 \u00bb,<br \/>\nc\u2019est l\u2019heure du bilan. Que faire maintenant du fort<br \/>\npotentiel du Front de gauche et comment peser<br \/>\n\u00e0 l\u2019avenir, sans se diviser ?<\/p>\n<p>La campagne du Front de gauche, celle de Jean-Luc M\u00e9lenchon a \u00e9t\u00e9, \u00e0 bien des \u00e9gards, exceptionnelle.<br \/>\n\u00c9poustouflante parfois. Elle a rompu<br \/>\navec des ann\u00e9es de division fratricide mortif\u00e8re<br \/>\n\u00e0 la gauche du PS. Elle a entra\u00een\u00e9 une mobilisation<br \/>\nmilitante comme on n\u2019en avait plus vu depuis<br \/>\ndes d\u00e9cennies sur le terrain politique. Elle a retrouv\u00e9<br \/>\nune qualit\u00e9 du verbe et une pr\u00e9cision de<br \/>\nl\u2019argumentation trop longtemps d\u00e9laiss\u00e9es. Alli\u00e9e<br \/>\n\u00e0 des audaces comme ces rassemblements<br \/>\npopulaires en plein air, cette campagne a r\u00e9uni<br \/>\nles atouts pour sortir son espace politique de la<br \/>\nmarginalit\u00e9 politique dans lequel il \u00e9tait coinc\u00e9.<br \/>\nC\u2019est beaucoup.<\/p>\n<p>Au soir du 22 avril, avec 11,1 % des suffrages,<br \/>\non sait aussi que sur cette seule alchimie, l\u2019autre<br \/>\ngauche aura du mal \u00e0 se hisser au niveau de<br \/>\nses espoirs. Le temps, l\u2019ancrage ne suffiront pas<br \/>\npour gagner l\u2019h\u00e9g\u00e9monie \u00e0 gauche. Il faudra aller<br \/>\nau-del\u00e0 de la seule continuation. C\u2019est cette<br \/>\nperception du nouveau pas \u00e0 franchir dans une<br \/>\ndirection encore inconnue qui \u00e9treint les militants.<br \/>\nConstruction de l\u2019outil politique ad hoc et d\u00e9finition<br \/>\nd\u2019une strat\u00e9gie toujours plus propulsive sont sont reconnus dans cette campagne.<\/p>\n<p>La conqu\u00eate des cat\u00e9gories populaires reste un<br \/>\nobjectif central. Celui de contenir puis de faire<br \/>\nreculer l\u2019influence du Front national reste strat\u00e9gique.<br \/>\nIls n\u2019ont pas \u00e9t\u00e9 atteints cette fois. Il faut<br \/>\ncomprendre pourquoi.<\/p>\n<h2>Une nouvelle alliance<\/h2>\n<p>L\u2019examen des r\u00e9sultats du premier tour de la pr\u00e9sidentielle<br \/>\ndonne quelques indications.<\/p>\n<p>Une des plus spectaculaires est le r\u00e9sultat atteint<br \/>\npar Jean-Luc M\u00e9lenchon dans les grandes villes.<br \/>\nLes 11 % \u00e0 Paris, Strasbourg, Metz, les 12 %<br \/>\n\u00e0 Bordeaux, Nancy, Nantes, les 14 % \u00e0 Rouen,<br \/>\nMarseille, les 15 % \u00e0 Toulouse, Montpellier, Lille,<br \/>\nGrenoble \u00e9taient totalement inattendus. Partout,<br \/>\nles grandes villes ont donn\u00e9 de meilleurs r\u00e9sultats<br \/>\nau Front de gauche que leur d\u00e9partement. Alors<br \/>\nque nationalement le score du Front de gauche<br \/>\ns\u2019apparente au total des scores \u00e9parpill\u00e9s de<br \/>\nla gauche de gauche, dans ces grands centres<br \/>\nurbains, le r\u00e9sultat de M\u00e9lenchon multiplie par<br \/>\ndeux cette influence. Compte tenu des transformations<br \/>\ndes centres villes, nulle r\u00e9f\u00e9rence historique,<br \/>\nm\u00eame lointaine, ne peut rendre compte de<br \/>\ncette nouveaut\u00e9 : le Front de gauche a su parler et<br \/>\nconqu\u00e9rir de larges pans des couches urbaines<br \/>\nmodernes. C\u2019est inestimable. Il y a une sorte de<br \/>\ncorruption lib\u00e9rale qui diffuse dans la culture, les<br \/>\nvaleurs, le sens commun. Ces repr\u00e9sentations<br \/>\nirradient, par exemple, bon nombre de dessins<br \/>\nanim\u00e9s pour enfants et adolescents, d\u2019\u00e9missions<br \/>\nde t\u00e9l\u00e9 r\u00e9alit\u00e9, l\u2019esth\u00e9tique de TF1 et de M6. On<br \/>\nla retrouve dans l\u2019acceptation des salaires mirobolants<br \/>\ndes footballeurs, dans le discours sur la<br \/>\nville et l\u2019architecture : elle imprime notre quotidien.<br \/>\nC\u2019est sur ce terreau que prosp\u00e8re l\u2019id\u00e9ologie<br \/>\nsarkoziste et lepeniste. Le score de Sarkozy<br \/>\nau second tour montre l\u2019impr\u00e9gnation de ces<br \/>\nid\u00e9es. Les cat\u00e9gories populaires ne peuvent \u00eatre<br \/>\ngagn\u00e9es sans un autre rapport de force dans ce<br \/>\nchamp vaste de la culture et des repr\u00e9sentations.<br \/>\nLe renversement des r\u00e9f\u00e9rences mentales de la<br \/>\nsoci\u00e9t\u00e9 suppose une nouvelle alliance, comme<br \/>\nle PCF a su, il y a tr\u00e8s longtemps, l\u2019op\u00e9rer entre<br \/>\nclasse ouvri\u00e8re et intellectuels. Aujourd\u2019hui, cette<br \/>\nalliance doit se construire entre le peuple et \u00ab les<br \/>\nbobos \u00bb. On voit qu\u2019elle est possible. Elle conditionne<br \/>\nl\u2019\u00e9mergence d\u2019une modernit\u00e9 qui int\u00e8gre<br \/>\nle populaire de haute mani\u00e8re.<\/p>\n<h2>Territoire et politique<\/h2>\n<p>Le second enseignement est le poids de la dynamique<br \/>\nterritoriale dans la structuration politique.<br \/>\nNous l\u2019avions anticip\u00e9 dans le dernier dossier de<br \/>\nRegards. Il est amplement confirm\u00e9. La m\u00e9tropolisation<br \/>\nen cours dessine une carte de France de<br \/>\nplus en plus cliv\u00e9e. Les cat\u00e9gories populaires qui<br \/>\nhabitent dans les zones m\u00e9tropolitaines ne vivent<br \/>\npas et ne se repr\u00e9sentent pas l\u2019avenir comme<br \/>\ncelles qui sont aux lisi\u00e8res des villes ou dans les<br \/>\ncampagnes. La Seine-Saint-Denis a offert le meilleur<br \/>\nr\u00e9sultat \u00e0 Jean-Luc M\u00e9lenchon et inflig\u00e9 un<br \/>\ns\u00e9v\u00e8re recul aux id\u00e9es du Front national. Pourtant,<br \/>\nla mis\u00e8re et le ch\u00f4mage n\u2019ont pas recul\u00e9 plus ici<br \/>\nqu\u2019ailleurs. La seule grille de lecture sociologique<br \/>\nclassique ne permet pas seule de comprendre ce<br \/>\nr\u00e9sultat. Il faut pour l\u2019interpr\u00e9ter int\u00e9grer la dynamique<br \/>\ndans laquelle se trouve ce d\u00e9partement<br \/>\nde proche couronne. Dans le basculement du<br \/>\nmonde, la capacit\u00e9 \u00e0 construire des m\u00e9tropoles<br \/>\nmoins s\u00e9gr\u00e9gu\u00e9es en leur sein et moins dominatrices<br \/>\navec le grand territoire sera sine qua non.<br \/>\nL\u2019impact politique est, on le voit, direct.<\/p>\n<p>La culture au sens large, la ville au sens moderne :<br \/>\nvoil\u00e0 au moins deux espaces pour une identification<br \/>\net un travail politique qui \u00e9largissent les<br \/>\nbases actuelles de la gauche d\u2019alternative.<br \/>\n<div id='gallery-1' class='gallery galleryid-5406 gallery-columns-3 gallery-size-thumbnail'><figure class='gallery-item'>\n\t\t\t<div class='gallery-icon landscape'>\n\t\t\t\t<a href='https:\/\/archives.regards.fr\/wp-content\/uploads\/2012\/05\/fb-4-8f4.jpg'><img loading=\"lazy\" decoding=\"async\" width=\"150\" height=\"122\" src=\"https:\/\/archives.regards.fr\/wp-content\/uploads\/2012\/05\/fb-4-8f4-150x122.jpg\" class=\"attachment-thumbnail size-thumbnail\" alt=\"La gauche rel\u00e8ve la t\u00eate\" aria-describedby=\"gallery-1-16286\" \/><\/a>\n\t\t\t<\/div>\n\t\t\t\t<figcaption class='wp-caption-text gallery-caption' id='gallery-1-16286'>\n\t\t\t\tLa gauche rel\u00e8ve la t\u00eate\n\t\t\t\t<\/figcaption><\/figure><figure class='gallery-item'>\n\t\t\t<div class='gallery-icon landscape'>\n\t\t\t\t<a href='https:\/\/archives.regards.fr\/wp-content\/uploads\/2012\/05\/fc-4-293.jpg'><img loading=\"lazy\" decoding=\"async\" width=\"80\" height=\"55\" src=\"https:\/\/archives.regards.fr\/wp-content\/uploads\/2012\/05\/fc-4-293.jpg\" class=\"attachment-thumbnail size-thumbnail\" alt=\"La gauche rel\u00e8ve la t\u00eate\" aria-describedby=\"gallery-1-16287\" \/><\/a>\n\t\t\t<\/div>\n\t\t\t\t<figcaption class='wp-caption-text gallery-caption' id='gallery-1-16287'>\n\t\t\t\tLa gauche rel\u00e8ve la t\u00eate\n\t\t\t\t<\/figcaption><\/figure><figure class='gallery-item'>\n\t\t\t<div class='gallery-icon landscape'>\n\t\t\t\t<a href='https:\/\/archives.regards.fr\/wp-content\/uploads\/2012\/05\/f-4-cd3.jpg'><img loading=\"lazy\" decoding=\"async\" width=\"150\" height=\"150\" src=\"https:\/\/archives.regards.fr\/wp-content\/uploads\/2012\/05\/f-4-cd3-150x150.jpg\" class=\"attachment-thumbnail size-thumbnail\" alt=\"f-4.jpg\" \/><\/a>\n\t\t\t<\/div><\/figure>\n\t\t<\/div>\n<\/p>\n","protected":false},"excerpt":{"rendered":"<p>Le PS est \u00e0 l\u2019Elys\u00e9e. Du c\u00f4t\u00e9 de la gauche radicale, pass\u00e9e<br \/>\nla satisfaction de voir Nicolas Sarkozy enfin \u00ab d\u00e9gag\u00e9 \u00bb,<br \/>\nc\u2019est l\u2019heure du bilan. Que faire maintenant du fort<br \/>\npotentiel du Front de gauche et comment peser<br \/>\n\u00e0 l\u2019avenir, sans se diviser ?<\/p>\n","protected":false},"author":464,"featured_media":16286,"comment_status":"open","ping_status":"open","sticky":false,"template":"","format":"standard","meta":{"_themeisle_gutenberg_block_has_review":false,"footnotes":""},"categories":[141],"tags":[328,295],"class_list":["post-5406","post","type-post","status-publish","format-standard","has-post-thumbnail","hentry","category-archives-web","tag-editorial","tag-nupes"],"_links":{"self":[{"href":"https:\/\/archives.regards.fr\/index.php?rest_route=\/wp\/v2\/posts\/5406","targetHints":{"allow":["GET"]}}],"collection":[{"href":"https:\/\/archives.regards.fr\/index.php?rest_route=\/wp\/v2\/posts"}],"about":[{"href":"https:\/\/archives.regards.fr\/index.php?rest_route=\/wp\/v2\/types\/post"}],"author":[{"embeddable":true,"href":"https:\/\/archives.regards.fr\/index.php?rest_route=\/wp\/v2\/users\/464"}],"replies":[{"embeddable":true,"href":"https:\/\/archives.regards.fr\/index.php?rest_route=%2Fwp%2Fv2%2Fcomments&post=5406"}],"version-history":[{"count":0,"href":"https:\/\/archives.regards.fr\/index.php?rest_route=\/wp\/v2\/posts\/5406\/revisions"}],"wp:featuredmedia":[{"embeddable":true,"href":"https:\/\/archives.regards.fr\/index.php?rest_route=\/wp\/v2\/media\/16286"}],"wp:attachment":[{"href":"https:\/\/archives.regards.fr\/index.php?rest_route=%2Fwp%2Fv2%2Fmedia&parent=5406"}],"wp:term":[{"taxonomy":"category","embeddable":true,"href":"https:\/\/archives.regards.fr\/index.php?rest_route=%2Fwp%2Fv2%2Fcategories&post=5406"},{"taxonomy":"post_tag","embeddable":true,"href":"https:\/\/archives.regards.fr\/index.php?rest_route=%2Fwp%2Fv2%2Ftags&post=5406"}],"curies":[{"name":"wp","href":"https:\/\/api.w.org\/{rel}","templated":true}]}}