{"id":5396,"date":"2012-04-29T12:00:00","date_gmt":"2012-04-29T10:00:00","guid":{"rendered":"https:\/\/wp.muchomaas.com\/manifester-voter-pour-exister5396\/"},"modified":"2023-06-23T23:11:23","modified_gmt":"2023-06-23T21:11:23","slug":"manifester-voter-pour-exister5396","status":"publish","type":"post","link":"https:\/\/archives.regards.fr\/?p=5396","title":{"rendered":"\u00ab Manifester, voter, pour exister \u00bb Yaelle, Quartiers Nord de Marseille (13)."},"content":{"rendered":"<p class=\"post_excerpt\">QUARTIERS LIBRES, la chronique de Raph\u00e4l Yem.<\/p>\n<p><strong>Nous n\u2019existons pas.<\/strong> Dans leurs programmes.<br \/>\nCeux des candidats \u00e0 cette<br \/>\nsacro-sainte \u00e9lection pr\u00e9sidentielle.<br \/>\n\u00c0 quelques jours du scrutin tant attendu, nous<br \/>\nn\u2019existons toujours pas. Par exemple, Fran\u00e7ois<br \/>\nHollande ne tient pas \u00e0 ce que les quartiers populaires<br \/>\nsoient une priorit\u00e9 nationale. En visite<br \/>\nau minist\u00e8re de la Crise des banlieues, mont\u00e9<br \/>\n\u00e0 l\u2019arrache par les camarades d\u2019AC le feu, le<br \/>\nsocialiste s\u2019est content\u00e9 de r\u00e9p\u00e9ter comme<br \/>\nun slameur, qu\u2019aucun territoire ne devait \u00eatre<br \/>\nd\u00e9laiss\u00e9. Finissant tout de m\u00eame par conc\u00e9der<br \/>\nun \u00e9ni\u00e8me Grenelle des banlieues\u2026 Et on sait<br \/>\n\u00e0 quoi aboutissent les \u00ab Grenelle \u00bb des ann\u00e9es<br \/>\n2000\u2026 Comme les plans Marshall. Celui de Nicolas<br \/>\nSarkozy en 2007 \u00e9tait une carotte. Cette<br \/>\nann\u00e9e, il promet de \u00ab <em>concentrer son intervention<br \/>\nsur les communes les plus d\u00e9favoris\u00e9es<br \/>\net disposant des moyens les plus faibles<\/em> \u00bb, un<br \/>\nobjectif que s\u2019\u00e9tait d\u00e9j\u00e0 fix\u00e9 dans le vent Fadela<br \/>\nAmara, ex-Ni putes ni noumises, ni secr\u00e9taire<br \/>\nd\u2019\u00c9tat. Nous n\u2019existons pas. Ou alors si, dans<br \/>\nleurs invectives ou leurs arguments \u00e9lectoraux.<br \/>\nNous sommes des probl\u00e8mes, des assist\u00e9s ou<br \/>\ncomme l\u2019a dit Marine Le Pen, \u00ab <em>des hordes de<br \/>\nbarbares qui polluent les cit\u00e9s<\/em> \u00bb, ou pire encore,<br \/>\ndans la veine patriarcale, \u00ab <em>des gosses de banlieue<\/em><br \/>\n\u00bb qui, selon le pr\u00e9sident candidat, \u00ab <em>b\u00e9n\u00e9ficient<br \/>\nde l\u2019argent de tous les Fran\u00e7ais<\/em> \u00bb. Les<br \/>\nsurprises pourraient-elles venir des autres candidats,<br \/>\nceux que les sondages ne mettent pas<br \/>\ndans le trio de t\u00eate ? Elle viendra \u00e0 coup s\u00fbr de<br \/>\nnos bulletins de vote. Vite, la \u00ab revote \u00bb sociale !<br \/>\nCelle qui crie : nous existons. <div id='gallery-1' class='gallery galleryid-5396 gallery-columns-3 gallery-size-thumbnail'><figure class='gallery-item'>\n\t\t\t<div class='gallery-icon landscape'>\n\t\t\t\t<a href='https:\/\/archives.regards.fr\/wp-content\/uploads\/2012\/04\/mc-2-fb1.jpg'><img loading=\"lazy\" decoding=\"async\" width=\"80\" height=\"55\" src=\"https:\/\/archives.regards.fr\/wp-content\/uploads\/2012\/04\/mc-2-fb1.jpg\" class=\"attachment-thumbnail size-thumbnail\" alt=\"\u00ab Manifester, voter, pour exister \u00bb Yaelle, Quartiers Nord de Marseille (13).\" aria-describedby=\"gallery-1-16262\" \/><\/a>\n\t\t\t<\/div>\n\t\t\t\t<figcaption class='wp-caption-text gallery-caption' id='gallery-1-16262'>\n\t\t\t\t\u00ab Manifester, voter, pour exister \u00bb Yaelle, Quartiers Nord de Marseille (13).\n\t\t\t\t<\/figcaption><\/figure><figure class='gallery-item'>\n\t\t\t<div class='gallery-icon landscape'>\n\t\t\t\t<a href='https:\/\/archives.regards.fr\/wp-content\/uploads\/2012\/04\/m-2-407.jpg'><img loading=\"lazy\" decoding=\"async\" width=\"150\" height=\"150\" src=\"https:\/\/archives.regards.fr\/wp-content\/uploads\/2012\/04\/m-2-407-150x150.jpg\" class=\"attachment-thumbnail size-thumbnail\" alt=\"m-2.jpg\" \/><\/a>\n\t\t\t<\/div><\/figure>\n\t\t<\/div>\n<\/p>\n","protected":false},"excerpt":{"rendered":"<p>QUARTIERS LIBRES, la chronique de Raph\u00e4l Yem.<\/p>\n","protected":false},"author":1,"featured_media":16262,"comment_status":"open","ping_status":"open","sticky":false,"template":"","format":"standard","meta":{"_themeisle_gutenberg_block_has_review":false,"footnotes":""},"categories":[134],"tags":[357],"class_list":["post-5396","post","type-post","status-publish","format-standard","has-post-thumbnail","hentry","category-raphal-yem","tag-chronique"],"_links":{"self":[{"href":"https:\/\/archives.regards.fr\/index.php?rest_route=\/wp\/v2\/posts\/5396","targetHints":{"allow":["GET"]}}],"collection":[{"href":"https:\/\/archives.regards.fr\/index.php?rest_route=\/wp\/v2\/posts"}],"about":[{"href":"https:\/\/archives.regards.fr\/index.php?rest_route=\/wp\/v2\/types\/post"}],"author":[{"embeddable":true,"href":"https:\/\/archives.regards.fr\/index.php?rest_route=\/wp\/v2\/users\/1"}],"replies":[{"embeddable":true,"href":"https:\/\/archives.regards.fr\/index.php?rest_route=%2Fwp%2Fv2%2Fcomments&post=5396"}],"version-history":[{"count":0,"href":"https:\/\/archives.regards.fr\/index.php?rest_route=\/wp\/v2\/posts\/5396\/revisions"}],"wp:featuredmedia":[{"embeddable":true,"href":"https:\/\/archives.regards.fr\/index.php?rest_route=\/wp\/v2\/media\/16262"}],"wp:attachment":[{"href":"https:\/\/archives.regards.fr\/index.php?rest_route=%2Fwp%2Fv2%2Fmedia&parent=5396"}],"wp:term":[{"taxonomy":"category","embeddable":true,"href":"https:\/\/archives.regards.fr\/index.php?rest_route=%2Fwp%2Fv2%2Fcategories&post=5396"},{"taxonomy":"post_tag","embeddable":true,"href":"https:\/\/archives.regards.fr\/index.php?rest_route=%2Fwp%2Fv2%2Ftags&post=5396"}],"curies":[{"name":"wp","href":"https:\/\/api.w.org\/{rel}","templated":true}]}}