{"id":5395,"date":"2012-04-25T08:00:00","date_gmt":"2012-04-25T06:00:00","guid":{"rendered":"https:\/\/wp.muchomaas.com\/l-art-de-nous-mettre-a-table5395\/"},"modified":"2023-06-23T23:11:23","modified_gmt":"2023-06-23T21:11:23","slug":"l-art-de-nous-mettre-a-table5395","status":"publish","type":"post","link":"https:\/\/archives.regards.fr\/?p=5395","title":{"rendered":"L\u2019art de nous mettre \u00e0 table"},"content":{"rendered":"<p><strong>Apr\u00e8s la pol\u00e9mique sur la viande halal,<br \/>\n\u00ab<em> premi\u00e8re pr\u00e9occupation des Fran\u00e7ais<\/em><br \/>\n\u00bb, force est de constater que depuis<br \/>\nquelque temps la droite cristallise sur l\u2019art<br \/>\nculinaire, qui de fait trouve largement sa place<br \/>\ndans la presse, sur le web et \u00e9videmment \u00e0 la<br \/>\nt\u00e9l\u00e9<\/strong>. Exemple : <em>Top Chef<\/em>, programme phare de<br \/>\nM6 qui doit imp\u00e9rativement compenser la perte<br \/>\ndu football (captur\u00e9 par Al-Jazira) et les \u00e9checs<br \/>\nrelatifs de ses s\u00e9ries t\u00e9l\u00e9 (parfois injustes<br \/>\ncomme avec <em>The Good Wife<\/em>). Il s\u2019agit cela dit<br \/>\nd\u2019un produit original qui m\u00e9lange t\u00e9l\u00e9-crochet<br \/>\n\u2013 avec sa recette comp\u00e9titive-\u00e9liminative imparable<br \/>\ndans la dramaturgie affective (on s\u2019attache<br \/>\n\u00e0 un candidat toujours sur le point de passer sur<br \/>\nl\u2019\u00e9chafaud) \u2013, culte de l\u2019expertise et du paternalisme<br \/>\nprofessionnel (celui des grands chefs du<br \/>\njury), et carotte financi\u00e8re (100 000 euros). Car<br \/>\nderri\u00e8re l\u2019apologie traditionnelle de l\u2019art culinaire,<br \/>\nc\u2019est finalement une version tr\u00e8s customis\u00e9e et<br \/>\nbling-bling de la cuisine et de l\u2019alimentation qui<br \/>\nest r\u00e9chauff\u00e9e sur les fourneaux rutilants des<br \/>\nstudios de la cha\u00eene qui monte. Une conception<br \/>\n\u00e9galement aseptis\u00e9e, d\u00e9connect\u00e9e de tous<br \/>\nles questionnements actuels sur l\u2019alimentation<br \/>\n(gaspillage, \u00e9cologie, co\u00fbt de la vie, interdits<br \/>\nalimentaires ou simplement mode de vie). Une<br \/>\ncuisine glamour, m\u00e9diatique et parfaitement<br \/>\nmise en sc\u00e8ne avec des r\u00f4les attribu\u00e9s (Norbert<br \/>\net sa gouaille \u00ab populaire \u00bb qui met \u00ab <em>tout dans<br \/>\nl\u2019oignon<\/em> \u00bb etc.), mais au fond toujours profond\u00e9ment<br \/>\nr\u00e9ac (le respect de la hi\u00e9rarchie en dogme<br \/>\nabsolu). La sur\u00e9laboration des plats sugg\u00e9r\u00e9s<br \/>\nprolonge finalement cette conception pyramidale<br \/>\nd\u2019une d\u00e9mocratie o\u00f9 tout le monde peut<br \/>\ndonner son avis du moment que seuls ceux qui<br \/>\nconnaissent les \u00ab rouages \u00bb de l\u2019\u00e9conomie sont<br \/>\ndignes de d\u00e9cider. Une m\u00e9taphore oligarchique<br \/>\ndu repas du soir.<\/p>\n<p>Dans cette ambiance r\u00e9gressive o\u00f9 le drapeau<br \/>\ntricolore devient le plus petit d\u00e9nominateur commun<br \/>\nd\u2019une r\u00e9publique qui n\u2019a plus que le mot<br \/>\nFrance \u00e0 la bouche, rien d\u2019\u00e9tonnant \u00e0 ce que<br \/>\nla cuisine se trouve encore plus qu\u2019\u00e0 l\u2018ordinaire<br \/>\n(historique et h\u00e9raldique) hiss\u00e9e au rang d\u2019embl\u00e8me<br \/>\nnational. Une fiert\u00e9 d\u2019un autre \u00e2ge mais<br \/>\nbien utile en ces temps de grandes confusions<br \/>\nculturelles. Un rempart irr\u00e9dentiste de notre<br \/>\nidentit\u00e9 nationale face au rouleau compresseur<br \/>\nde la mondialisation (du hamburger au kebab)<br \/>\nde la malbouffe d\u2019un bas peuple de moins en<br \/>\nmoins digne de ce v\u00e9ritable et v\u00e9n\u00e9rable h\u00e9ritage<br \/>\ndu patrimoine fran\u00e7ais, ennobli pour mieux<br \/>\n\u00e9chapper \u00e0 ses racines roturi\u00e8res. Les \u00e9missions<br \/>\nculinaires ont toujours refl\u00e9t\u00e9 leur \u00e9poque,<br \/>\ncomme le discours subliminal crypto-FN de Ma\u00eft\u00e9<br \/>\n(qui finit presque par l\u2019assumer) et son apologie<br \/>\nde la France des terroirs, d\u2019une terre qui ne<br \/>\nment pas, ou les larmes nostalgiques d\u2019un Jean-<br \/>\nPierre Coffe qui anticipait d\u2019une certaine fa\u00e7on<br \/>\nle virage \u00ab r\u00e9public old school \u00bb d\u2019une Caroline<br \/>\nFourest. Il ne s\u2019agit gu\u00e8re d\u2019une exclusivit\u00e9 hexagonale.<br \/>\nIl suffit de regarder <em>La cuisine de Choumicha<\/em><br \/>\nsur la t\u00e9l\u00e9 marocaine pour comprendre<br \/>\nles tensions qui sourdent au c\u0153ur du royaume<br \/>\nch\u00e9rifien. <em>Top chef<\/em> r\u00e9ussit juste le tour de force<br \/>\nde fusionner les genres. Sans avoir l\u2019air d\u2019y<br \/>\ntoucher. Loin des yeux loin des couteaux ! Car<br \/>\ncomme le rappellent les rappeurs de la Rumeur :<br \/>\n\u00ab <em>La meilleure des polices demeure in\u00e9galable<br \/>\ndans l\u2019art de tous nous mettre \u00e0 table. <\/em> \u00bb<br \/>\n<div id='gallery-1' class='gallery galleryid-5395 gallery-columns-3 gallery-size-thumbnail'><figure class='gallery-item'>\n\t\t\t<div class='gallery-icon landscape'>\n\t\t\t\t<a href='https:\/\/archives.regards.fr\/wp-content\/uploads\/2012\/04\/tc-3db.jpg'><img loading=\"lazy\" decoding=\"async\" width=\"150\" height=\"150\" src=\"https:\/\/archives.regards.fr\/wp-content\/uploads\/2012\/04\/tc-3db-150x150.jpg\" class=\"attachment-thumbnail size-thumbnail\" alt=\"tc.jpg\" \/><\/a>\n\t\t\t<\/div><\/figure><figure class='gallery-item'>\n\t\t\t<div class='gallery-icon landscape'>\n\t\t\t\t<a href='https:\/\/archives.regards.fr\/wp-content\/uploads\/2012\/04\/tcs-e2f.jpg'><img loading=\"lazy\" decoding=\"async\" width=\"150\" height=\"150\" src=\"https:\/\/archives.regards.fr\/wp-content\/uploads\/2012\/04\/tcs-e2f-150x150.jpg\" class=\"attachment-thumbnail size-thumbnail\" alt=\"L\u2019art de nous mettre \u00e0 table\" aria-describedby=\"gallery-1-16258\" \/><\/a>\n\t\t\t<\/div>\n\t\t\t\t<figcaption class='wp-caption-text gallery-caption' id='gallery-1-16258'>\n\t\t\t\tL\u2019art de nous mettre \u00e0 table\n\t\t\t\t<\/figcaption><\/figure><figure class='gallery-item'>\n\t\t\t<div class='gallery-icon landscape'>\n\t\t\t\t<a href='https:\/\/archives.regards.fr\/wp-content\/uploads\/2012\/04\/tcb-bf7.jpg'><img loading=\"lazy\" decoding=\"async\" width=\"150\" height=\"122\" src=\"https:\/\/archives.regards.fr\/wp-content\/uploads\/2012\/04\/tcb-bf7-150x122.jpg\" class=\"attachment-thumbnail size-thumbnail\" alt=\"L\u2019art de nous mettre \u00e0 table\" aria-describedby=\"gallery-1-16259\" \/><\/a>\n\t\t\t<\/div>\n\t\t\t\t<figcaption class='wp-caption-text gallery-caption' id='gallery-1-16259'>\n\t\t\t\tL\u2019art de nous mettre \u00e0 table\n\t\t\t\t<\/figcaption><\/figure><figure class='gallery-item'>\n\t\t\t<div class='gallery-icon landscape'>\n\t\t\t\t<a href='https:\/\/archives.regards.fr\/wp-content\/uploads\/2012\/04\/tcc-821.jpg'><img loading=\"lazy\" decoding=\"async\" width=\"80\" height=\"55\" src=\"https:\/\/archives.regards.fr\/wp-content\/uploads\/2012\/04\/tcc-821.jpg\" class=\"attachment-thumbnail size-thumbnail\" alt=\"L\u2019art de nous mettre \u00e0 table\" aria-describedby=\"gallery-1-16260\" \/><\/a>\n\t\t\t<\/div>\n\t\t\t\t<figcaption class='wp-caption-text gallery-caption' id='gallery-1-16260'>\n\t\t\t\tL\u2019art de nous mettre \u00e0 table\n\t\t\t\t<\/figcaption><\/figure>\n\t\t<\/div>\n<\/p>\n","protected":false},"excerpt":{"rendered":"<p>Apr\u00e8s la pol\u00e9mique sur la viande halal, \u00ab premi\u00e8re pr\u00e9occupation des Fran\u00e7ais \u00bb, force est de constater que depuis quelque temps la droite cristallise sur l\u2019art culinaire, qui de fait trouve largement sa place dans la presse, sur le web et \u00e9videmment \u00e0 la t\u00e9l\u00e9. Exemple : Top Chef, programme phare de M6 qui doit [&hellip;]<\/p>\n","protected":false},"author":579,"featured_media":16257,"comment_status":"open","ping_status":"open","sticky":false,"template":"","format":"standard","meta":{"_themeisle_gutenberg_block_has_review":false,"footnotes":""},"categories":[141],"tags":[357,397],"class_list":["post-5395","post","type-post","status-publish","format-standard","has-post-thumbnail","hentry","category-archives-web","tag-chronique","tag-television"],"_links":{"self":[{"href":"https:\/\/archives.regards.fr\/index.php?rest_route=\/wp\/v2\/posts\/5395","targetHints":{"allow":["GET"]}}],"collection":[{"href":"https:\/\/archives.regards.fr\/index.php?rest_route=\/wp\/v2\/posts"}],"about":[{"href":"https:\/\/archives.regards.fr\/index.php?rest_route=\/wp\/v2\/types\/post"}],"author":[{"embeddable":true,"href":"https:\/\/archives.regards.fr\/index.php?rest_route=\/wp\/v2\/users\/579"}],"replies":[{"embeddable":true,"href":"https:\/\/archives.regards.fr\/index.php?rest_route=%2Fwp%2Fv2%2Fcomments&post=5395"}],"version-history":[{"count":0,"href":"https:\/\/archives.regards.fr\/index.php?rest_route=\/wp\/v2\/posts\/5395\/revisions"}],"wp:featuredmedia":[{"embeddable":true,"href":"https:\/\/archives.regards.fr\/index.php?rest_route=\/wp\/v2\/media\/16257"}],"wp:attachment":[{"href":"https:\/\/archives.regards.fr\/index.php?rest_route=%2Fwp%2Fv2%2Fmedia&parent=5395"}],"wp:term":[{"taxonomy":"category","embeddable":true,"href":"https:\/\/archives.regards.fr\/index.php?rest_route=%2Fwp%2Fv2%2Fcategories&post=5395"},{"taxonomy":"post_tag","embeddable":true,"href":"https:\/\/archives.regards.fr\/index.php?rest_route=%2Fwp%2Fv2%2Ftags&post=5395"}],"curies":[{"name":"wp","href":"https:\/\/api.w.org\/{rel}","templated":true}]}}