{"id":5392,"date":"2012-04-22T08:00:00","date_gmt":"2012-04-22T06:00:00","guid":{"rendered":"https:\/\/wp.muchomaas.com\/les-fanfares-s-indignent-parade5392\/"},"modified":"2023-06-23T23:11:22","modified_gmt":"2023-06-23T21:11:22","slug":"les-fanfares-s-indignent-parade5392","status":"publish","type":"post","link":"https:\/\/archives.regards.fr\/?p=5392","title":{"rendered":"Les fanfares s\u2019indignent! Parade manifestive"},"content":{"rendered":"<p class=\"post_excerpt\">Plus de 200 musiciens et pr\u00e8s de 15 fanfares europ\u00e9ennes se rassemblent \u00e0 Paris et investissent la rue entre les deux tours de l\u2019\u00e9lection pr\u00e9sidentielle pour une parade manifestive, populaire et citoyenne. Un rassemblement de fanfares venues d\u2019Europe (Italie, Espagne, Suisse, Allemagne, France\u2026) mobilis\u00e9es pour m\u00ealer leurs r\u00e9pertoires et cr\u00e9er, aux sons des cuivres et des percussions, &#8220;<em>les conditions d\u2019une r\u00e9sistance festive, joyeuse et solidaire<\/em>&#8220;&#8230;<\/p>\n<p>Premier rendez-vous le samedi 28 avril 2012, 15 heures, place du Ch\u00e2telet \u00e0 Paris, France.<br \/>\nD&#8217;ici-l\u00e0, on peut lire ci-dessous l&#8217;appel li\u00e9 \u00e0 cette initiative de la Fanfare invisible.<\/p>\n<p>\u2022 <strong>Face \u00e0 une crise financi\u00e8re<\/strong> qui d\u00e9stabilise les \u00e9tats et donne aux march\u00e9s<br \/>\ntous les droits,<\/p>\n<p>\u2022 <strong>Face aux outrances du lib\u00e9ralisme<\/strong> qui cassent les services publics<br \/>\net imposent l\u2019aust\u00e9rit\u00e9 aux plus d\u00e9munis,<\/p>\n<p>\u2022 <strong>Face \u00e0 l\u2019imp\u00e9ratif de croissanc<\/strong>e qui \u00e9puise nos ressources naturelles<br \/>\net confond d\u00e9veloppement \u00e9conomique et bien-\u00eatre social,<\/p>\n<p>\u2022 <strong>Face aux politiques x\u00e9nophobes et s\u00e9curitaires<\/strong> qui exploitent les peurs,<br \/>\nstigmatisent les ch\u00f4meurs, les immigr\u00e9s et les sans-papiers, m\u00e9prisent<br \/>\nles mal-log\u00e9s et les sans abris,<\/p>\n<p>\u2022 <strong>Face \u00e0 une soci\u00e9t\u00e9 individualiste<\/strong> qui encourage l\u2019\u00e9go\u00efsme et le repli sur soi.<\/p>\n<p><strong>Nous, musiciens amateurs et citoyens mobilis\u00e9s venus<br \/>\nd\u2019Europe<\/strong> (France, Italie, Espagne, Belgique, Allemagne\u2026),<br \/>\nvous invitons \u00e0 nous rejoindre entre les deux tours de<br \/>\nl\u2019\u00e9lection pr\u00e9sidentielle, pour cr\u00e9er aux sons des fanfares<br \/>\net des brass bands les conditions d\u2019une r\u00e9sistance festive,<br \/>\njoyeuse et solidaire, capable d\u2019\u00e9paissir le tissu social.<\/p>\n<p><strong>Avec les fanfares europ\u00e9ennes<\/strong>, nous appelons \u00e0 une convergence des luttes.<br \/>\nAu-del\u00e0 du r\u00e9sultat des \u00e9lections, cette initiative souhaite encourager chaque<br \/>\ncitoyen \u00e0 rejoindre le mouvement social, pour peser sur les partis politiques.<br \/>\nEn solidarit\u00e9 musicale avec les mouvements sociaux, les mouvements d\u2019\u00c9ducation<br \/>\nPopulaire et de l\u2019Economie Sociale et Solidaire, cette parade manifestive<br \/>\net citoyenne va investir la rue :<br \/>\n<strong><br \/>\nPour le droit \u00e0 l\u2019\u00e9ducation et \u00e0 la culture, \u00e0 la sant\u00e9,<br \/>\n\u00e0 l\u2019emploi et au logement pour tous !<\/strong><\/p>\n<h2>Avec le soutien de :<\/h2>\n<p>AC!, ACLEFEU!, ATTAC, D\u00e9mocratie R\u00e9elle Maintenant, Droit Au Logement<br \/>\n(DAL), les Sans Etiquette, LDH, Le collectif Traversant3, Les Marches europ\u00e9ennes, Les Tabliers Volants, Postures, T\u00e9l\u00e9-Bocal\u2026<div id='gallery-1' class='gallery galleryid-5392 gallery-columns-3 gallery-size-thumbnail'><figure class='gallery-item'>\n\t\t\t<div class='gallery-icon portrait'>\n\t\t\t\t<a href='https:\/\/archives.regards.fr\/wp-content\/uploads\/2012\/04\/appel_fanfare_2_-_copie-37c.jpg'><img loading=\"lazy\" decoding=\"async\" width=\"150\" height=\"150\" src=\"https:\/\/archives.regards.fr\/wp-content\/uploads\/2012\/04\/appel_fanfare_2_-_copie-37c-150x150.jpg\" class=\"attachment-thumbnail size-thumbnail\" alt=\"appel_fanfare_2_-_copie.jpg\" \/><\/a>\n\t\t\t<\/div><\/figure>\n\t\t<\/div>\n<\/p>\n","protected":false},"excerpt":{"rendered":"<p>Plus de 200 musiciens et pr\u00e8s de 15 fanfares europ\u00e9ennes se rassemblent \u00e0 Paris et investissent la rue entre les deux tours de l\u2019\u00e9lection pr\u00e9sidentielle pour une parade manifestive, populaire et citoyenne. Un rassemblement de fanfares venues d\u2019Europe (Italie, Espagne, Suisse, Allemagne, France\u2026) mobilis\u00e9es pour m\u00ealer leurs r\u00e9pertoires et cr\u00e9er, aux sons des cuivres et des percussions, &#8220;<em>les conditions d\u2019une r\u00e9sistance festive, joyeuse et solidaire<\/em>&#8220;&#8230;<\/p>\n<p>Premier rendez-vous le samedi 28 avril 2012, 15 heures, place du Ch\u00e2telet \u00e0 Paris, France.<br \/>\nD&#8217;ici-l\u00e0, on peut lire ci-dessous l&#8217;appel li\u00e9 \u00e0 cette initiative de la Fanfare invisible.<\/p>\n","protected":false},"author":1,"featured_media":16250,"comment_status":"open","ping_status":"open","sticky":false,"template":"","format":"standard","meta":{"_themeisle_gutenberg_block_has_review":false,"footnotes":""},"categories":[278],"tags":[],"class_list":["post-5392","post","type-post","status-publish","format-standard","has-post-thumbnail","hentry","category-tribunes"],"_links":{"self":[{"href":"https:\/\/archives.regards.fr\/index.php?rest_route=\/wp\/v2\/posts\/5392","targetHints":{"allow":["GET"]}}],"collection":[{"href":"https:\/\/archives.regards.fr\/index.php?rest_route=\/wp\/v2\/posts"}],"about":[{"href":"https:\/\/archives.regards.fr\/index.php?rest_route=\/wp\/v2\/types\/post"}],"author":[{"embeddable":true,"href":"https:\/\/archives.regards.fr\/index.php?rest_route=\/wp\/v2\/users\/1"}],"replies":[{"embeddable":true,"href":"https:\/\/archives.regards.fr\/index.php?rest_route=%2Fwp%2Fv2%2Fcomments&post=5392"}],"version-history":[{"count":0,"href":"https:\/\/archives.regards.fr\/index.php?rest_route=\/wp\/v2\/posts\/5392\/revisions"}],"wp:featuredmedia":[{"embeddable":true,"href":"https:\/\/archives.regards.fr\/index.php?rest_route=\/wp\/v2\/media\/16250"}],"wp:attachment":[{"href":"https:\/\/archives.regards.fr\/index.php?rest_route=%2Fwp%2Fv2%2Fmedia&parent=5392"}],"wp:term":[{"taxonomy":"category","embeddable":true,"href":"https:\/\/archives.regards.fr\/index.php?rest_route=%2Fwp%2Fv2%2Fcategories&post=5392"},{"taxonomy":"post_tag","embeddable":true,"href":"https:\/\/archives.regards.fr\/index.php?rest_route=%2Fwp%2Fv2%2Ftags&post=5392"}],"curies":[{"name":"wp","href":"https:\/\/api.w.org\/{rel}","templated":true}]}}