{"id":5388,"date":"2012-05-03T08:00:00","date_gmt":"2012-05-03T06:00:00","guid":{"rendered":"https:\/\/wp.muchomaas.com\/la-relegation-n-est-pas-une5388\/"},"modified":"2023-06-23T23:11:21","modified_gmt":"2023-06-23T21:11:21","slug":"la-relegation-n-est-pas-une5388","status":"publish","type":"post","link":"https:\/\/archives.regards.fr\/?p=5388","title":{"rendered":"\u00ab La rel\u00e9gation n\u2019est pas une fatalit\u00e9 \u00bb"},"content":{"rendered":"<p class=\"post_excerpt\">Le rapport entre la ville<br \/>\ncentre et ses p\u00e9riph\u00e9ries<br \/>\nest en train de changer.<br \/>\n<em>Les p\u00e9riph\u00e9ries du vote.<\/em><\/p>\n<p>Patrick Braouezec, d\u00e9put\u00e9 Fase, appelle<br \/>\ntoutefois \u00e0 poursuivre les<br \/>\nefforts financiers en direction<br \/>\ndes banlieues et \u00e0 d\u00e9fendre<br \/>\nune solidarit\u00e9 entre<br \/>\nles territoires.<\/p>\n<p>L&#8217;\u00e9clatement du peuple tient \u00e0 la dissolution<br \/>\ndes statuts du travail mais aussi aux disparit\u00e9s<br \/>\nterritoriales entre les banlieues, le p\u00e9riurbain<br \/>\net les zones d\u00e9laiss\u00e9es de la France des<br \/>\npetites villes. La traduction politique de ces diff\u00e9rentes<br \/>\ndynamiques n\u2019a aucune automaticit\u00e9. Se<br \/>\nsentir rel\u00e9gu\u00e9 peut provoquer du ressentiment<br \/>\net de la peur, conduire au vote FN. Mais cela<br \/>\npeut aussi nourrir une contestation politique des<br \/>\nlogiques de s\u00e9gr\u00e9gation et de mise en concurrence<br \/>\ndes territoires. L\u2019enjeu est donc tout \u00e0 la<br \/>\nfois de saisir cette nouvelle r\u00e9alit\u00e9 et d\u2019\u00eatre en<br \/>\nmesure de proposer des perspectives politiques<br \/>\nadapt\u00e9es \u00e0 la vari\u00e9t\u00e9 de ces situations. Depuis<br \/>\ndix ans, une sorte de r\u00e9volution urbaine, qui<br \/>\ntouche les villes et les campagnes, est \u00e0 l\u2019oeuvre.<br \/>\nElle s&#8217;inscrit dans un processus d\u2019urbanisation \u00e0<br \/>\nl\u2019\u00e9chelle du monde entier : la grande ville est en<br \/>\npasse de devenir le cadre de la production et de<br \/>\nla vie de la majorit\u00e9 des Terriens.<\/p>\n<p>En France, les dynamiques de m\u00e9tropolisation<br \/>\nse traduisent par la red\u00e9finition des rapports<br \/>\nentre la ville centre et ses p\u00e9riph\u00e9ries. Les habitants<br \/>\ndes banlieues de plus en plus travaillent,<br \/>\nhabitent, \u00e9tudient, se soignent, se forment, se divertissent<br \/>\net se prom\u00e8nent dans le grand espace<br \/>\nfrancilien. Cet \u00e9largissement du territoire, v\u00e9cu<br \/>\npar chacun, a des r\u00e9percussions politiques. La<br \/>\ncoupure entre Paris et sa banlieue, la domination<br \/>\nde la premi\u00e8re sur la seconde, ne sont certes<br \/>\npas encore surmont\u00e9es, mais elles n\u2019ont plus<br \/>\nni la pr\u00e9gnance ni la l\u00e9gitimit\u00e9 d\u2019antan. Comme<br \/>\nles ann\u00e9es 1930-1950 ont int\u00e9gr\u00e9 la classe ouvri\u00e8re<br \/>\ndans le corps national, le xxie si\u00e8cle pourrait<br \/>\ncommencer par r\u00e9parer les dommages faits<br \/>\naux territoires de banlieue et \u00e0 leurs habitants.<br \/>\nLe montant des sommes mobilis\u00e9es \u00e0 cette fin<br \/>\nest le r\u00e9sultat d\u2019un rapport de force politique<br \/>\n\u2013 h\u00e9ritage de la banlieue rouge qui impose de<br \/>\nr\u00e9parer les mauvais traitements inflig\u00e9s \u00e0 ces<br \/>\nterritoires. L\u2019Anru 2 a r\u00e9uni pr\u00e8s de 40 milliards.<br \/>\nNulle part dans le monde de telles sommes n\u2019ont<br \/>\n\u00e9t\u00e9 investies dans la requalification de quartiers<br \/>\npopulaires. Et cela n\u2019est pas fini. Cela doit continuer.<br \/>\nLes investissements dans les territoires<br \/>\nd\u00e9laiss\u00e9s ou maltrait\u00e9s doivent se poursuivre.<br \/>\nL\u2019Anru doit \u00eatre reconduite. Cette politique transversale<br \/>\na permis de mobiliser les approches et<br \/>\nles moyens d\u2019une politique non pas sectorielle<br \/>\nmais urbaine. Le nouvel Anru devra \u00e9voluer<br \/>\ndans ses crit\u00e8res. La r\u00e8gle ne doit plus \u00eatre<br \/>\ncelle de la d\u00e9molition des grands ensembles, il<br \/>\nfaut retenir pour principe le projet. L\u2019accompagnement<br \/>\nde la transition \u00e9cologique doit \u00eatre<br \/>\ndavantage encourag\u00e9.<\/p>\n<p>Cette nouvelle ville non s\u00e9gr\u00e9gu\u00e9e est loin d\u2019\u00eatre<br \/>\nacquise. La r\u00e9gion Ile-de-France reste une des<br \/>\nplus riches et des plus in\u00e9galitaires d\u2019Europe.<br \/>\nElle se remod\u00e8le sous l\u2019effet d\u2019une mondialisation<br \/>\nlib\u00e9rale qui se traduit notamment par les<br \/>\nhausses vertigineuses du foncier et les effets<br \/>\nde rel\u00e9gation qu\u2019elles provoquent. Mais d\u00e9j\u00e0 les<br \/>\nFranciliens se projettent autrement dans l\u2019avenir.<br \/>\nIls se vivent de plus en plus comme les citoyens<br \/>\nd&#8217;un espace commun. Les r\u00e9voltes qui ont secou\u00e9<br \/>\nles grandes villes, et dont le souvenir ne<br \/>\ns\u2019efface pas, sont aussi la traduction de ce nouvel<br \/>\n\u00e2ge o\u00f9 les fronti\u00e8res \u00e0 l\u2019int\u00e9rieur de la ville<br \/>\nne sont plus accept\u00e9es et d\u00e9j\u00e0 d\u00e9pass\u00e9es dans<br \/>\nles esprits.<\/p>\n<h2>Cosmopolitisme<\/h2>\n<p>Ce que les habitants de la banlieue revendiquent,<br \/>\net qu&#8217;ils commencent \u00e0 vivre, peut repr\u00e9senter<br \/>\nune esp\u00e9rance pour tous : il n\u2019y a pas<br \/>\nde fatalit\u00e9 \u00e0 la rel\u00e9gation des territoires et des<br \/>\npopulations. Nous pouvons construire un autre<br \/>\navenir qui fasse place \u00e0 tous. Nous pouvons<br \/>\nreconstruire une solidarit\u00e9 entre tous. Ainsi, les<br \/>\nluttes des habitants et des \u00e9lus de banlieue se<br \/>\nprolongent aujourd\u2019hui dans les collectifs qui<br \/>\ns\u2019opposent aux fermetures de postes ou de<br \/>\nlignes de train dans le monde rural.<\/p>\n<p>Partout le cosmopolitisme doit \u00eatre valoris\u00e9.<br \/>\nLa ville moderne est ouverte au monde. L\u2019immigr\u00e9<br \/>\nest son habitant naturel. Autant dire que la<br \/>\nrupture doit \u00eatre radicale avec la x\u00e9nophobie<br \/>\nqui s\u2019installe au c\u0153ur de l\u2019\u00c9tat. M\u00eame \u00e0 l\u2019heure<br \/>\no\u00f9 Marine Le Pen prosp\u00e8re, j\u2019affirme que nos<br \/>\nconcitoyens ne se laissent pas enr\u00f4ler par ces<br \/>\npropos effrayants. Les ouvriers et les employ\u00e9s<br \/>\nqui habitent la banlieue et les petites villes ne<br \/>\nsont pas massivement pass\u00e9s avec armes et<br \/>\nbagages du c\u00f4t\u00e9 des racistes. Ils attendent<br \/>\nde la consid\u00e9ration et un avenir.<div id='gallery-1' class='gallery galleryid-5388 gallery-columns-3 gallery-size-thumbnail'><figure class='gallery-item'>\n\t\t\t<div class='gallery-icon landscape'>\n\t\t\t\t<a href='https:\/\/archives.regards.fr\/wp-content\/uploads\/2012\/04\/rc-ebe.jpg'><img loading=\"lazy\" decoding=\"async\" width=\"80\" height=\"55\" src=\"https:\/\/archives.regards.fr\/wp-content\/uploads\/2012\/04\/rc-ebe.jpg\" class=\"attachment-thumbnail size-thumbnail\" alt=\"\u00ab La rel\u00e9gation n\u2019est pas une fatalit\u00e9 \u00bb\" aria-describedby=\"gallery-1-16235\" \/><\/a>\n\t\t\t<\/div>\n\t\t\t\t<figcaption class='wp-caption-text gallery-caption' id='gallery-1-16235'>\n\t\t\t\t\u00ab La rel\u00e9gation n\u2019est pas une fatalit\u00e9 \u00bb\n\t\t\t\t<\/figcaption><\/figure><figure class='gallery-item'>\n\t\t\t<div class='gallery-icon landscape'>\n\t\t\t\t<a href='https:\/\/archives.regards.fr\/wp-content\/uploads\/2012\/04\/r-cfc.jpg'><img loading=\"lazy\" decoding=\"async\" width=\"150\" height=\"150\" src=\"https:\/\/archives.regards.fr\/wp-content\/uploads\/2012\/04\/r-cfc-150x150.jpg\" class=\"attachment-thumbnail size-thumbnail\" alt=\"r.jpg\" \/><\/a>\n\t\t\t<\/div><\/figure>\n\t\t<\/div>\n<\/p>\n","protected":false},"excerpt":{"rendered":"<p>Le rapport entre la ville<br \/>\ncentre et ses p\u00e9riph\u00e9ries<br \/>\nest en train de changer.<br \/>\n<em>Les p\u00e9riph\u00e9ries du vote.<\/em><\/p>\n<p>Patrick Braouezec, d\u00e9put\u00e9 Fase, appelle<br \/>\ntoutefois \u00e0 poursuivre les<br \/>\nefforts financiers en direction<br \/>\ndes banlieues et \u00e0 d\u00e9fendre<br \/>\nune solidarit\u00e9 entre<br \/>\nles territoires.<\/p>\n","protected":false},"author":1,"featured_media":16235,"comment_status":"open","ping_status":"open","sticky":false,"template":"","format":"standard","meta":{"_themeisle_gutenberg_block_has_review":false,"footnotes":""},"categories":[141],"tags":[],"class_list":["post-5388","post","type-post","status-publish","format-standard","has-post-thumbnail","hentry","category-archives-web"],"_links":{"self":[{"href":"https:\/\/archives.regards.fr\/index.php?rest_route=\/wp\/v2\/posts\/5388","targetHints":{"allow":["GET"]}}],"collection":[{"href":"https:\/\/archives.regards.fr\/index.php?rest_route=\/wp\/v2\/posts"}],"about":[{"href":"https:\/\/archives.regards.fr\/index.php?rest_route=\/wp\/v2\/types\/post"}],"author":[{"embeddable":true,"href":"https:\/\/archives.regards.fr\/index.php?rest_route=\/wp\/v2\/users\/1"}],"replies":[{"embeddable":true,"href":"https:\/\/archives.regards.fr\/index.php?rest_route=%2Fwp%2Fv2%2Fcomments&post=5388"}],"version-history":[{"count":0,"href":"https:\/\/archives.regards.fr\/index.php?rest_route=\/wp\/v2\/posts\/5388\/revisions"}],"wp:featuredmedia":[{"embeddable":true,"href":"https:\/\/archives.regards.fr\/index.php?rest_route=\/wp\/v2\/media\/16235"}],"wp:attachment":[{"href":"https:\/\/archives.regards.fr\/index.php?rest_route=%2Fwp%2Fv2%2Fmedia&parent=5388"}],"wp:term":[{"taxonomy":"category","embeddable":true,"href":"https:\/\/archives.regards.fr\/index.php?rest_route=%2Fwp%2Fv2%2Fcategories&post=5388"},{"taxonomy":"post_tag","embeddable":true,"href":"https:\/\/archives.regards.fr\/index.php?rest_route=%2Fwp%2Fv2%2Ftags&post=5388"}],"curies":[{"name":"wp","href":"https:\/\/api.w.org\/{rel}","templated":true}]}}