{"id":5387,"date":"2012-04-27T08:00:00","date_gmt":"2012-04-27T06:00:00","guid":{"rendered":"https:\/\/wp.muchomaas.com\/metropolisation5387\/"},"modified":"2023-06-23T23:11:21","modified_gmt":"2023-06-23T21:11:21","slug":"metropolisation5387","status":"publish","type":"post","link":"https:\/\/archives.regards.fr\/?p=5387","title":{"rendered":"M\u00e9tropolisation"},"content":{"rendered":"<p class=\"post_excerpt\"><em>Les p\u00e9riph\u00e9ries du vote.<\/em> <\/p>\n<p>Dans son dernier ouvrage <em>Le Retour du peuple<\/em> [[<em>Le Retour du peuple<\/em>, de Cl\u00e9mentine Autain,<br \/>\n\u00e9d. Stock, 111p., 12,50 \u20ac.]], la codirectrice<br \/>\nde <em>Regards<\/em> compare les trajectoires<br \/>\ndes banlieues et des lointaines p\u00e9riph\u00e9ries.<br \/>\nExtrait.<\/p>\n<p>\u00ab La mondialisation en cours place les<br \/>\nm\u00e9tropoles au c\u0153ur du processus de<br \/>\ncr\u00e9ation et de distribution de la richesse.<br \/>\nElle se traduit aussi par le d\u00e9clin des<br \/>\npetites villes qui n\u2019ont pas les atouts des<br \/>\ngrandes villes pour jouer leur carte dans<br \/>\nla grande concurrence des territoires. Il faut<br \/>\nmesurer les effets sur les constructions<br \/>\npolitiques de telles bifurcations. L\u2019avenir<br \/>\nne se pr\u00e9sente pas de la m\u00eame fa\u00e7on<br \/>\npour l\u2019habitant d\u2019une ville moyenne<br \/>\naujourd\u2019hui en d\u00e9clin et pour le<br \/>\nbanlieusard qui anticipe l\u2019arriv\u00e9e du<br \/>\nm\u00e9tro ou du tramway dans son quartier.<br \/>\nIls vivent dans des lieux qui ne sont pas<br \/>\nsur les m\u00eames trajectoires, ce qui a des<br \/>\ncons\u00e9quences \u00e0 tous niveaux. J\u2019avance<br \/>\nl\u2019hypoth\u00e8se que la r\u00e9volte des banlieues<br \/>\nde l\u2019hiver 2005 \u00e9tait l\u2019une des premi\u00e8res<br \/>\nmanifestations politiques de ce<br \/>\nph\u00e9nom\u00e8ne de m\u00e9tropolisation. Elle<br \/>\nexprimait une impatience devant une<br \/>\nr\u00e9alit\u00e9 toujours tangible, celle des in\u00e9galit\u00e9s<br \/>\nterritoriales et sociales. Mais elle disait<br \/>\naussi combien cette r\u00e9alit\u00e9 \u00e9tait devenue<br \/>\ninacceptable, ill\u00e9gitime. Comme en<br \/>\ntemps d\u2019embellie \u00e9conomique o\u00f9 les<br \/>\nsalari\u00e9s ont eu la force de r\u00e9clamer des<br \/>\nam\u00e9liorations sociales, les jeunes des<br \/>\nbanlieues ont senti que la m\u00e9tropolisation<br \/>\nen cours leur donnait la possibilit\u00e9 de<br \/>\ncontester ces in\u00e9galit\u00e9s. \u00bb<br \/>\n<div id='gallery-1' class='gallery galleryid-5387 gallery-columns-3 gallery-size-thumbnail'><figure class='gallery-item'>\n\t\t\t<div class='gallery-icon landscape'>\n\t\t\t\t<a href='https:\/\/archives.regards.fr\/wp-content\/uploads\/2012\/04\/rpb-59e.jpg'><img loading=\"lazy\" decoding=\"async\" width=\"150\" height=\"122\" src=\"https:\/\/archives.regards.fr\/wp-content\/uploads\/2012\/04\/rpb-59e-150x122.jpg\" class=\"attachment-thumbnail size-thumbnail\" alt=\"M\u00e9tropolisation\" aria-describedby=\"gallery-1-16231\" \/><\/a>\n\t\t\t<\/div>\n\t\t\t\t<figcaption class='wp-caption-text gallery-caption' id='gallery-1-16231'>\n\t\t\t\tM\u00e9tropolisation\n\t\t\t\t<\/figcaption><\/figure><figure class='gallery-item'>\n\t\t\t<div class='gallery-icon landscape'>\n\t\t\t\t<a href='https:\/\/archives.regards.fr\/wp-content\/uploads\/2012\/04\/rpc-648.jpg'><img loading=\"lazy\" decoding=\"async\" width=\"80\" height=\"55\" src=\"https:\/\/archives.regards.fr\/wp-content\/uploads\/2012\/04\/rpc-648.jpg\" class=\"attachment-thumbnail size-thumbnail\" alt=\"M\u00e9tropolisation\" aria-describedby=\"gallery-1-16232\" \/><\/a>\n\t\t\t<\/div>\n\t\t\t\t<figcaption class='wp-caption-text gallery-caption' id='gallery-1-16232'>\n\t\t\t\tM\u00e9tropolisation\n\t\t\t\t<\/figcaption><\/figure><figure class='gallery-item'>\n\t\t\t<div class='gallery-icon landscape'>\n\t\t\t\t<a href='https:\/\/archives.regards.fr\/wp-content\/uploads\/2012\/04\/rp-cca.jpg'><img loading=\"lazy\" decoding=\"async\" width=\"150\" height=\"150\" src=\"https:\/\/archives.regards.fr\/wp-content\/uploads\/2012\/04\/rp-cca-150x150.jpg\" class=\"attachment-thumbnail size-thumbnail\" alt=\"rp.jpg\" \/><\/a>\n\t\t\t<\/div><\/figure>\n\t\t<\/div>\n<\/p>\n","protected":false},"excerpt":{"rendered":"<p><em>Les p\u00e9riph\u00e9ries du vote.<\/em> <\/p>\n<p>Dans son dernier ouvrage <em>Le Retour du peuple<\/em> [[<em>Le Retour du peuple<\/em>, de Cl\u00e9mentine Autain,<br \/>\n\u00e9d. Stock, 111p., 12,50 \u20ac.]], la codirectrice<br \/>\nde <em>Regards<\/em> compare les trajectoires<br \/>\ndes banlieues et des lointaines p\u00e9riph\u00e9ries.<br \/>\nExtrait.<\/p>\n","protected":false},"author":570,"featured_media":16231,"comment_status":"open","ping_status":"open","sticky":false,"template":"","format":"standard","meta":{"_themeisle_gutenberg_block_has_review":false,"footnotes":""},"categories":[141],"tags":[],"class_list":["post-5387","post","type-post","status-publish","format-standard","has-post-thumbnail","hentry","category-archives-web"],"_links":{"self":[{"href":"https:\/\/archives.regards.fr\/index.php?rest_route=\/wp\/v2\/posts\/5387","targetHints":{"allow":["GET"]}}],"collection":[{"href":"https:\/\/archives.regards.fr\/index.php?rest_route=\/wp\/v2\/posts"}],"about":[{"href":"https:\/\/archives.regards.fr\/index.php?rest_route=\/wp\/v2\/types\/post"}],"author":[{"embeddable":true,"href":"https:\/\/archives.regards.fr\/index.php?rest_route=\/wp\/v2\/users\/570"}],"replies":[{"embeddable":true,"href":"https:\/\/archives.regards.fr\/index.php?rest_route=%2Fwp%2Fv2%2Fcomments&post=5387"}],"version-history":[{"count":0,"href":"https:\/\/archives.regards.fr\/index.php?rest_route=\/wp\/v2\/posts\/5387\/revisions"}],"wp:featuredmedia":[{"embeddable":true,"href":"https:\/\/archives.regards.fr\/index.php?rest_route=\/wp\/v2\/media\/16231"}],"wp:attachment":[{"href":"https:\/\/archives.regards.fr\/index.php?rest_route=%2Fwp%2Fv2%2Fmedia&parent=5387"}],"wp:term":[{"taxonomy":"category","embeddable":true,"href":"https:\/\/archives.regards.fr\/index.php?rest_route=%2Fwp%2Fv2%2Fcategories&post=5387"},{"taxonomy":"post_tag","embeddable":true,"href":"https:\/\/archives.regards.fr\/index.php?rest_route=%2Fwp%2Fv2%2Ftags&post=5387"}],"curies":[{"name":"wp","href":"https:\/\/api.w.org\/{rel}","templated":true}]}}