{"id":5386,"date":"2012-04-20T11:54:19","date_gmt":"2012-04-20T09:54:19","guid":{"rendered":"https:\/\/wp.muchomaas.com\/annie-collovald-la-zone5386\/"},"modified":"2023-06-23T23:11:20","modified_gmt":"2023-06-23T21:11:20","slug":"annie-collovald-la-zone5386","status":"publish","type":"post","link":"https:\/\/archives.regards.fr\/?p=5386","title":{"rendered":"Annie Collovald: \u00abLa zone p\u00e9riurbaine n&#8217;est pas homog\u00e8ne\u00bb"},"content":{"rendered":"<p class=\"post_excerpt\"><em>Les p\u00e9riph\u00e9ries du vote.<\/em><\/p>\n<p>Pour Annie Collovald,<br \/>\nprofesseure de sociologie<br \/>\n\u00e0 l&#8217;universit\u00e9<br \/>\nde Nantes et sp\u00e9cialiste de<br \/>\nl&#8217;extr\u00eame droite, la corr\u00e9lation<br \/>\nentre vote et territoire<br \/>\nne peut pas tout expliquer.<\/p>\n<p><strong>Regards.fr:<\/strong> <strong> <em>Que pensez-vous des \u00e9tudes actuelles sur<br \/>\nl&#8217;existence d&#8217;une nouvelle g\u00e9ographie sociale<br \/>\nqui corr\u00e8le le vote aux territoires ? Et<br \/>\nqui affirme que plus on s&#8217;\u00e9loigne des villes<br \/>\nplus on vote Front national ?<\/em> <\/strong><\/p>\n<p><strong>Annie Collovald:<\/strong> Depuis plusieurs ann\u00e9es, des g\u00e9ographes ont<br \/>\nmis au point un gradient d\u2019urbanit\u00e9 (fond\u00e9 sur<br \/>\nla densit\u00e9 de peuplement et la diversit\u00e9 sociale)<br \/>\npour mettre en \u00e9vidence l\u2019existence d\u2019une<br \/>\nnouvelle variable, en l\u2019occurrence spatiale, qui<br \/>\nconcurrencerait avec efficacit\u00e9 les variables socio-<br \/>\n\u00e9conomiques, comme les dipl\u00f4mes, la CSP<br \/>\nou les revenus dans l\u2019explication des votes. Il<br \/>\ny aurait ainsi un clivage important fond\u00e9 sur la<br \/>\ndistance aux villes et li\u00e9 aux modes de vie, opposant<br \/>\nle rural \u00e0 l\u2019urbain et faisant appara\u00eetre le<br \/>\np\u00e9riurbain comme un espace \u00e0 part dans lequel<br \/>\nles d\u00e9placements de la r\u00e9sidence au travail joueraient<br \/>\ntout particuli\u00e8rement pour comprendre<br \/>\nleurs pr\u00e9f\u00e9rences \u00e9lectorales. Cette approche<br \/>\ndu vote par la g\u00e9ographie sociale et \u00e9lectorale<br \/>\nest int\u00e9ressante, mais moins par ses interpr\u00e9tations<br \/>\nque par ce qu\u2019elle sugg\u00e8re. Elle a le m\u00e9rite<br \/>\nd\u2019appeler \u00e0 une analyse contextualis\u00e9e du vote,<br \/>\nde rappeler qu\u2019un ouvrier ou un cadre n\u2019a pas<br \/>\nla m\u00eame propension \u00e0 aller \u00e0 voter ni la m\u00eame pr\u00e9f\u00e9rence \u00e9lectorale selon son lieu de vie. Et<br \/>\naussi d\u2019attirer l\u2019attention sur les diff\u00e9rences de<br \/>\npolitisation des groupes sociaux selon leur acc\u00e8s<br \/>\nplus ou moins direct aux services publics,<br \/>\n\u00e0 l\u2019emploi et les formes de relations sociales<br \/>\ndans lesquelles ils sont ins\u00e9r\u00e9s. Tout ce \u00e0 quoi<br \/>\nest vigilante, d\u2019ailleurs, la sociologie des modes<br \/>\nde production des votes. En clair, ce gradient<br \/>\nd\u2019urbanit\u00e9 montrant une corr\u00e9lation entre habitat<br \/>\net vote n\u2019explique rien en lui-m\u00eame, mais il<br \/>\ninvite \u00e0 mener des enqu\u00eates pour rendre intelligible<br \/>\nce ph\u00e9nom\u00e8ne. Or bien souvent, pour<br \/>\ncertains g\u00e9ographes \u00e9lectoraux, et notamment<br \/>\nles plus entendus, la corr\u00e9lation se suffit \u00e0 elle-m\u00eame<br \/>\net ils inf\u00e8rent de celle-ci des interpr\u00e9tations<br \/>\nsur la signification des votes et sur ce qui<br \/>\nanime les \u00e9lecteurs. Ils passent ainsi sans coup<br \/>\nf\u00e9rir d\u2019une corr\u00e9lation statistique aux motivations<br \/>\nindividuelles, ce qui ne va pas sans raccourcis<br \/>\net oublis qui cr\u00e9ent de fausses \u00e9vidences.<\/p>\n<p><strong>Regards.fr:<\/strong> <strong> <em>Avez-vous des exemples ?<\/em> <\/strong><\/p>\n<p><strong>Annie Collovald:<\/strong> \u00c0 l\u2019inverse de l\u2019insistance actuelle sur la relation<br \/>\nentre le gradient d\u2019urbanit\u00e9 et le vote FN, la zone<br \/>\np\u00e9riurbaine n\u2019est homog\u00e8ne ni socialement ni<br \/>\npolitiquement : elle est marqu\u00e9e par l\u2019abstention,<br \/>\nles votes extr\u00eames de droite et de gauche<br \/>\n(et par le Non au TCE en 2005). Affirmer, alors,<br \/>\nque les classes populaires qui ont \u00e9t\u00e9 condamn\u00e9es<br \/>\n\u00e0 \u00e9migrer des centres-villes pour des<br \/>\nraisons financi\u00e8res votent FN dans ces zones<br \/>\nr\u00e9sidentielles revient \u00e0 forcer l\u2019interpr\u00e9tation et<br \/>\n\u00e0 la faire entrer dans l\u2019ordre des pr\u00e9jug\u00e9s. En<br \/>\nt\u00e9moignent les jugements moraux et le m\u00e9pris<br \/>\nsocial qui ont libre cours. Le vote urbain serait<br \/>\nainsi un vote progressiste, ouvert sur le monde<br \/>\net tol\u00e9rant devant la diversit\u00e9 sociale quand le<br \/>\nvote rural ou p\u00e9riurbain manifesterait un repli<br \/>\ncommunautaire, enferm\u00e9 dans un entre-soi,<br \/>\nrefusant toute alt\u00e9rit\u00e9 et les contacts fortuits<br \/>\navec les autres. Autre mani\u00e8re de rejouer sur le<br \/>\nplan des \u00ab constats \u00bb descriptifs la sup\u00e9riorit\u00e9<br \/>\nmorale des classes sup\u00e9rieures, qui r\u00e9sident en<br \/>\nville, sur les classes populaires vou\u00e9es, quant<br \/>\n\u00e0 elles, par leur style de vie \u00e0 une autochtonie<br \/>\nsynonyme de x\u00e9nophobie. Que faire alors de<br \/>\nces enqu\u00eates r\u00e9v\u00e9lant le ghetto du gotha et<br \/>\ndes classes dominantes prot\u00e9geant frileusement<br \/>\ndans les \u00ab beaux quartiers \u00bb leur entre-soi<br \/>\npar nombre de dispositifs de surveillance et<br \/>\nde s\u00e9lection sociale ? Que faire aussi de ces<br \/>\ncontournements de la loi SRU par les communes<br \/>\nles plus riches pr\u00e9f\u00e9rant payer une taxe<br \/>\nplut\u00f4t que de cr\u00e9er des logements sociaux ?<br \/>\nMais c\u2019est aussi le pr\u00e9suppos\u00e9 de ces interpr\u00e9tations<br \/>\nqui pose probl\u00e8me. Implicitement,<br \/>\nles individus seraient l\u00e0 o\u00f9 ils ont d\u00e9cid\u00e9 d\u2019\u00eatre<br \/>\nen accord avec leur identit\u00e9 et leur syst\u00e8me de<br \/>\nvaleurs. Et de mauvais choix en frustrations, les<br \/>\npauvres seraient responsables de leur sort. Ce<br \/>\nne serait pas d\u2019ailleurs la pauvret\u00e9 qui emp\u00eacherait<br \/>\nla mobilit\u00e9, mais l\u2019inverse : c\u2019est par absence<br \/>\nd\u2019une disposition \u00e0 la mobilit\u00e9 que les pauvres<br \/>\nseraient pauvres. Comment mieux naturaliser<br \/>\nles comportements sociaux et \u00e9lectoraux qu\u2019en<br \/>\nrenversant ainsi l\u2019ordre des causalit\u00e9s et en<br \/>\noubliant qu\u2019ils r\u00e9sultent d\u2019abord des politiques<br \/>\npubliques adopt\u00e9es : ch\u00f4mage, baisse des revenus<br \/>\net des pensions, co\u00fbt des d\u00e9placements,<br \/>\nco\u00fbt des logements et de l\u2019acc\u00e8s \u00e0 la propri\u00e9t\u00e9,<br \/>\ntout ce qui atteint de plein fouet les classes<br \/>\npopulaires et les petites classes moyennes ?<br \/>\nTout cela \u00e9vite de s\u2019interroger sur les causes<br \/>\npolitiques des d\u00e9senchantements populaires.<\/p>\n<p><strong>Regards.fr:<\/strong> <strong> <em>Alors comment expliquez-vous la mode<br \/>\nactuelle pour ce type d&#8217;analyse ?<\/em> <\/strong><\/p>\n<p><strong>Annie Collovald:<\/strong> Ces analyses doivent leur succ\u00e8s \u00e0 un air du<br \/>\ntemps attisant les suspicions \u00e0 l\u2019\u00e9gard des<br \/>\ngroupes populaires vus davantage comme des<br \/>\nprobl\u00e8mes \u00e0 r\u00e9soudre que des causes \u00e0 d\u00e9fendre.<br \/>\nLes commentaires en termes de \u00ab populisme<br \/>\n\u00bb en sont une illustration. C\u2019est aussi que<br \/>\nces interpr\u00e9tations ont tout d\u2019un \u00ab Canada dry<br \/>\nscientifique \u00bb propre \u00e0 faire \u00ab savant \u00bb tout en<br \/>\n\u00e9conomisant la r\u00e9flexion. Elles autorisent des<br \/>\n\u00ab scoops \u00bb et des explications sensationnelles<br \/>\noffrant \u00e0 moindre co\u00fbt un renouvellement de<br \/>\nl\u2019actualit\u00e9 politique : apr\u00e8s \u00ab les gens d\u2019en bas \u00bb,<br \/>\n\u00ab ceux de la d\u00e9sesp\u00e9rance sociale \u00bb, voici la<br \/>\n\u00ab France p\u00e9riph\u00e9rique \u00bb, \u00ab la France d\u2019\u00e0 c\u00f4t\u00e9 \u00bb<br \/>\nEnfin des pens\u00e9es simples, d\u00e9barrass\u00e9es des<br \/>\nanalyses sociologiques, il est vrai un peu lassantes<br \/>\net r\u00e9p\u00e9titives, sur les diff\u00e9rents modes de<br \/>\npolitisation et de mobilisations \u00e9lectorales, les<br \/>\nin\u00e9galit\u00e9s sociales devant le vote !<\/p>\n<p><strong>Regards.fr:<\/strong> <strong> <em>La France \u00ab des invisibles \u00bb s&#8217;est-elle<br \/>\nconstruite en opposition aux<br \/>\n\u00ab minorit\u00e9s visibles \u00bb ?<\/em> <\/strong><\/p>\n<p><strong>Annie Collovald:<\/strong> Non, pas du tout. Ce sont les usages politiques<br \/>\net m\u00e9diatiques ult\u00e9rieurs qui ont op\u00e9r\u00e9 une telle<br \/>\nopposition arbitraire. Songeons au rapport du<br \/>\nthink tank du PS, Terra Nova, voyant dans les<br \/>\ngroupes populaires des <em>insiders<\/em>, arc-bout\u00e9s<br \/>\nsur leurs acquis, leur statut et leur protectionnisme<br \/>\nx\u00e9nophobe face aux <em>outsiders<\/em>, \u00ab <em>ceux<br \/>\nqui cherchent \u00e0 rentrer sur le march\u00e9 du travail,<br \/>\nmais n\u2019y parviennent que difficilement :<br \/>\nles jeunes, les femmes, les minorit\u00e9s, les ch\u00f4meurs,<br \/>\nles travailleurs pr\u00e9caires [\u2026] soutenus<br \/>\npar les plus int\u00e9gr\u00e9s (les dipl\u00f4m\u00e9s), solidaires<br \/>\nde ces \u201cexclus\u201d par conviction culturelle.<\/em> \u00bb<br \/>\nCette France de demain avant tout \u00ab <em>unifi\u00e9e<br \/>\npar ses valeurs culturelles, progressistes<\/em> \u00bb,<br \/>\nveut le changement, elle est tol\u00e9rante, ouverte,<br \/>\nsolidaire, optimiste, offensive. Comment mieux<br \/>\nd\u00e9peindre les classes populaires sous un jour<br \/>\nimpopulaire et d\u00e9testable et faire d\u2019elles une<br \/>\ncause perdue pour la politique, la d\u00e9mocratie<br \/>\net l\u2019avenir esp\u00e9r\u00e9 ?<\/p>\n<p><strong>Regards.fr:<\/strong> <strong> <em>Comment le concept de \u00ab France invisible \u00bb<br \/>\nest apparu dans la campagne ? Et comment<br \/>\nles diff\u00e9rents partis l\u2019ont-ils adopt\u00e9 ?<\/em> <\/strong><\/p>\n<p><strong>Annie Collovald:<\/strong> L\u2019invisibilit\u00e9 des groupes occupant des positions<br \/>\nsubalternes et des enjeux sociaux concrets a<br \/>\nd&#8217;abord \u00e9t\u00e9 travaill\u00e9e en sciences sociales. Elle<br \/>\nest ensuite pass\u00e9e dans le discours journalistique<br \/>\navant d\u2019\u00eatre reprise par Marine Le Pen pr\u00e9tendant<br \/>\n\u00eatre la porte-parole du monde ouvrier et<br \/>\ndes sans-grade. La circulation des termes est<br \/>\nint\u00e9ressante ; elle signale la qu\u00eate r\u00e9currente des<br \/>\nm\u00e9dias et des responsables politiques d\u2019une<br \/>\nl\u00e9gitimit\u00e9 \u00ab s\u00e9rieuse \u00bb au prix d\u2019un appauvrissement<br \/>\nde la signification des mots employ\u00e9s<br \/>\nautant qu\u2019une fermeture du jeu politique et m\u00e9diatique<br \/>\nsur lui-m\u00eame. Ce regain d\u2019int\u00e9r\u00eat pour<br \/>\nles classes populaires n\u2019est pas li\u00e9 ici \u00e0 un souci<br \/>\nsoudain pour les malheurs des plus d\u00e9favoris\u00e9s<br \/>\net leurs vies ab\u00eem\u00e9es, mais \u00e0 des strat\u00e9gies politiques<br \/>\nde distinction interne. Strat\u00e9gies en partie<br \/>\ncontraintes par une double pr\u00e9sence aussi inattendue<br \/>\nque d\u00e9rangeante : d\u2019une part les luttes<br \/>\nouvri\u00e8res dans le secteur industriel se rappelant<br \/>\n\u00e0 la r\u00e9alit\u00e9 en jouant de la visibilit\u00e9 et de l\u2019affrontement<br \/>\n; d\u2019autre part, le Front de gauche qui n\u2019h\u00e9site<br \/>\npas \u00e0 s\u2019affronter au FN et \u00e0 tenir un discours<br \/>\nde \u00ab lutte des classes \u00bb en combinant la reconqu\u00eate<br \/>\nde l\u2019\u00e9lectorat ouvrier avec un travail d\u2019\u00e9ducation<br \/>\npolitique appuy\u00e9 sur des r\u00e9seaux syndicaux.<br \/>\nAlors pourquoi un tel retour aux groupes<br \/>\npopulaires par les autres candidats ? Sans aucun<br \/>\ndoute, pour mobiliser vers les urnes des groupes<br \/>\nsociaux soudain d\u00e9couverts comme un r\u00e9servoir<br \/>\n\u00e0 \u00e9lecteurs et non pour associer les plus fragiles<br \/>\n\u00e0 des projets visant \u00e0 contrecarrer la domination<br \/>\nsociale et politique qu&#8217;ils subissent.<div id='gallery-1' class='gallery galleryid-5386 gallery-columns-3 gallery-size-thumbnail'><figure class='gallery-item'>\n\t\t\t<div class='gallery-icon landscape'>\n\t\t\t\t<a href='https:\/\/archives.regards.fr\/wp-content\/uploads\/2012\/04\/rp2-61f.jpg'><img loading=\"lazy\" decoding=\"async\" width=\"150\" height=\"150\" src=\"https:\/\/archives.regards.fr\/wp-content\/uploads\/2012\/04\/rp2-61f-150x150.jpg\" class=\"attachment-thumbnail size-thumbnail\" alt=\"rp2.jpg\" \/><\/a>\n\t\t\t<\/div><\/figure>\n\t\t<\/div>\n<\/p>\n","protected":false},"excerpt":{"rendered":"<p><em>Les p\u00e9riph\u00e9ries du vote.<\/em><\/p>\n<p>Pour Annie Collovald,<br \/>\nprofesseure de sociologie<br \/>\n\u00e0 l&#8217;universit\u00e9<br \/>\nde Nantes et sp\u00e9cialiste de<br \/>\nl&#8217;extr\u00eame droite, la corr\u00e9lation<br \/>\nentre vote et territoire<br \/>\nne peut pas tout expliquer.<\/p>\n","protected":false},"author":1,"featured_media":16229,"comment_status":"open","ping_status":"open","sticky":false,"template":"","format":"standard","meta":{"_themeisle_gutenberg_block_has_review":false,"footnotes":""},"categories":[141],"tags":[290,293],"class_list":["post-5386","post","type-post","status-publish","format-standard","has-post-thumbnail","hentry","category-archives-web","tag-elections","tag-entretien"],"_links":{"self":[{"href":"https:\/\/archives.regards.fr\/index.php?rest_route=\/wp\/v2\/posts\/5386","targetHints":{"allow":["GET"]}}],"collection":[{"href":"https:\/\/archives.regards.fr\/index.php?rest_route=\/wp\/v2\/posts"}],"about":[{"href":"https:\/\/archives.regards.fr\/index.php?rest_route=\/wp\/v2\/types\/post"}],"author":[{"embeddable":true,"href":"https:\/\/archives.regards.fr\/index.php?rest_route=\/wp\/v2\/users\/1"}],"replies":[{"embeddable":true,"href":"https:\/\/archives.regards.fr\/index.php?rest_route=%2Fwp%2Fv2%2Fcomments&post=5386"}],"version-history":[{"count":0,"href":"https:\/\/archives.regards.fr\/index.php?rest_route=\/wp\/v2\/posts\/5386\/revisions"}],"wp:featuredmedia":[{"embeddable":true,"href":"https:\/\/archives.regards.fr\/index.php?rest_route=\/wp\/v2\/media\/16229"}],"wp:attachment":[{"href":"https:\/\/archives.regards.fr\/index.php?rest_route=%2Fwp%2Fv2%2Fmedia&parent=5386"}],"wp:term":[{"taxonomy":"category","embeddable":true,"href":"https:\/\/archives.regards.fr\/index.php?rest_route=%2Fwp%2Fv2%2Fcategories&post=5386"},{"taxonomy":"post_tag","embeddable":true,"href":"https:\/\/archives.regards.fr\/index.php?rest_route=%2Fwp%2Fv2%2Ftags&post=5386"}],"curies":[{"name":"wp","href":"https:\/\/api.w.org\/{rel}","templated":true}]}}