{"id":5377,"date":"2012-04-07T15:00:00","date_gmt":"2012-04-07T13:00:00","guid":{"rendered":"https:\/\/wp.muchomaas.com\/young-poor-degrade-l-extreme5377\/"},"modified":"2023-06-23T23:11:18","modified_gmt":"2023-06-23T21:11:18","slug":"young-poor-degrade-l-extreme5377","status":"publish","type":"post","link":"https:\/\/archives.regards.fr\/?p=5377","title":{"rendered":"Young &#038; Poor d\u00e9grade l&#8217;extr\u00eame gauche"},"content":{"rendered":"<p><strong>Emanation du collectif G\u00e9n\u00e9ration pr\u00e9caire et<br \/>\nclin d&#8217;\u0153il aux omnipr\u00e9sentes agences de notation,<br \/>\nYoung &#038; Poor passe sur le grill les programmes<br \/>\nd&#8217;insertion de la jeunesse des candidats<br \/>\n\u00e0 la pr\u00e9sidentielle, appuy\u00e9s en cela par des<br \/>\n\u00ab experts de tous horizons \u00bb<\/strong>. Les notes sont globalement<br \/>\nbasses. Eva Joly est en t\u00eate avec un C.<br \/>\nEt les surprenants bonnets d&#8217;\u00e2nes de ce classement<br \/>\nsont Philippe Poutou et Nathalie Arthaud,<br \/>\ntous deux affubl\u00e9s d&#8217;un E, la note plus basse.<br \/>\nEn cause, des mesures jug\u00e9es irr\u00e9alistes, \u00ab<em> en<br \/>\nraison de l\u2019absence de chiffrage et de d\u00e9tails<br \/>\nquant \u00e0 leurs mises en place<\/em> \u00bb. Les mesures<br \/>\ndu NPA sont d&#8217;ailleurs qualifi\u00e9es de \u00ab <em>sparadraps<\/em><br \/>\n\u00bb : \u00ab<em> Aucune proposition de r\u00e9forme de<br \/>\nfond n\u2019est propos\u00e9e.<\/em> \u00bb Lutte ouvri\u00e8re, de son<br \/>\nc\u00f4t\u00e9, \u00ab<em> fait preuve dans son programme d&#8217;une<br \/>\npolitique limit\u00e9e sur les probl\u00e9matiques li\u00e9es<br \/>\n\u00e0 la jeunesse<\/em> \u00bb.<br \/>\n<div id='gallery-1' class='gallery galleryid-5377 gallery-columns-3 gallery-size-thumbnail'><figure class='gallery-item'>\n\t\t\t<div class='gallery-icon landscape'>\n\t\t\t\t<a href='https:\/\/archives.regards.fr\/wp-content\/uploads\/2012\/04\/yc-2-03e.jpg'><img loading=\"lazy\" decoding=\"async\" width=\"80\" height=\"55\" src=\"https:\/\/archives.regards.fr\/wp-content\/uploads\/2012\/04\/yc-2-03e.jpg\" class=\"attachment-thumbnail size-thumbnail\" alt=\"Young &amp; Poor d\u00e9grade l&#039;extr\u00eame gauche\" aria-describedby=\"gallery-1-16198\" \/><\/a>\n\t\t\t<\/div>\n\t\t\t\t<figcaption class='wp-caption-text gallery-caption' id='gallery-1-16198'>\n\t\t\t\tYoung &#038; Poor d\u00e9grade l&#8217;extr\u00eame gauche\n\t\t\t\t<\/figcaption><\/figure>\n\t\t<\/div>\n<\/p>\n","protected":false},"excerpt":{"rendered":"<p>Emanation du collectif G\u00e9n\u00e9ration pr\u00e9caire et clin d&#8217;\u0153il aux omnipr\u00e9sentes agences de notation, Young &#038; Poor passe sur le grill les programmes d&#8217;insertion de la jeunesse des candidats \u00e0 la pr\u00e9sidentielle, appuy\u00e9s en cela par des \u00ab experts de tous horizons \u00bb. Les notes sont globalement basses. Eva Joly est en t\u00eate avec un C. [&hellip;]<\/p>\n","protected":false},"author":1,"featured_media":16198,"comment_status":"open","ping_status":"open","sticky":false,"template":"","format":"standard","meta":{"_themeisle_gutenberg_block_has_review":false,"footnotes":""},"categories":[141],"tags":[],"class_list":["post-5377","post","type-post","status-publish","format-standard","has-post-thumbnail","hentry","category-archives-web"],"_links":{"self":[{"href":"https:\/\/archives.regards.fr\/index.php?rest_route=\/wp\/v2\/posts\/5377","targetHints":{"allow":["GET"]}}],"collection":[{"href":"https:\/\/archives.regards.fr\/index.php?rest_route=\/wp\/v2\/posts"}],"about":[{"href":"https:\/\/archives.regards.fr\/index.php?rest_route=\/wp\/v2\/types\/post"}],"author":[{"embeddable":true,"href":"https:\/\/archives.regards.fr\/index.php?rest_route=\/wp\/v2\/users\/1"}],"replies":[{"embeddable":true,"href":"https:\/\/archives.regards.fr\/index.php?rest_route=%2Fwp%2Fv2%2Fcomments&post=5377"}],"version-history":[{"count":0,"href":"https:\/\/archives.regards.fr\/index.php?rest_route=\/wp\/v2\/posts\/5377\/revisions"}],"wp:featuredmedia":[{"embeddable":true,"href":"https:\/\/archives.regards.fr\/index.php?rest_route=\/wp\/v2\/media\/16198"}],"wp:attachment":[{"href":"https:\/\/archives.regards.fr\/index.php?rest_route=%2Fwp%2Fv2%2Fmedia&parent=5377"}],"wp:term":[{"taxonomy":"category","embeddable":true,"href":"https:\/\/archives.regards.fr\/index.php?rest_route=%2Fwp%2Fv2%2Fcategories&post=5377"},{"taxonomy":"post_tag","embeddable":true,"href":"https:\/\/archives.regards.fr\/index.php?rest_route=%2Fwp%2Fv2%2Ftags&post=5377"}],"curies":[{"name":"wp","href":"https:\/\/api.w.org\/{rel}","templated":true}]}}