{"id":5376,"date":"2012-05-02T08:00:00","date_gmt":"2012-05-02T06:00:00","guid":{"rendered":"https:\/\/wp.muchomaas.com\/aux-basques-de-sarko5376\/"},"modified":"2023-06-23T23:11:18","modified_gmt":"2023-06-23T21:11:18","slug":"aux-basques-de-sarko5376","status":"publish","type":"post","link":"https:\/\/archives.regards.fr\/?p=5376","title":{"rendered":"Aux basques de Sarko"},"content":{"rendered":"<p><strong>\u00c0 Bayonne, le 1er mars, il y avait pour accueillir<br \/>\nle Pr\u00e9sident, des socialistes, des abertzale (ind\u00e9pendantistes<br \/>\nbasques), des anti-LGV (ligne \u00e0<br \/>\ngrande vitesse), des membres de la plateforme<br \/>\nBatera (qui r\u00e9clament notamment une collectivit\u00e9<br \/>\nterritoriale basque), des Bizi (mouvement \u00e9colo<br \/>\net altermondialiste)\u2026<\/strong> Les qualifier tous indiff\u00e9remment<br \/>\nde \u00ab terroristes \u00bb, et m\u00eame d&#8217;\u00ab ETA \u00bb, il<br \/>\nfallait oser. Sarkozy l&#8217;a tr\u00e8s opportun\u00e9ment fait.<br \/>\nSuivi de pr\u00e8s par nombre de commentateurs<br \/>\ncumulards, trop press\u00e9s de livrer leur brillante<br \/>\nanalyse \u00e0 un large panel de radios, t\u00e9l\u00e9s, journaux,<br \/>\npour enqu\u00eater plus avant. Sarkozy conna\u00eet<br \/>\npourtant bien le dossier ETA \u2013 n&#8217;a-t-il pas \u00e9t\u00e9<br \/>\nr\u00e9compens\u00e9 par le Roi d&#8217;Espagne en janvier<br \/>\ndernier pour sa \u00ab <em>lutte ferme et efficace<\/em> \u00bb contre<br \/>\nle groupe s\u00e9paratiste ? Il sait donc parfaitement<br \/>\nque la bande arm\u00e9e est d&#8217;autant moins pr\u00e9sente<br \/>\ndans les rues bayonnaises qu&#8217;elle a annonc\u00e9, en<br \/>\noctobre dernier, renoncer d\u00e9finitivement \u00e0 la lutte<br \/>\narm\u00e9e. L&#8217;heure du d\u00e9sarmement approche, celle<br \/>\ndu d\u00e9mant\u00e8lement viendra. Hasard du calendrier,<br \/>\nle 9 mars, ETA demandait par communiqu\u00e9<br \/>\nau gouvernement fran\u00e7ais l&#8217;ouverture d&#8217;un dialogue<br \/>\ndirect et regrettait son refus de s&#8217;impliquer<br \/>\ndans le processus en cours, pourtant historique.<br \/>\n<div id='gallery-1' class='gallery galleryid-5376 gallery-columns-3 gallery-size-thumbnail'><figure class='gallery-item'>\n\t\t\t<div class='gallery-icon landscape'>\n\t\t\t\t<a href='https:\/\/archives.regards.fr\/wp-content\/uploads\/2012\/04\/etab-ca0.jpg'><img loading=\"lazy\" decoding=\"async\" width=\"150\" height=\"122\" src=\"https:\/\/archives.regards.fr\/wp-content\/uploads\/2012\/04\/etab-ca0-150x122.jpg\" class=\"attachment-thumbnail size-thumbnail\" alt=\"Aux basques de Sarko\" aria-describedby=\"gallery-1-16195\" \/><\/a>\n\t\t\t<\/div>\n\t\t\t\t<figcaption class='wp-caption-text gallery-caption' id='gallery-1-16195'>\n\t\t\t\tAux basques de Sarko\n\t\t\t\t<\/figcaption><\/figure><figure class='gallery-item'>\n\t\t\t<div class='gallery-icon landscape'>\n\t\t\t\t<a href='https:\/\/archives.regards.fr\/wp-content\/uploads\/2012\/04\/eta-27a.jpg'><img loading=\"lazy\" decoding=\"async\" width=\"150\" height=\"150\" src=\"https:\/\/archives.regards.fr\/wp-content\/uploads\/2012\/04\/eta-27a-150x150.jpg\" class=\"attachment-thumbnail size-thumbnail\" alt=\"eta.jpg\" \/><\/a>\n\t\t\t<\/div><\/figure>\n\t\t<\/div>\n<\/p>\n","protected":false},"excerpt":{"rendered":"<p>\u00c0 Bayonne, le 1er mars, il y avait pour accueillir le Pr\u00e9sident, des socialistes, des abertzale (ind\u00e9pendantistes basques), des anti-LGV (ligne \u00e0 grande vitesse), des membres de la plateforme Batera (qui r\u00e9clament notamment une collectivit\u00e9 territoriale basque), des Bizi (mouvement \u00e9colo et altermondialiste)\u2026 Les qualifier tous indiff\u00e9remment de \u00ab terroristes \u00bb, et m\u00eame d&#8217;\u00ab ETA [&hellip;]<\/p>\n","protected":false},"author":1,"featured_media":16195,"comment_status":"open","ping_status":"open","sticky":false,"template":"","format":"standard","meta":{"_themeisle_gutenberg_block_has_review":false,"footnotes":""},"categories":[141],"tags":[],"class_list":["post-5376","post","type-post","status-publish","format-standard","has-post-thumbnail","hentry","category-archives-web"],"_links":{"self":[{"href":"https:\/\/archives.regards.fr\/index.php?rest_route=\/wp\/v2\/posts\/5376","targetHints":{"allow":["GET"]}}],"collection":[{"href":"https:\/\/archives.regards.fr\/index.php?rest_route=\/wp\/v2\/posts"}],"about":[{"href":"https:\/\/archives.regards.fr\/index.php?rest_route=\/wp\/v2\/types\/post"}],"author":[{"embeddable":true,"href":"https:\/\/archives.regards.fr\/index.php?rest_route=\/wp\/v2\/users\/1"}],"replies":[{"embeddable":true,"href":"https:\/\/archives.regards.fr\/index.php?rest_route=%2Fwp%2Fv2%2Fcomments&post=5376"}],"version-history":[{"count":0,"href":"https:\/\/archives.regards.fr\/index.php?rest_route=\/wp\/v2\/posts\/5376\/revisions"}],"wp:featuredmedia":[{"embeddable":true,"href":"https:\/\/archives.regards.fr\/index.php?rest_route=\/wp\/v2\/media\/16195"}],"wp:attachment":[{"href":"https:\/\/archives.regards.fr\/index.php?rest_route=%2Fwp%2Fv2%2Fmedia&parent=5376"}],"wp:term":[{"taxonomy":"category","embeddable":true,"href":"https:\/\/archives.regards.fr\/index.php?rest_route=%2Fwp%2Fv2%2Fcategories&post=5376"},{"taxonomy":"post_tag","embeddable":true,"href":"https:\/\/archives.regards.fr\/index.php?rest_route=%2Fwp%2Fv2%2Ftags&post=5376"}],"curies":[{"name":"wp","href":"https:\/\/api.w.org\/{rel}","templated":true}]}}