{"id":5375,"date":"2012-04-12T10:16:31","date_gmt":"2012-04-12T08:16:31","guid":{"rendered":"https:\/\/wp.muchomaas.com\/kit-de-survie-politique5375\/"},"modified":"2012-04-12T10:16:31","modified_gmt":"2012-04-12T08:16:31","slug":"kit-de-survie-politique5375","status":"publish","type":"post","link":"https:\/\/archives.regards.fr\/?p=5375","title":{"rendered":"Kit de survie politique"},"content":{"rendered":"<p class=\"post_excerpt\">En 2007, le collectif l\u2019Autre Campagne initi\u00e9<br \/>\npar le documentariste Thomas Lacoste<br \/>\nproposait \u00e0 travers les entretiens d\u2019intellectuels<br \/>\net universitaires une alternative<br \/>\n\u00ab au pr\u00eat-\u00e0-penser \u00bb du d\u00e9bat politique.<br \/>\nJusqu\u2019au 23 avril, l\u2019oeuvre du documentariste<br \/>\nmarqu\u00e9e par le concept de cin\u00e9-fronti\u00e8res<br \/>\n\u2013 qui d\u00e9cloisonne le genre m\u00ealant<br \/>\nfiction, th\u00e9\u00e2tre et entretiens \u2013 fait l\u2019objet<br \/>\nd\u2019une r\u00e9trospective au Reflet M\u00e9dicis.<br \/>\nPour cette nouvelle campagne, le coffret<br \/>\n<em>Penser critique<\/em> r\u00e9unissant les 47 entretiens<br \/>\nd\u2019intellectuels engag\u00e9s ressort<br \/>\n\u00e9galement en DVD. Trois questions \u00e0 Thomas Lacoste.<\/p>\n<p><strong>Regards.fr:<\/strong> <strong> <em>Comment analysez-vous le dispositif du<br \/>\nd\u00e9bat politique de la campagne ?<\/em> <\/strong><\/p>\n<p><strong>Thomas Lacoste:<\/strong> Il est affligeant par sa vitesse. C\u2019est un show ;<br \/>\nil faut mettre en avant les drapeaux, les symboles.<br \/>\nOn est dans le temps de la fusion, pas<br \/>\nde la r\u00e9flexion. Or c\u2019est pourtant pr\u00e9cis\u00e9ment<br \/>\nen p\u00e9riode de crise qu\u2019il faudrait prendre le<br \/>\ntemps d\u2019expliquer, d\u2019aborder les alternatives et<br \/>\nd\u2019informer les citoyens afin qu\u2019ils soient \u00e0 m\u00eame<br \/>\nde choisir leur destin. La t\u00e9l\u00e9vision encourage<br \/>\nces m\u00e9canismes de mise en images et en mots<br \/>\nqui vident la d\u00e9mocratie de son essence. Tous<br \/>\nles artefacts sont pr\u00e9sents pour \u00e9viter de poser<br \/>\nles questions centrales.<\/p>\n<p><strong>Regards.fr:<\/strong> <strong> <em>Pourtant les documentaires politiques, suppos\u00e9s<br \/>\nlaisser plus de place \u00e0 la r\u00e9flexion,<br \/>\nn\u2019ont jamais \u00e9t\u00e9 aussi populaires sur les<br \/>\ncha\u00eenes hertziennes.<\/em> <\/strong><\/p>\n<p><strong>Thomas Lacoste:<\/strong> Le directeur adjoint d\u2019Arte disait r\u00e9cemment<br \/>\nen avoir \u00ab <em>marre des films qui font r\u00e9fl\u00e9chir<\/em> \u00bb.<br \/>\nSa r\u00e9flexion refl\u00e8te l\u2019esprit des documentaires<br \/>\npolitiques actuels. On voit tr\u00e8s bien dans le<br \/>\nmilieu du documentaire comment les bo\u00eetes de<br \/>\nproduction ont int\u00e9gr\u00e9 les formats de divertissement.<br \/>\nPas plus de 30 secondes de plan, un<br \/>\nrythme soutenu, peu d\u2019entretiens. La nouvelle<br \/>\nnorme est m\u00eame int\u00e9gr\u00e9e par les r\u00e9alisateurs<br \/>\neux-m\u00eames, elle produit du consentement,<br \/>\nce dont nous n\u2019avons vraiment pas besoin<br \/>\npour le moment.<\/p>\n<p><strong>Regards.fr:<\/strong> <strong> <em>En quoi vos documentaires se distinguent-ils<br \/>\nde ce mod\u00e8le ?<\/em> <\/strong><\/p>\n<p><strong>Thomas Lacoste:<\/strong> <em>R\u00e9futations<\/em> proposait des entretiens de sp\u00e9cialistes<br \/>\nface cam\u00e9ra. Mais \u00e9couter un propos<br \/>\nsp\u00e9cialiste demande une forme de comp\u00e9tence,<br \/>\nc\u2019est ce qui explique que j\u2019ai travaill\u00e9 parall\u00e8lement<br \/>\nsur d\u2019autres supports comme la litt\u00e9rature<br \/>\nou le th\u00e9\u00e2tre pour introduire des r\u00e9flexions g\u00e9n\u00e9rales<br \/>\nsur l\u2019identit\u00e9 nationale par exemple. Ce m\u00e9lange<br \/>\nport\u00e9 \u00e0 l\u2019\u00e9cran fait de Cin\u00e9-fronti\u00e8res une<br \/>\nmatrice qui ouvre l\u2019esprit et permet de rendre des<br \/>\nr\u00e9flexions accessibles au plus grand nombre. Le<br \/>\ncin\u00e9ma a l\u00e0 une place forte, politique par essence.<\/p>\n","protected":false},"excerpt":{"rendered":"<p>En 2007, le collectif l\u2019Autre Campagne initi\u00e9<br \/>\npar le documentariste Thomas Lacoste<br \/>\nproposait \u00e0 travers les entretiens d\u2019intellectuels<br \/>\net universitaires une alternative<br \/>\n\u00ab au pr\u00eat-\u00e0-penser \u00bb du d\u00e9bat politique.<br \/>\nJusqu\u2019au 23 avril, l\u2019oeuvre du documentariste<br \/>\nmarqu\u00e9e par le concept de cin\u00e9-fronti\u00e8res<br \/>\n\u2013 qui d\u00e9cloisonne le genre m\u00ealant<br \/>\nfiction, th\u00e9\u00e2tre et entretiens \u2013 fait l\u2019objet<br \/>\nd\u2019une r\u00e9trospective au Reflet M\u00e9dicis.<br \/>\nPour cette nouvelle campagne, le coffret<br \/>\n<em>Penser critique<\/em> r\u00e9unissant les 47 entretiens<br \/>\nd\u2019intellectuels engag\u00e9s ressort<br \/>\n\u00e9galement en DVD. Trois questions \u00e0 Thomas Lacoste.<\/p>\n","protected":false},"author":1,"featured_media":0,"comment_status":"open","ping_status":"open","sticky":false,"template":"","format":"standard","meta":{"_themeisle_gutenberg_block_has_review":false,"footnotes":""},"categories":[141],"tags":[293],"class_list":["post-5375","post","type-post","status-publish","format-standard","hentry","category-archives-web","tag-entretien"],"_links":{"self":[{"href":"https:\/\/archives.regards.fr\/index.php?rest_route=\/wp\/v2\/posts\/5375","targetHints":{"allow":["GET"]}}],"collection":[{"href":"https:\/\/archives.regards.fr\/index.php?rest_route=\/wp\/v2\/posts"}],"about":[{"href":"https:\/\/archives.regards.fr\/index.php?rest_route=\/wp\/v2\/types\/post"}],"author":[{"embeddable":true,"href":"https:\/\/archives.regards.fr\/index.php?rest_route=\/wp\/v2\/users\/1"}],"replies":[{"embeddable":true,"href":"https:\/\/archives.regards.fr\/index.php?rest_route=%2Fwp%2Fv2%2Fcomments&post=5375"}],"version-history":[{"count":0,"href":"https:\/\/archives.regards.fr\/index.php?rest_route=\/wp\/v2\/posts\/5375\/revisions"}],"wp:attachment":[{"href":"https:\/\/archives.regards.fr\/index.php?rest_route=%2Fwp%2Fv2%2Fmedia&parent=5375"}],"wp:term":[{"taxonomy":"category","embeddable":true,"href":"https:\/\/archives.regards.fr\/index.php?rest_route=%2Fwp%2Fv2%2Fcategories&post=5375"},{"taxonomy":"post_tag","embeddable":true,"href":"https:\/\/archives.regards.fr\/index.php?rest_route=%2Fwp%2Fv2%2Ftags&post=5375"}],"curies":[{"name":"wp","href":"https:\/\/api.w.org\/{rel}","templated":true}]}}