{"id":5374,"date":"2012-04-16T09:39:29","date_gmt":"2012-04-16T07:39:29","guid":{"rendered":"https:\/\/wp.muchomaas.com\/ps-ump-meme-culture5374\/"},"modified":"2023-06-23T23:11:17","modified_gmt":"2023-06-23T21:11:17","slug":"ps-ump-meme-culture5374","status":"publish","type":"post","link":"https:\/\/archives.regards.fr\/?p=5374","title":{"rendered":"PS\/UMP, m\u00eame culture\u2009?"},"content":{"rendered":"<p class=\"post_excerpt\">CULTURE PARK, la chronique de Bernard Hasquenoph &#8211; <a href=\"http:\/\/www.louvrepourtous.fr\/\">louvrepourtous.fr<\/a><\/p>\n<p>Le mois dernier, Jean-Jacques Aillagon s\u2019est ralli\u00e9 \u00e0 Fran\u00e7ois Hollande.<br \/>\n\u00c9tonnant de la part d\u2019un chiraquien pur jus. Mais au-del\u00e0 de la<br \/>\nranc\u0153ur que cet ancien ministre de la Culture peut vouer \u00e0 Nicolas<br \/>\nSarkozy pour l\u2019avoir remerci\u00e9 de la pr\u00e9sidence du Ch\u00e2teau de Versailles<br \/>\nen 2011, ne faut-il pas y voir le signe qu\u2019en mati\u00e8re de politique<br \/>\nculturelle, il n\u2019existe plus gu\u00e8re de diff\u00e9rence de fond entre les<br \/>\ndeux partis dominants ? L\u2019UMP et le PS pr\u00f4nent une m\u00eame gestion<br \/>\nlib\u00e9rale, dans ce domaine comme dans d\u2019autres, contrebalanc\u00e9e<br \/>\npar une action plus ou moins forte de l\u2019\u00c9tat. Reste peut-\u00eatre une distinction<br \/>\ndans le r\u00f4le social attribu\u00e9 \u00e0 la culture : le Parti socialiste y<br \/>\nvoit un vecteur de lutte contre les in\u00e9galit\u00e9s, la formation de Nicolas<br \/>\nSarkozy un outil de transmission de rep\u00e8res esth\u00e9tiques et moraux.<br \/>\nSelon un sondage, les Fran\u00e7ais eux-m\u00eames pensent \u00e0 46 % que si<br \/>\nla gauche \u00e9tait au pouvoir, elle m\u00e8nerait une politique culturelle \u00ab <em>ni<br \/>\nmeilleure ni moins bonne que celle de la droite<\/em> \u00bb [[\u00ab La politique culturelle et l\u2019\u00e9lection pr\u00e9sidentielle \u00bb, sondage r\u00e9alis\u00e9 par<br \/>\nBVA pour Orange et la SACD, 9 mars 2012.]]. Si malgr\u00e9 tout<br \/>\nils font largement plus confiance \u00e0 Hollande qu\u2019\u00e0 Sarkozy dans ce<br \/>\ndomaine, c\u2019est sans doute plus li\u00e9 au rejet de la personnalit\u00e9 de ce<br \/>\ndernier et \u00e0 son rapport un peu beauf \u00e0 l\u2019art, raill\u00e9 par tant d\u2019observateurs,<br \/>\nqu\u2019\u00e0 l\u2019action de ses ministres de la Culture successifs. Car<br \/>\nqu\u2019ont \u00e0 leur reprocher les socialistes ? En r\u00e9alit\u00e9, pas grand-chose<br \/>\nsi ce n\u2019est de n\u2019en avoir pas fait assez. C\u2019est bien ce que dit Fr\u00e9d\u00e9ric<br \/>\nMartel, l\u2019\u00e9crivain et journaliste pro-PS, dans un r\u00e9cent pamphlet antisarkozy [[<strong> <em>J\u2019aime pas le Sarkozysme culturel<\/em> <\/strong>, de Fr\u00e9d\u00e9ric Martel, \u00e9d. Flammarion,<br \/>\n240 p., 14 euros.]]<br \/>\n: tout en s\u2019acharnant \u00e0 d\u00e9monter l\u2019univers culturel du Pr\u00e9sident,<br \/>\nil estime que la lettre de mission qu\u2019il avait adress\u00e9e apr\u00e8s<br \/>\nson \u00e9lection \u00e0 Christine Albanel, locataire de la rue de Valois avant<br \/>\nFr\u00e9d\u00e9ric Mitterrand, \u00e9tait \u00ab <em>assez juste sur le fond<\/em> \u00bb.<\/p>\n<p>Pour la pr\u00e9sidentielle 2012, les deux partis \u00e9gr\u00e8nent le m\u00eame<br \/>\nchapelet de bonnes intentions : soutenir la cr\u00e9ation et l\u2019acc\u00e8s \u00e0 la<br \/>\nculture, renforcer l\u2019\u00e9ducation artistique \u00e0 l\u2019\u00e9cole, poursuivre la d\u00e9centralisation\u2026<br \/>\net favoriser toujours plus le m\u00e9c\u00e9nat. Est-il vraiment<br \/>\nsurprenant que le candidat socialiste attire \u00e0 lui le plus lib\u00e9ral des ex-patrons<br \/>\nde mus\u00e9e pour lequel un \u00e9tablissement n\u2019est jamais assez<br \/>\ncher en droit d\u2019entr\u00e9e et jamais assez tourn\u00e9 vers le priv\u00e9 ?<\/p>\n<div id='gallery-1' class='gallery galleryid-5374 gallery-columns-3 gallery-size-thumbnail'><figure class='gallery-item'>\n\t\t\t<div class='gallery-icon landscape'>\n\t\t\t\t<a href='https:\/\/archives.regards.fr\/wp-content\/uploads\/2012\/04\/jc-046.jpg'><img loading=\"lazy\" decoding=\"async\" width=\"80\" height=\"55\" src=\"https:\/\/archives.regards.fr\/wp-content\/uploads\/2012\/04\/jc-046.jpg\" class=\"attachment-thumbnail size-thumbnail\" alt=\"PS\/UMP, m\u00eame culture\u2009?\" aria-describedby=\"gallery-1-16192\" \/><\/a>\n\t\t\t<\/div>\n\t\t\t\t<figcaption class='wp-caption-text gallery-caption' id='gallery-1-16192'>\n\t\t\t\tPS\/UMP, m\u00eame culture\u2009?\n\t\t\t\t<\/figcaption><\/figure><figure class='gallery-item'>\n\t\t\t<div class='gallery-icon landscape'>\n\t\t\t\t<a href='https:\/\/archives.regards.fr\/wp-content\/uploads\/2012\/04\/j-9f5.jpg'><img loading=\"lazy\" decoding=\"async\" width=\"150\" height=\"150\" src=\"https:\/\/archives.regards.fr\/wp-content\/uploads\/2012\/04\/j-9f5-150x150.jpg\" class=\"attachment-thumbnail size-thumbnail\" alt=\"j.jpg\" \/><\/a>\n\t\t\t<\/div><\/figure>\n\t\t<\/div>\n\n","protected":false},"excerpt":{"rendered":"<p>CULTURE PARK, la chronique de Bernard Hasquenoph &#8211; <a href=\"http:\/\/www.louvrepourtous.fr\/\">louvrepourtous.fr<\/a><\/p>\n","protected":false},"author":625,"featured_media":16192,"comment_status":"open","ping_status":"open","sticky":false,"template":"","format":"standard","meta":{"_themeisle_gutenberg_block_has_review":false,"footnotes":""},"categories":[138],"tags":[357],"class_list":["post-5374","post","type-post","status-publish","format-standard","has-post-thumbnail","hentry","category-bernard-hasquenoph","tag-chronique"],"_links":{"self":[{"href":"https:\/\/archives.regards.fr\/index.php?rest_route=\/wp\/v2\/posts\/5374","targetHints":{"allow":["GET"]}}],"collection":[{"href":"https:\/\/archives.regards.fr\/index.php?rest_route=\/wp\/v2\/posts"}],"about":[{"href":"https:\/\/archives.regards.fr\/index.php?rest_route=\/wp\/v2\/types\/post"}],"author":[{"embeddable":true,"href":"https:\/\/archives.regards.fr\/index.php?rest_route=\/wp\/v2\/users\/625"}],"replies":[{"embeddable":true,"href":"https:\/\/archives.regards.fr\/index.php?rest_route=%2Fwp%2Fv2%2Fcomments&post=5374"}],"version-history":[{"count":0,"href":"https:\/\/archives.regards.fr\/index.php?rest_route=\/wp\/v2\/posts\/5374\/revisions"}],"wp:featuredmedia":[{"embeddable":true,"href":"https:\/\/archives.regards.fr\/index.php?rest_route=\/wp\/v2\/media\/16192"}],"wp:attachment":[{"href":"https:\/\/archives.regards.fr\/index.php?rest_route=%2Fwp%2Fv2%2Fmedia&parent=5374"}],"wp:term":[{"taxonomy":"category","embeddable":true,"href":"https:\/\/archives.regards.fr\/index.php?rest_route=%2Fwp%2Fv2%2Fcategories&post=5374"},{"taxonomy":"post_tag","embeddable":true,"href":"https:\/\/archives.regards.fr\/index.php?rest_route=%2Fwp%2Fv2%2Ftags&post=5374"}],"curies":[{"name":"wp","href":"https:\/\/api.w.org\/{rel}","templated":true}]}}