{"id":5369,"date":"2012-04-20T08:00:00","date_gmt":"2012-04-20T06:00:00","guid":{"rendered":"https:\/\/wp.muchomaas.com\/le-racisme-devoile5369\/"},"modified":"2012-04-20T08:00:00","modified_gmt":"2012-04-20T06:00:00","slug":"le-racisme-devoile5369","status":"publish","type":"post","link":"https:\/\/archives.regards.fr\/?p=5369","title":{"rendered":"Le racisme d\u00e9voil\u00e9"},"content":{"rendered":"<p class=\"post_excerpt\">Pierre T\u00e9vanian<\/p>\n<p><strong>\u00ab <em>Le 13 mai 1958, place du<br \/>\nGouvernement \u00e0 Alger, des<br \/>\nfemmes musulmanes sont exhib\u00e9es<br \/>\nsur un podium pour y br\u00fbler<br \/>\nleur voile en signe d\u2019\u00e9mancipation.<\/em><br \/>\n\u00bb<\/strong> C\u2019est sur cette sc\u00e8ne exhum\u00e9e<br \/>\nde notre sombre histoire<br \/>\ncoloniale que s\u2019ouvre l\u2019excellent<br \/>\nouvrage du philosophe Pierre<br \/>\nT\u00e9vanian. Une sc\u00e8ne du pass\u00e9<br \/>\nqui porte une lumi\u00e8re crue sur les<br \/>\n\u00ab chasseurs de hijab, de niqab<br \/>\nou de burqa \u00bb d\u2019aujourd\u2019hui, et<br \/>\nd\u00e9voile le racisme cach\u00e9 derri\u00e8re<br \/>\ncertaines conceptions du f\u00e9minisme,<br \/>\nde la la\u00efcit\u00e9, de l\u2019\u00e9cole<br \/>\nr\u00e9publicaine mais aussi du r\u00f4le<br \/>\ndes intellectuels. \u00c9clairant !<\/p>\n","protected":false},"excerpt":{"rendered":"<p>Pierre T\u00e9vanian<\/p>\n","protected":false},"author":777,"featured_media":16189,"comment_status":"open","ping_status":"open","sticky":false,"template":"","format":"standard","meta":{"_themeisle_gutenberg_block_has_review":false,"footnotes":""},"categories":[111],"tags":[392],"class_list":["post-5369","post","type-post","status-publish","format-standard","has-post-thumbnail","hentry","category-nos-selections","tag-essai"],"_links":{"self":[{"href":"https:\/\/archives.regards.fr\/index.php?rest_route=\/wp\/v2\/posts\/5369","targetHints":{"allow":["GET"]}}],"collection":[{"href":"https:\/\/archives.regards.fr\/index.php?rest_route=\/wp\/v2\/posts"}],"about":[{"href":"https:\/\/archives.regards.fr\/index.php?rest_route=\/wp\/v2\/types\/post"}],"author":[{"embeddable":true,"href":"https:\/\/archives.regards.fr\/index.php?rest_route=\/wp\/v2\/users\/777"}],"replies":[{"embeddable":true,"href":"https:\/\/archives.regards.fr\/index.php?rest_route=%2Fwp%2Fv2%2Fcomments&post=5369"}],"version-history":[{"count":0,"href":"https:\/\/archives.regards.fr\/index.php?rest_route=\/wp\/v2\/posts\/5369\/revisions"}],"wp:featuredmedia":[{"embeddable":true,"href":"https:\/\/archives.regards.fr\/index.php?rest_route=\/wp\/v2\/media\/16189"}],"wp:attachment":[{"href":"https:\/\/archives.regards.fr\/index.php?rest_route=%2Fwp%2Fv2%2Fmedia&parent=5369"}],"wp:term":[{"taxonomy":"category","embeddable":true,"href":"https:\/\/archives.regards.fr\/index.php?rest_route=%2Fwp%2Fv2%2Fcategories&post=5369"},{"taxonomy":"post_tag","embeddable":true,"href":"https:\/\/archives.regards.fr\/index.php?rest_route=%2Fwp%2Fv2%2Ftags&post=5369"}],"curies":[{"name":"wp","href":"https:\/\/api.w.org\/{rel}","templated":true}]}}