{"id":5363,"date":"2012-04-12T08:00:00","date_gmt":"2012-04-12T06:00:00","guid":{"rendered":"https:\/\/wp.muchomaas.com\/francatunisie5363\/"},"modified":"2012-04-12T08:00:00","modified_gmt":"2012-04-12T06:00:00","slug":"francatunisie5363","status":"publish","type":"post","link":"https:\/\/archives.regards.fr\/?p=5363","title":{"rendered":"Fran\u00e7atunisie"},"content":{"rendered":"<p class=\"post_excerpt\">Lena\u00efg Bredoux,<br \/>\nMathieu Magnaudeix<\/p>\n<p><strong>Deux journalistes de <em>Mediapart<\/em><br \/>\nont men\u00e9 une enqu\u00eate qui<br \/>\nbrosse le tableau des r\u00e9seaux<br \/>\nfranco-tunisiens sous Ben Ali.<\/strong><br \/>\nC\u00f4t\u00e9 fran\u00e7ais, les nombreux responsables<br \/>\nde l\u2019\u00c9tat, dirigeants<br \/>\npolitiques, intellectuels, de droite<br \/>\ncomme de gauche, qui ont soutenu<br \/>\nla dictature Benaliste pendant<br \/>\nvingt-cinq ans, se sont<br \/>\nappuy\u00e9s sur \u00ab cinq piliers \u00bb : stabilit\u00e9<br \/>\ndu r\u00e9gime, r\u00e9sultats \u00e9conomiques,<br \/>\ndroits des femmes,<br \/>\nma\u00eetrise des flux migratoires et<br \/>\nrempart contre l\u2019islamisme. Par\u00e9s<br \/>\nde ces arguments, les amis<br \/>\nde Carthage ont profit\u00e9 jusqu\u2019au<br \/>\nbout des palmeraies tunisiennes.<br \/>\nUn livre pour ne pas oublier.<\/p>\n","protected":false},"excerpt":{"rendered":"<p>Lena\u00efg Bredoux,<br \/>\nMathieu Magnaudeix<\/p>\n","protected":false},"author":558,"featured_media":16184,"comment_status":"open","ping_status":"open","sticky":false,"template":"","format":"standard","meta":{"_themeisle_gutenberg_block_has_review":false,"footnotes":""},"categories":[111],"tags":[392],"class_list":["post-5363","post","type-post","status-publish","format-standard","has-post-thumbnail","hentry","category-nos-selections","tag-essai"],"_links":{"self":[{"href":"https:\/\/archives.regards.fr\/index.php?rest_route=\/wp\/v2\/posts\/5363","targetHints":{"allow":["GET"]}}],"collection":[{"href":"https:\/\/archives.regards.fr\/index.php?rest_route=\/wp\/v2\/posts"}],"about":[{"href":"https:\/\/archives.regards.fr\/index.php?rest_route=\/wp\/v2\/types\/post"}],"author":[{"embeddable":true,"href":"https:\/\/archives.regards.fr\/index.php?rest_route=\/wp\/v2\/users\/558"}],"replies":[{"embeddable":true,"href":"https:\/\/archives.regards.fr\/index.php?rest_route=%2Fwp%2Fv2%2Fcomments&post=5363"}],"version-history":[{"count":0,"href":"https:\/\/archives.regards.fr\/index.php?rest_route=\/wp\/v2\/posts\/5363\/revisions"}],"wp:featuredmedia":[{"embeddable":true,"href":"https:\/\/archives.regards.fr\/index.php?rest_route=\/wp\/v2\/media\/16184"}],"wp:attachment":[{"href":"https:\/\/archives.regards.fr\/index.php?rest_route=%2Fwp%2Fv2%2Fmedia&parent=5363"}],"wp:term":[{"taxonomy":"category","embeddable":true,"href":"https:\/\/archives.regards.fr\/index.php?rest_route=%2Fwp%2Fv2%2Fcategories&post=5363"},{"taxonomy":"post_tag","embeddable":true,"href":"https:\/\/archives.regards.fr\/index.php?rest_route=%2Fwp%2Fv2%2Ftags&post=5363"}],"curies":[{"name":"wp","href":"https:\/\/api.w.org\/{rel}","templated":true}]}}