{"id":5361,"date":"2012-04-25T08:00:00","date_gmt":"2012-04-25T06:00:00","guid":{"rendered":"https:\/\/wp.muchomaas.com\/les-landes-du-pouvoir5361\/"},"modified":"2012-04-25T08:00:00","modified_gmt":"2012-04-25T06:00:00","slug":"les-landes-du-pouvoir5361","status":"publish","type":"post","link":"https:\/\/archives.regards.fr\/?p=5361","title":{"rendered":"Les Landes du pouvoir"},"content":{"rendered":"<p class=\"post_excerpt\">Marie Desmartis<\/p>\n<p><strong>L\u2019anthropologue Marie Desmartis<br \/>\na men\u00e9 une enqu\u00eate \u00e0 Olignac,<br \/>\npetit village landais, o\u00f9 l\u2019\u00e9lection<br \/>\nmunicipale de 2001 fut particuli\u00e8rement<br \/>\nhouleuse<\/strong>. L\u2019auteure<br \/>\ns\u2019est immerg\u00e9e dans le quotidien<br \/>\nde la municipalit\u00e9. En r\u00e9sulte<br \/>\nun ouvrage qui embarque<br \/>\nle lecteur dans les m\u00e9andres,<br \/>\nparfois bien sombres (palombi\u00e8res<br \/>\net pin\u00e8des en feu\u2026), de<br \/>\nla politique d\u2019un bled de Gascogne.<br \/>\nLes rapports de pouvoir<br \/>\nsont minutieusement observ\u00e9s,<br \/>\nd\u00e9crits et d\u00e9construits et le<br \/>\nth\u00e9\u00e2tre humain rendu formidablement<br \/>\nvivant par les acteurs<br \/>\nr\u00e9els de cette histoire o\u00f9 chacun<br \/>\n\u2013 chasseurs, n\u00e9oruraux,<br \/>\npresse locale, \u00e9diles en rupture<br \/>\n\u2013 joue sa partition. Un r\u00e9gal.<\/p>\n","protected":false},"excerpt":{"rendered":"<p>Marie Desmartis<\/p>\n","protected":false},"author":558,"featured_media":16180,"comment_status":"open","ping_status":"open","sticky":false,"template":"","format":"standard","meta":{"_themeisle_gutenberg_block_has_review":false,"footnotes":""},"categories":[111],"tags":[392],"class_list":["post-5361","post","type-post","status-publish","format-standard","has-post-thumbnail","hentry","category-nos-selections","tag-essai"],"_links":{"self":[{"href":"https:\/\/archives.regards.fr\/index.php?rest_route=\/wp\/v2\/posts\/5361","targetHints":{"allow":["GET"]}}],"collection":[{"href":"https:\/\/archives.regards.fr\/index.php?rest_route=\/wp\/v2\/posts"}],"about":[{"href":"https:\/\/archives.regards.fr\/index.php?rest_route=\/wp\/v2\/types\/post"}],"author":[{"embeddable":true,"href":"https:\/\/archives.regards.fr\/index.php?rest_route=\/wp\/v2\/users\/558"}],"replies":[{"embeddable":true,"href":"https:\/\/archives.regards.fr\/index.php?rest_route=%2Fwp%2Fv2%2Fcomments&post=5361"}],"version-history":[{"count":0,"href":"https:\/\/archives.regards.fr\/index.php?rest_route=\/wp\/v2\/posts\/5361\/revisions"}],"wp:featuredmedia":[{"embeddable":true,"href":"https:\/\/archives.regards.fr\/index.php?rest_route=\/wp\/v2\/media\/16180"}],"wp:attachment":[{"href":"https:\/\/archives.regards.fr\/index.php?rest_route=%2Fwp%2Fv2%2Fmedia&parent=5361"}],"wp:term":[{"taxonomy":"category","embeddable":true,"href":"https:\/\/archives.regards.fr\/index.php?rest_route=%2Fwp%2Fv2%2Fcategories&post=5361"},{"taxonomy":"post_tag","embeddable":true,"href":"https:\/\/archives.regards.fr\/index.php?rest_route=%2Fwp%2Fv2%2Ftags&post=5361"}],"curies":[{"name":"wp","href":"https:\/\/api.w.org\/{rel}","templated":true}]}}