{"id":5360,"date":"2012-05-07T08:00:00","date_gmt":"2012-05-07T06:00:00","guid":{"rendered":"https:\/\/wp.muchomaas.com\/virage-a-90-o5360\/"},"modified":"2012-05-07T08:00:00","modified_gmt":"2012-05-07T06:00:00","slug":"virage-a-90-o5360","status":"publish","type":"post","link":"https:\/\/archives.regards.fr\/?p=5360","title":{"rendered":"Virage \u00e0 90 \u00b0"},"content":{"rendered":"<p class=\"post_excerpt\">Laurent Kestel<\/p>\n<p><strong>Exclu du PCF en 1934, Jacques<br \/>\nDoriot retourne sa veste et fonde<br \/>\nen 1936 le Parti Populaire Fran\u00e7ais<br \/>\n(PPF).<\/strong> Avant que l\u2019engeance<br \/>\nanticommuniste ne se r\u00e9v\u00e8le antis\u00e9mite<br \/>\npuis collaborationniste,<br \/>\nelle se voit d\u00e9j\u00e0 assigner le label<br \/>\n\u00ab fasciste \u00bb. Loin de naturaliser ce<br \/>\ncoup de force id\u00e9ologique, Laurent<br \/>\nKestel propose de \u00ab <em>restituer<br \/>\nles ph\u00e9nom\u00e8nes de conversion<br \/>\npolitique dans leur dimension<br \/>\ncontextuelle et relationnelle<\/em> \u00bb.<br \/>\nAinsi \u00ab<em> le \u201cfascisme\u201d du PPF<br \/>\nd\u00e9coule en fait d\u2019une assignation<br \/>\nidentitaire qui a r\u00e9ussi <\/em> \u00bb. Le flou<br \/>\nidentitaire de Doriot, banni des<br \/>\ngauches, et sa rencontre avec des<br \/>\nintellectuels \u00ab non-conformistes \u00bb,<br \/>\nont pr\u00e9cipit\u00e9 sa mutation.<\/p>\n","protected":false},"excerpt":{"rendered":"<p>Laurent Kestel<\/p>\n","protected":false},"author":1,"featured_media":16179,"comment_status":"open","ping_status":"open","sticky":false,"template":"","format":"standard","meta":{"_themeisle_gutenberg_block_has_review":false,"footnotes":""},"categories":[111],"tags":[392],"class_list":["post-5360","post","type-post","status-publish","format-standard","has-post-thumbnail","hentry","category-nos-selections","tag-essai"],"_links":{"self":[{"href":"https:\/\/archives.regards.fr\/index.php?rest_route=\/wp\/v2\/posts\/5360","targetHints":{"allow":["GET"]}}],"collection":[{"href":"https:\/\/archives.regards.fr\/index.php?rest_route=\/wp\/v2\/posts"}],"about":[{"href":"https:\/\/archives.regards.fr\/index.php?rest_route=\/wp\/v2\/types\/post"}],"author":[{"embeddable":true,"href":"https:\/\/archives.regards.fr\/index.php?rest_route=\/wp\/v2\/users\/1"}],"replies":[{"embeddable":true,"href":"https:\/\/archives.regards.fr\/index.php?rest_route=%2Fwp%2Fv2%2Fcomments&post=5360"}],"version-history":[{"count":0,"href":"https:\/\/archives.regards.fr\/index.php?rest_route=\/wp\/v2\/posts\/5360\/revisions"}],"wp:featuredmedia":[{"embeddable":true,"href":"https:\/\/archives.regards.fr\/index.php?rest_route=\/wp\/v2\/media\/16179"}],"wp:attachment":[{"href":"https:\/\/archives.regards.fr\/index.php?rest_route=%2Fwp%2Fv2%2Fmedia&parent=5360"}],"wp:term":[{"taxonomy":"category","embeddable":true,"href":"https:\/\/archives.regards.fr\/index.php?rest_route=%2Fwp%2Fv2%2Fcategories&post=5360"},{"taxonomy":"post_tag","embeddable":true,"href":"https:\/\/archives.regards.fr\/index.php?rest_route=%2Fwp%2Fv2%2Ftags&post=5360"}],"curies":[{"name":"wp","href":"https:\/\/api.w.org\/{rel}","templated":true}]}}