{"id":5355,"date":"2012-04-03T12:11:59","date_gmt":"2012-04-03T10:11:59","guid":{"rendered":"https:\/\/wp.muchomaas.com\/au-sommaire-du-numero-20-avril5355\/"},"modified":"2023-06-24T17:45:33","modified_gmt":"2023-06-24T15:45:33","slug":"au-sommaire-du-numero-20-avril5355","status":"publish","type":"post","link":"https:\/\/archives.regards.fr\/?p=5355","title":{"rendered":"Au sommaire du num\u00e9ro 20 &#8211; avril 2012"},"content":{"rendered":"<p>\u00ab<em>La v\u00e9rit\u00e9 est que la gauche a besoin que toutes ses composantes progressent<\/em>\u00bb. <a href=\"https:\/\/wp.muchomaas.com\/politique\/voter-franchement-utile\">\u00abVoter franchement utile\u00bb<\/a>, c&#8217;est <strong>l\u2019\u00e9ditorial de Cl\u00e9mentine Autain et Roger Martelli<\/strong>. <\/p>\n<p><em>Le Figaro<\/em> produit <a href=\"https:\/\/wp.muchomaas.com\/societe\/les-nonosses-du-figaro\">du grand reportage de guerre \u00e0 haute valeur analytique ajout\u00e9e sur les docks de Saint-Nazaire<\/a>. \u00c7a d\u00e9pote et c&#8217;est c\u00e9l\u00e9br\u00e9 dans le <strong>d\u00e9cryptage m\u00e9dias<\/strong> du mois.<\/p>\n<p><strong>Thomas Lacoste<\/strong>, \u00e0 l&#8217;origine, en 2007, du collectif l&#8217;Autre campagne donne son avis sur le <a href=\"https:\/\/wp.muchomaas.com\/politique\/kit-de-survie-politique\">traitement m\u00e9diatique de la campagne \u00e9lectorale 2012<\/a>.  Sarko \u00e0 la bourre sur <a href=\"https:\/\/wp.muchomaas.com\/politique\/aux-basques-de-sarko\"><strong>la question Basque<\/strong><\/a>, <strong>l&#8217;extr\u00eame-gauche<\/strong> \u00e0 la bourre sur <a href=\"https:\/\/wp.muchomaas.com\/politique\/young-poor-degrade-l-extreme\">les programmes d&#8217;insertion de la jeunesse<\/a> et <strong><a href=\"https:\/\/wp.muchomaas.com\/societe\/le-train-train-du-prive\">le transport ferroviaire<\/a><\/strong> privatis\u00e9 \u00e0 la bourre sur la s\u00e9curit\u00e9. <strong>Ce sont nos Bloc-notes d&#8217;avril<\/strong>.<\/p>\n<p><a href=\"https:\/\/wp.muchomaas.com\/societe\/pour-un-service-public-du\">Quel avenir pour le t\u00e9l\u00e9chargement de fichiers sur Internet?<\/a> <strong>Sophie Duvauchelle<\/strong>, du Front de gauche, d\u00e9fend la cr\u00e9ation d&#8217;une plateforme publique, \u00ab<em>un endroit o\u00f9 le public a acc\u00e8s \u00e0 l&#8217;art<\/em>\u00bb. <strong>Philippe Aigrain<\/strong>, de la Quadrature du net, consid\u00e8re que \u00ab<em>l&#8217;essentiel est le partage des oeuvres num\u00e9riques<\/em>\u00bb. <strong>Controverse.<\/strong><\/p>\n<p><strong>Notre dossier du mois s&#8217;int\u00e9resse aux p\u00e9riph\u00e9ries du vote.<\/strong> Depuis quelques mois, la th\u00e8se selon laquelle les cat\u00e9gories populaires ne seraient pas les m\u00eames en banlieue et dans la France p\u00e9riurbaine et rurale a le vent en poupe. Son initiateur le g\u00e9ographe<strong> Christophe Guilluy<\/strong> est fr\u00e9quemment cit\u00e9 par le pr\u00e9sident sortant. <a href=\"https:\/\/wp.muchomaas.com\/idees\/a-quel-pauvre-se-vouer\">Cette \u00abcomp\u00e9tition\u00bb est-elle valide, comment faut-il l&#8217;interpr\u00e9ter politiquement, comment la gauche s&#8217;en empare-t-elle?<\/a> <strong>Enqu\u00eate et d\u00e9cryptage<\/strong>. Entretien avec la sociologue <strong>Annie Collovald<\/strong> qui d\u00e9construit <a href=\"https:\/\/wp.muchomaas.com\/societe\/annie-collovald-la-zone\">la corr\u00e9lation entre vote et territoire<\/a>. Egalement <a href=\"https:\/\/wp.muchomaas.com\/societe\/metropolisation\">un court extrait du dernier ouvrage de <strong>Cl\u00e9mentine Autain<\/strong><\/a> et <a href=\"https:\/\/wp.muchomaas.com\/societe\/la-relegation-n-est-pas-une\">une tribune de <strong>Patrick Braouezec<\/strong><\/a>.<\/p>\n<p>L&#8217;\u00e9conomiste et sociologue <strong>Bernard Friot  vient de publier <em>L&#8217;enjeu des salaires<\/em> <\/strong>. <a href=\"https:\/\/wp.muchomaas.com\/economie\/retrouver-la-subversivite-du\">Entretien avec un d\u00e9fenseur acharn\u00e9 d&#8217;un \u00ab<em>salaire universel pour tous et pour tout.<\/em>\u00bb<\/a>  <\/p>\n<p><strong>Gr\u00e8ce. Depuis de longs mois, les mesures d&#8217;aust\u00e9rit\u00e9 et une crise sociale lourde plombent le pays qui a vu na\u00eetre la d\u00e9mocratie<\/strong>. Au-del\u00e0 des mobilisations et des manifs, <a href=\"https:\/\/wp.muchomaas.com\/resistances\/grece-berceau-de-l-innovation\">les Grecs ont commenc\u00e9 \u00e0 exp\u00e9rimenter et \u00e0 mettre en place de nouveaux modes d&#8217;organisation et de r\u00e9sistance<\/a>. <strong>Reportage sur place<\/strong>. Et <a href=\"https:\/\/wp.muchomaas.com\/resistances\/stathis-kouvelakis-le-laboratoire\">un entretien avec <strong>Stathis Kouv\u00e9lakis<\/strong><\/a>, enseignant-chercheur en philosophie politique.<\/p>\n<p><strong>La politique ext\u00e9rieure de la France<\/strong> est singuli\u00e8rement absente des d\u00e9bats de campagne. Au point que <a href=\"https:\/\/wp.muchomaas.com\/politique\/front-inter-national\">le Front national appara\u00eet comme l&#8217;un des partis ayant le plus pens\u00e9 la question<\/a>. <strong>D\u00e9cryptage.<\/strong><\/p>\n<p><strong>Le Qatar est \u00e0 la t\u00eate du Paris Saint-Germain<\/strong> depuis 2011. L&#8217;occasion de revenir sur <a href=\"https:\/\/wp.muchomaas.com\/societe\/le-retour-des-etats-dans-le-sport\">les liens \u00e9troits entre sport et g\u00e9opolitique<\/a>.<\/p>\n<p>Dans sa rubrique Cin\u00e9, Thomas Bauder nous parle de <em>Low Life<\/em>, de <strong>Nicolas Klotz et Elisabeth Perceval<\/strong>. <a href=\"https:\/\/wp.muchomaas.com\/culture\/low-life-high-experience\">Une \u00ab<em>exp\u00e9rience radicale de spectateur<\/em>\u00bb<\/a>.<\/p>\n<p><strong>Episode 4 des aventures de <a href=\"https:\/\/wp.muchomaas.com\/culture\/les-aventures-de-rosa-lo-et-dis-5394\">Rosa Lo et Dis&#8217;gust<\/a><\/strong>. A la sortie du spectacle, elles partent tra\u00eener en coulisses et, forc\u00e9ment, s&#8217;y interrogent sur l&#8217;envers du d\u00e9cor.<\/p>\n<p>Militant noir, militant homosexuel, <strong>Louis Georges Tin est le pr\u00e9sident du Conseil repr\u00e9sentatif des associations noires (CRAN) de France<\/strong>. Revenant sur le Pacte pour l&#8217;\u00e9galit\u00e9 et la diversit\u00e9 lanc\u00e9 en f\u00e9vrier, il promet, une fois le nouveau pr\u00e9sident \u00e9lu, la mise en place d&#8217;un \u00ab<em>travail de surveillance citoyenne<\/em> \u00bb de la mise en \u0153uvre des promesses. <a href=\"https:\/\/wp.muchomaas.com\/resistances\/louis-georges-tin-le-vote\"><strong>C&#8217;est notre Grand entretien<\/strong><\/a>.<\/p>\n<p>Ainsi que tous les rendez-vous du mensuel\u00a0: les chroniques de <strong><a href=\"https:\/\/wp.muchomaas.com\/nos-regards\/leila-chaibi\/sur-un-air-melenchanteur\">Le\u00efla Chaibi<\/a>, <a href=\"https:\/\/wp.muchomaas.com\/nos-regards\/raphal-yem\/manifester-voter-pour-exister\">Raph\u00e4l Yem<\/a>, <a href=\"https:\/\/wp.muchomaas.com\/nos-regards\/bernard-hasquenoph\/ps-ump-meme-culture\">Bernard Hasquenoph<\/a>, <a href=\"https:\/\/wp.muchomaas.com\/nos-regards\/arnaud-viviant\/alors-on-vote\">Arnaud Viviant<\/a><\/strong> et <strong><a href=\"https:\/\/wp.muchomaas.com\/societe\/l-art-de-nous-mettre-a-table\">Nicolas Kssis<\/a><\/strong>. Avec toutes nos s\u00e9lections essais et culture.<\/p>\n<p>A retrouver \u00e9galement dans notre num\u00e9ro d&#8217;avril, <strong>les deux nouvelles laur\u00e9ates du concours &#8220;Une histoire d&#8217;eau&#8221; lanc\u00e9 sur regards.fr: <em>Politique fraction<\/em> d&#8217;Olivier Renaud et <em>A vaut l&#8217;O<\/em> de Bruno Riondet<\/strong>. A lire uniquement dans le mensuel papier, elles ne seront pas publi\u00e9es en ligne&#8230;<br \/>\n<strong> Achetez-nous en kiosque! (ou <a href=\"https:\/\/wp.muchomaas.com\/boutique\/abonnement\">abonnez-vous<\/a>). <\/strong><\/p>\n","protected":false},"excerpt":{"rendered":"<p>\u00abLa v\u00e9rit\u00e9 est que la gauche a besoin que toutes ses composantes progressent\u00bb. \u00abVoter franchement utile\u00bb, c&#8217;est l\u2019\u00e9ditorial de Cl\u00e9mentine Autain et Roger Martelli. Le Figaro produit du grand reportage de guerre \u00e0 haute valeur analytique ajout\u00e9e sur les docks de Saint-Nazaire. \u00c7a d\u00e9pote et c&#8217;est c\u00e9l\u00e9br\u00e9 dans le d\u00e9cryptage m\u00e9dias du mois. Thomas Lacoste, [&hellip;]<\/p>\n","protected":false},"author":1,"featured_media":0,"comment_status":"closed","ping_status":"open","sticky":false,"template":"","format":"standard","meta":{"_themeisle_gutenberg_block_has_review":false,"footnotes":""},"categories":[262],"tags":[371],"class_list":["post-5355","post","type-post","status-publish","format-standard","hentry","category-archives","tag-sommaire"],"_links":{"self":[{"href":"https:\/\/archives.regards.fr\/index.php?rest_route=\/wp\/v2\/posts\/5355","targetHints":{"allow":["GET"]}}],"collection":[{"href":"https:\/\/archives.regards.fr\/index.php?rest_route=\/wp\/v2\/posts"}],"about":[{"href":"https:\/\/archives.regards.fr\/index.php?rest_route=\/wp\/v2\/types\/post"}],"author":[{"embeddable":true,"href":"https:\/\/archives.regards.fr\/index.php?rest_route=\/wp\/v2\/users\/1"}],"replies":[{"embeddable":true,"href":"https:\/\/archives.regards.fr\/index.php?rest_route=%2Fwp%2Fv2%2Fcomments&post=5355"}],"version-history":[{"count":0,"href":"https:\/\/archives.regards.fr\/index.php?rest_route=\/wp\/v2\/posts\/5355\/revisions"}],"wp:attachment":[{"href":"https:\/\/archives.regards.fr\/index.php?rest_route=%2Fwp%2Fv2%2Fmedia&parent=5355"}],"wp:term":[{"taxonomy":"category","embeddable":true,"href":"https:\/\/archives.regards.fr\/index.php?rest_route=%2Fwp%2Fv2%2Fcategories&post=5355"},{"taxonomy":"post_tag","embeddable":true,"href":"https:\/\/archives.regards.fr\/index.php?rest_route=%2Fwp%2Fv2%2Ftags&post=5355"}],"curies":[{"name":"wp","href":"https:\/\/api.w.org\/{rel}","templated":true}]}}