{"id":5352,"date":"2012-03-23T09:49:34","date_gmt":"2012-03-23T08:49:34","guid":{"rendered":"https:\/\/wp.muchomaas.com\/article-climat-tres-pourri-depuis-cinq-ans\/"},"modified":"2012-03-23T09:49:34","modified_gmt":"2012-03-23T08:49:34","slug":"article-climat-tres-pourri-depuis-cinq-ans","status":"publish","type":"post","link":"https:\/\/archives.regards.fr\/?p=5352","title":{"rendered":"Climat: tr\u00e8s pourri depuis cinq ans"},"content":{"rendered":"<p class=\"post_excerpt\">\u00ab <em>Non, il n&#8217;y a pas en France un climat qui puisse expliquer ces crimes<\/em> \u00bb, a affirm\u00e9 Nicolas Sarkozy jeudi soir lors d&#8217;un meeting \u00e0 Strasbourg. La trag\u00e9die qui vient de se passer en r\u00e9gion toulousaine ne peut pourtant pas \u00eatre analys\u00e9e en faisant abstraction des discours naus\u00e9abonds produits par le chef de l&#8217;Etat et son entourage ces derni\u00e8res ann\u00e9es.<\/p>\n<p>Huit morts (quatre hommes, trois enfants, et le jeune homme qui les a froidement ex\u00e9cut\u00e9 tous les sept) et plusieurs bless\u00e9s (dont au moins deux tr\u00e8s gravement), c&#8217;est le terrible bilan humain des 11 derniers jours dans la r\u00e9gion toulousaine. Parmi les tu\u00e9s, trois \u00e9taient des fran\u00e7ais d&#8217;origine arabe et quatre \u00e9taient des franco-isra\u00e9liens de confession juive, dont les trois enfants.<\/p>\n<p>L&#8217;homme qui les a tu\u00e9, Mohamed Merah, abattu ce jeudi par les hommes du Raid, \u00e9tait, lui, un fanatique ultra-violent se r\u00e9clamant du salafisme et qui est pass\u00e9 \u00e0 l&#8217;acte. Il n&#8217;y aura pas d&#8217;expertise psychiatrique pour nous dire jusqu&#8217;\u00e0 quel point, comme cela a \u00e9t\u00e9 r\u00e9p\u00e9t\u00e9 \u00e0 l&#8217;envi depuis lundi, il \u00e9tait aussi un &#8220;fou&#8221;.<br \/>\nMais d\u00e9j\u00e0 <a href=\"http:\/\/www.lemonde.fr\/societe\/article\/2012\/03\/22\/mohamed-merah-l-homme-aux-cent-visages_1674097_3224.html\">des portraits sont parus dans la presse<\/a>. Enfant d&#8217;immigr\u00e9, natif et grandit dans les quartiers populaires de Toulouse; un pass\u00e9 de petit d\u00e9linquant sanctionn\u00e9, notamment, par une incarc\u00e9ration de 18 mois en 2008-2009;  des s\u00e9jours au Moyen-Orient, aux c\u00f4t\u00e9s de combattants jihadistes. Durant le si\u00e8ge de son appartement, il aurait expliqu\u00e9 aux policiers avoir souhait\u00e9, par ces meurtres, protester contre l&#8217;engagement des troupes fran\u00e7aises en Afghanistan, contre la loi fran\u00e7aise sur le voile et venger les enfants palestiniens; il s&#8217;appr\u00eatait \u00e0 tuer encore; et son seul regret, toujours selon les propos que les policiers disent avoir recueillis, est de n&#8217;avoir pas fait \u00ab<em>plus de victimes<\/em>\u00bb.<\/p>\n<p>Que cela plaise ou non, cette trajectoire individuelle, comme celle de Khaled Kelkal en 1995, nous parle intimement de notre \u00e9poque d\u00e9r\u00e9gl\u00e9e et de notre soci\u00e9t\u00e9 malade (<a href=\"http:\/\/www.mediapart.fr\/journal\/france\/220312\/une-histoire-francaise\">lire cet article de Mediapart<\/a>). Une trajectoire dont le point final, trois actions meurtri\u00e8res en 10 jours, vient de nous exploser en pleine face.<br \/>\nPersonne ne pouvait s&#8217;attendre \u00e0 une telle violence. Mais qui osera dire que cette trag\u00e9die est totalement incompr\u00e9hensible, qu&#8217;on ne peut en identifier le terreau? Qui peut dire, dans la France de 2012, que l&#8217;assassinat d&#8217;enfants uniquement parce qu&#8217;ils sont juifs et d&#8217;hommes en partie parce qu&#8217;ils sont musulmans sont des \u00e9v\u00e8nements surgit de nulle part ou \u00ab d&#8217;une autre \u00e9poque \u00bb? C&#8217;est faux, c&#8217;est bien de notre \u00e9poque dont il s&#8217;agit et de son climat.<\/p>\n<p>Ni Claude Gu\u00e9ant, ni Brice Hortefeux, ni Dieudonn\u00e9, ni les dirigeants du Crif, ni Marine Le Pen, ni Nicolas Sarkozy ne sont responsables de ce qui s&#8217;est pass\u00e9 entre le 11 et le 22 mars \u00e0 Toulouse et \u00e0 Montauban. Mais tous ceux-l\u00e0, parmi d&#8217;autres, sont \u00e9videmment comptables du climat de division qui depuis des ann\u00e9es p\u00e8se sur ce pays. Les pauvres, les Roms, les Comoriens, les Arabes pour les uns, les juifs pour les autres, les musulmans pour tous ou presque&#8230; Evidemment, les discours qui stigmatisent, d\u00e9signent, accusent et incriminent l&#8217;Autre &#8211; qu&#8217;il soit coupable d&#8217;\u00eatre fraudeur, \u00e9tranger, un peu trop voil\u00e9e ou pas assez amateur de charcuterie &#8211; n&#8217;ont pas d\u00e9barqu\u00e9s avec l&#8217;\u00e9lection de Sarkozy en 2007. Mais force est d&#8217;admettre qu&#8217;ils se sont largement r\u00e9pandus ces derni\u00e8res ann\u00e9es et qu&#8217;ils ont pris une place centrale dans le d\u00e9bat public. Pr\u00f4nant plus ou moins insidieusement l&#8217;exclusion et la division, ces discours sont devenus r\u00e9currents. Et on s&#8217;est habitu\u00e9 \u00e0 les entendre dans la bouche de certains personnages \u00e0 haute valeur m\u00e9diatique ajout\u00e9e ou dans celle de responsables politiques \u00e9voluant au plus haut sommet de l&#8217;Etat. Ceux-l\u00e0 m\u00eame qui viennent de se f\u00e9liciter de la solidit\u00e9 de l&#8217;unit\u00e9 nationale face \u00e0 la trag\u00e9die survenue en Midi-Pyr\u00e9n\u00e9es.<\/p>\n<p>Des jeunes c\u00e9l\u00e8brent la qualification de l&#8217;Alg\u00e9rie pour la Coupe du monde sur le Vieux Port? Jean-Claude Gaudin, maire de Marseille, \u00e9voque \u00ab <em>les musulmans qui d\u00e9ferlent sur la Canebi\u00e8re<\/em> \u00bb. Dieudonn\u00e9 se veut le h\u00e9raut de la cause palestinienne? Il s&#8217;acoquine avec le FN et invite des n\u00e9gationnistes dans ses spectacles. Le Crif repr\u00e9sente \u00ab <em>les juifs de France<\/em>\u00bb ? Il les conjure de \u00ab <em>faire bloc derri\u00e8re Isra\u00ebl<\/em> \u00bb. Pour Nicolas Sarkozy, \u00ab <em>l&#8217;identit\u00e9 nationale<\/em> \u00bb vaut un minist\u00e8re. Mais pour son ministre de l&#8217;Int\u00e9rieur, toutes les civilisations ne se valent pas. Son pr\u00e9d\u00e9cesseur \u00e0 la place Beauvau avait un jour accueilli un journaliste du <em>Monde<\/em> d&#8217;origine maghr\u00e9bine en lui glissant, sourire en coin, \u00ab <em>vous avez vos papiers?<\/em> \u00bb. En 2012, Le Pen, 80 ans pass\u00e9s, cite sans fr\u00e9mir le collabo antis\u00e9mite Brasillach. Hallal, caricatures&#8230; on en passe et des plus \u00e2cres. N&#8217;en d\u00e9plaise au Pr\u00e9sident, \u00e7a s&#8217;appelle un climat pourri.<br \/>\nGaudin, Dieudonn\u00e9, Prasquier, Sarkozy, Gu\u00e9ant, Hortefeux et la famille Le Pen savent bien que les mots ont un sens. Ils savent aussi &#8211; aid\u00e9s en cela de m\u00e9dias irresponsables, avides de formules choc mais bien peu soucieux de les d\u00e9construire et de les interpr\u00e9ter politiquement &#8211; semer la confusion dans les esprits de leurs concitoyens. <\/p>\n<p>Mohamed Merah \u00e9tait-il un fou, lui qui a poursuivi une petite fille dans une cour d&#8217;\u00e9cole, l&#8217;a attrap\u00e9 par les cheveux et lui a log\u00e9 une balle dans la t\u00eate \u00e0 bout touchant? C&#8217;\u00e9tait, \u00e0 coup s\u00fbr, un esprit fragile et influen\u00e7able. Et la part de responsabilit\u00e9 de ceux qui l&#8217;ont recrut\u00e9, fanatis\u00e9, entra\u00een\u00e9 et arm\u00e9 est donc essentielle, il n&#8217;est pas ici question de perdre cela de vue. Mais sachons dire aussi que le climat vici\u00e9 de ces derni\u00e8res ann\u00e9es n&#8217;a pu que conforter, dans de tels esprits, l&#8217;id\u00e9e, sans cesse r\u00e9p\u00e9t\u00e9e et accr\u00e9dit\u00e9e par les djihadistes, qu&#8217;un &#8220;choc des civilisations&#8221; est \u00e0 l&#8217;\u0153uvre. <\/p>\n<p>Un gamin turbulent &#8220;issu de l&#8217;immigration&#8221; et grandit dans une cit\u00e9 de la R\u00e9publique est, en quelques ann\u00e9es, devenu un tueur capable d&#8217;ex\u00e9cuter de sang-froid des enfants. Agitant le hochet hypocrite de la &#8220;dignit\u00e9&#8221;, les dirigeants politiques du pays refusent aujourd&#8217;hui de se poser les questions qui f\u00e2chent. Et nous ressortent les inusables canevas du terrorisme et de la surench\u00e8re p\u00e9nale pour r\u00e9pondre aux angoisses soulev\u00e9es par la &#8220;tuerie de Toulouse&#8221;. Incapables d&#8217;en tirer le moindre enseignement et continuant \u00e0 jouer avec le feu. <\/p>\n","protected":false},"excerpt":{"rendered":"<p>\u00ab <em>Non, il n&#8217;y a pas en France un climat qui puisse expliquer ces crimes<\/em> \u00bb, a affirm\u00e9 Nicolas Sarkozy jeudi soir lors d&#8217;un meeting \u00e0 Strasbourg. La trag\u00e9die qui vient de se passer en r\u00e9gion toulousaine ne peut pourtant pas \u00eatre analys\u00e9e en faisant abstraction des discours naus\u00e9abonds produits par le chef de l&#8217;Etat et son entourage ces derni\u00e8res ann\u00e9es.<\/p>\n","protected":false},"author":558,"featured_media":0,"comment_status":"open","ping_status":"open","sticky":false,"template":"","format":"standard","meta":{"_themeisle_gutenberg_block_has_review":false,"footnotes":""},"categories":[141],"tags":[],"class_list":["post-5352","post","type-post","status-publish","format-standard","hentry","category-archives-web"],"_links":{"self":[{"href":"https:\/\/archives.regards.fr\/index.php?rest_route=\/wp\/v2\/posts\/5352","targetHints":{"allow":["GET"]}}],"collection":[{"href":"https:\/\/archives.regards.fr\/index.php?rest_route=\/wp\/v2\/posts"}],"about":[{"href":"https:\/\/archives.regards.fr\/index.php?rest_route=\/wp\/v2\/types\/post"}],"author":[{"embeddable":true,"href":"https:\/\/archives.regards.fr\/index.php?rest_route=\/wp\/v2\/users\/558"}],"replies":[{"embeddable":true,"href":"https:\/\/archives.regards.fr\/index.php?rest_route=%2Fwp%2Fv2%2Fcomments&post=5352"}],"version-history":[{"count":0,"href":"https:\/\/archives.regards.fr\/index.php?rest_route=\/wp\/v2\/posts\/5352\/revisions"}],"wp:attachment":[{"href":"https:\/\/archives.regards.fr\/index.php?rest_route=%2Fwp%2Fv2%2Fmedia&parent=5352"}],"wp:term":[{"taxonomy":"category","embeddable":true,"href":"https:\/\/archives.regards.fr\/index.php?rest_route=%2Fwp%2Fv2%2Fcategories&post=5352"},{"taxonomy":"post_tag","embeddable":true,"href":"https:\/\/archives.regards.fr\/index.php?rest_route=%2Fwp%2Fv2%2Ftags&post=5352"}],"curies":[{"name":"wp","href":"https:\/\/api.w.org\/{rel}","templated":true}]}}