{"id":5347,"date":"2012-03-28T08:00:00","date_gmt":"2012-03-28T06:00:00","guid":{"rendered":"https:\/\/wp.muchomaas.com\/travail-defiance-frustration-et5347\/"},"modified":"2023-06-23T23:11:08","modified_gmt":"2023-06-23T21:11:08","slug":"travail-defiance-frustration-et5347","status":"publish","type":"post","link":"https:\/\/archives.regards.fr\/?p=5347","title":{"rendered":"Travail: d\u00e9fiance, frustration et parano\u00efa"},"content":{"rendered":"<p class=\"post_excerpt\">La sociologue Dani\u00e8le<br \/>\nLinhart analyse<br \/>\nles changements<br \/>\nadvenus dans le champ<br \/>\ndu travail au regard des<br \/>\npolitiques et des discours<br \/>\nproduits depuis le d\u00e9but<br \/>\nde la pr\u00e9sidence Sarkozy.<br \/>\nEntretien.<\/p>\n<p><strong>Regards.fr:<\/strong> <strong> <em>En quoi le quinquennat de<br \/>\nNicolas Sarkozy a-t-il chang\u00e9<br \/>\nle monde du travail ?<\/em> <\/strong><\/p>\n<p><strong>Dani\u00e8le Linhart:<\/strong> Les politiques men\u00e9es par<br \/>\nNicolas Sarkozy ont intensifi\u00e9<br \/>\ndes tendances pr\u00e9existantes.<br \/>\nAvec son discours d\u00e9non\u00e7ant le<br \/>\nmanque de travail et de productivit\u00e9<br \/>\ndes salari\u00e9s, il a intensifi\u00e9<br \/>\nle sentiment d&#8217;ill\u00e9gitimit\u00e9 et de<br \/>\nmal-\u00eatre qui existait. En faisant<br \/>\npasser des travailleurs pour des<br \/>\nirresponsables qui ne prennent<br \/>\npas au s\u00e9rieux les enjeux du<br \/>\ntravail, en critiquant de front les<br \/>\n35 heures, les fonctionnaires,<br \/>\nles syndicats\u2026 Durant tout le<br \/>\nquinquennat, le gouvernement<br \/>\na tenu un discours schizophr\u00e8ne,<br \/>\nappelant \u00e0 toujours plus<br \/>\nde travail tout en instaurant des<br \/>\npolitiques d&#8217;\u00e9valuation de plus<br \/>\nen plus arbitraires. Les mesures<br \/>\npolitiques sont all\u00e9es dans le<br \/>\nsens de ce discours de d\u00e9nigrement.<br \/>\nLe non-remplacement<br \/>\nd&#8217;un fonctionnaire sur deux partant<br \/>\n\u00e0 la retraite, cela sous-entend<br \/>\nqu&#8217;un travailleur sur deux<br \/>\nserait tout \u00e0 fait inutile et que<br \/>\nl&#8217;on pourrait donc s&#8217;en passer.<br \/>\nIl faut se rendre compte de la<br \/>\nviolence du message ! \u00c0 c\u00f4t\u00e9<br \/>\nde cela, le gouvernement a multipli\u00e9<br \/>\ndes mesures d&#8217;exception<br \/>\n\u00e0 l&#8217;adresse d&#8217;une frange privil\u00e9gi\u00e9e<br \/>\nde la population.<\/p>\n<p><strong>Regards.fr:<\/strong> <strong> <em>Quelles en ont \u00e9t\u00e9 les<br \/>\ncons\u00e9quences ?<\/em> <\/strong><\/p>\n<p><strong>Dani\u00e8le Linhart:<\/strong> Les discours politiques<br \/>\nmarquent les esprits. \u00c0 force<br \/>\nd&#8217;entendre que les Fran\u00e7ais<br \/>\nne travaillent pas assez, il<br \/>\ns&#8217;est d\u00e9velopp\u00e9 un climat de<br \/>\nd\u00e9fiance, de frustration, de<br \/>\npers\u00e9cution et de parano\u00efa.<br \/>\nChacun a le sentiment de travailler<br \/>\ndur mais comme on nous<br \/>\nr\u00e9p\u00e8te sans cesse que les<br \/>\nautres ne travaillent pas assez,<br \/>\nles Fran\u00e7ais se sont d\u00e9solidaris\u00e9s<br \/>\nles uns des autres. Les<br \/>\nstigmates risquent de rester<br \/>\nun certain temps.<\/p>\n<p><strong>Regards.fr:<\/strong> <strong> <em>Malgr\u00e9 des conditions<br \/>\ndifficiles, les Fran\u00e7ais accordent<br \/>\nau travail une<br \/>\nplace toujours aussi importante<br \/>\ndans leur \u00e9panouissement<br \/>\npersonnel\u2026<\/em> <\/strong><\/p>\n<p><strong>Dani\u00e8le Linhart:<\/strong> C&#8217;est exact. Non seulement la<br \/>\nposture adopt\u00e9e qui consiste<br \/>\n\u00e0 dire que les Fran\u00e7ais ne<br \/>\ns&#8217;int\u00e9ressent pas au travail a<br \/>\neu des effets pervers dans la<br \/>\nperception que les individus<br \/>\nont les uns des autres, mais<br \/>\nelle repose sur de fausses all\u00e9gations.<br \/>\nTous les sp\u00e9cialistes<br \/>\nde la question s&#8217;accordent \u00e0<br \/>\ndire qu&#8217;il existe \u00ab une exception<br \/>\nfran\u00e7aise \u00bb dans le rapport<br \/>\nqu&#8217;entretiennent les Fran\u00e7ais<br \/>\nau travail. Ils font partie des<br \/>\nEurop\u00e9ens qui investissent le<br \/>\nplus la valeur travail, pour qui<br \/>\nil s&#8217;agit d&#8217;un vecteur fondamental<br \/>\nd&#8217;\u00e9panouissement, et qui<br \/>\nsouffrent plus que les autres<br \/>\nde la d\u00e9gradation des conditions<br \/>\nde travail. Le danger<br \/>\nr\u00e9side essentiellement dans la<br \/>\ntension qui existe entre la pr\u00e9carisation<br \/>\ndes conditions de<br \/>\ntravail \u2013 qui s&#8217;intensifie depuis<br \/>\nles ann\u00e9es 1990 et la crise \u2013<br \/>\net les attentes que nourrissent<br \/>\nles Fran\u00e7ais \u00e0 son \u00e9gard. <em>Burn<br \/>\nout<\/em>, suicides, on en \u00e9value<br \/>\naujourd&#8217;hui toute la mesure.<\/p>\n<p><strong>Regards.fr:<\/strong> <strong> <em>Les propositions des candidats<br \/>\n\u00e0 l&#8217;\u00e9lection pr\u00e9sidentielle<br \/>\nvous semblent-elles,<br \/>\n\u00e0 cet \u00e9gard, suffisantes ?<\/em> <\/strong><\/p>\n<p><strong>Dani\u00e8le Linhart:<\/strong> Il y a tr\u00e8s peu de propositions<br \/>\ndans ce domaine et aucune ne<br \/>\ns&#8217;attaque \u00e0 l&#8217;offensive du management<br \/>\npriv\u00e9. Mais ces carences<br \/>\nsont assez anciennes.<br \/>\nIl y a quelques ann\u00e9es, le PCF<br \/>\npourtant \u00ab parti des travailleurs \u00bb<br \/>\nse penchait moins sur le travail,<br \/>\nson organisation et son<br \/>\nv\u00e9cu que sur le ch\u00f4mage et<br \/>\nl&#8217;emploi. C&#8217;est assez repr\u00e9sentatif.<br \/>\nCe qui int\u00e9resse les<br \/>\npartis politiques c&#8217;est la valeur<br \/>\nd&#8217;\u00e9change du travail et non sa<br \/>\nvaleur d&#8217;usage. Le probl\u00e8me se<br \/>\npose \u00e9galement pour les syndicats<br \/>\nqui se focalisent presque<br \/>\nexclusivement sur la souffrance<br \/>\nau travail sans la rattacher \u00e0 sa<br \/>\nsignification politique. Penser<br \/>\nle travail, c&#8217;est penser la vie<br \/>\nau travail, mais aussi la place<br \/>\nque les individus lui attribuent<br \/>\ndans une soci\u00e9t\u00e9 donn\u00e9e.<br \/>\nMalheureusement, c&#8217;est un<br \/>\nimpens\u00e9 politique du moment.<div id='gallery-1' class='gallery galleryid-5347 gallery-columns-3 gallery-size-thumbnail'><figure class='gallery-item'>\n\t\t\t<div class='gallery-icon landscape'>\n\t\t\t\t<a href='https:\/\/archives.regards.fr\/wp-content\/uploads\/2012\/03\/trs-2a7.jpg'><img loading=\"lazy\" decoding=\"async\" width=\"150\" height=\"150\" src=\"https:\/\/archives.regards.fr\/wp-content\/uploads\/2012\/03\/trs-2a7-150x150.jpg\" class=\"attachment-thumbnail size-thumbnail\" alt=\"Travail: d\u00e9fiance, frustration et parano\u00efa\" aria-describedby=\"gallery-1-16156\" \/><\/a>\n\t\t\t<\/div>\n\t\t\t\t<figcaption class='wp-caption-text gallery-caption' id='gallery-1-16156'>\n\t\t\t\tTravail: d\u00e9fiance, frustration et parano\u00efa\n\t\t\t\t<\/figcaption><\/figure><figure class='gallery-item'>\n\t\t\t<div class='gallery-icon landscape'>\n\t\t\t\t<a href='https:\/\/archives.regards.fr\/wp-content\/uploads\/2012\/03\/trc-4a9.jpg'><img loading=\"lazy\" decoding=\"async\" width=\"80\" height=\"55\" src=\"https:\/\/archives.regards.fr\/wp-content\/uploads\/2012\/03\/trc-4a9.jpg\" class=\"attachment-thumbnail size-thumbnail\" alt=\"Travail: d\u00e9fiance, frustration et parano\u00efa\" aria-describedby=\"gallery-1-16157\" \/><\/a>\n\t\t\t<\/div>\n\t\t\t\t<figcaption class='wp-caption-text gallery-caption' id='gallery-1-16157'>\n\t\t\t\tTravail: d\u00e9fiance, frustration et parano\u00efa\n\t\t\t\t<\/figcaption><\/figure>\n\t\t<\/div>\n<\/p>\n","protected":false},"excerpt":{"rendered":"<p>La sociologue Dani\u00e8le<br \/>\nLinhart analyse<br \/>\nles changements<br \/>\nadvenus dans le champ<br \/>\ndu travail au regard des<br \/>\npolitiques et des discours<br \/>\nproduits depuis le d\u00e9but<br \/>\nde la pr\u00e9sidence Sarkozy.<br \/>\nEntretien.<\/p>\n","protected":false},"author":1,"featured_media":16156,"comment_status":"open","ping_status":"open","sticky":false,"template":"","format":"standard","meta":{"_themeisle_gutenberg_block_has_review":false,"footnotes":""},"categories":[141],"tags":[293],"class_list":["post-5347","post","type-post","status-publish","format-standard","has-post-thumbnail","hentry","category-archives-web","tag-entretien"],"_links":{"self":[{"href":"https:\/\/archives.regards.fr\/index.php?rest_route=\/wp\/v2\/posts\/5347","targetHints":{"allow":["GET"]}}],"collection":[{"href":"https:\/\/archives.regards.fr\/index.php?rest_route=\/wp\/v2\/posts"}],"about":[{"href":"https:\/\/archives.regards.fr\/index.php?rest_route=\/wp\/v2\/types\/post"}],"author":[{"embeddable":true,"href":"https:\/\/archives.regards.fr\/index.php?rest_route=\/wp\/v2\/users\/1"}],"replies":[{"embeddable":true,"href":"https:\/\/archives.regards.fr\/index.php?rest_route=%2Fwp%2Fv2%2Fcomments&post=5347"}],"version-history":[{"count":0,"href":"https:\/\/archives.regards.fr\/index.php?rest_route=\/wp\/v2\/posts\/5347\/revisions"}],"wp:featuredmedia":[{"embeddable":true,"href":"https:\/\/archives.regards.fr\/index.php?rest_route=\/wp\/v2\/media\/16156"}],"wp:attachment":[{"href":"https:\/\/archives.regards.fr\/index.php?rest_route=%2Fwp%2Fv2%2Fmedia&parent=5347"}],"wp:term":[{"taxonomy":"category","embeddable":true,"href":"https:\/\/archives.regards.fr\/index.php?rest_route=%2Fwp%2Fv2%2Fcategories&post=5347"},{"taxonomy":"post_tag","embeddable":true,"href":"https:\/\/archives.regards.fr\/index.php?rest_route=%2Fwp%2Fv2%2Ftags&post=5347"}],"curies":[{"name":"wp","href":"https:\/\/api.w.org\/{rel}","templated":true}]}}