{"id":5346,"date":"2012-03-25T08:00:00","date_gmt":"2012-03-25T06:00:00","guid":{"rendered":"https:\/\/wp.muchomaas.com\/la-democratie-confisquee5346\/"},"modified":"2023-06-23T23:11:08","modified_gmt":"2023-06-23T21:11:08","slug":"la-democratie-confisquee5346","status":"publish","type":"post","link":"https:\/\/archives.regards.fr\/?p=5346","title":{"rendered":"La d\u00e9mocratie confisqu\u00e9e"},"content":{"rendered":"<p class=\"post_excerpt\">D\u00e9sireux de soustraire<br \/>\nla politique<br \/>\n\u00e9conomique au<br \/>\nd\u00e9bat d\u00e9mocratique, Nicolas<br \/>\nSarkozy donnerait le<br \/>\nchange en affectant d&#8217;y<br \/>\nsoumettre la politique d&#8217;immigration; comme si le<br \/>\npopulisme x\u00e9nophobe pouvait<br \/>\nfaire avaler la pilule<br \/>\nimpopulaire de la rigueur.<br \/>\nC&#8217;est pour cette raison qu\u2019il<br \/>\na fallu priver les Grecs d&#8217;un<br \/>\nr\u00e9f\u00e9rendum sur la politique<br \/>\nd\u2019aust\u00e9rit\u00e9, et qu\u2019il convient<br \/>\naujourd&#8217;hui, pour r\u00e9duire<br \/>\nles droits des \u00e9trangers, de<br \/>\nproposer un r\u00e9f\u00e9rendum<br \/>\naux Fran\u00e7ais.<\/p>\n<p>\u00c0 l\u2019\u00e9t\u00e9 2008, lorsqu\u2019ils ont pris<br \/>\nla mesure du marasme qu\u2019allait<br \/>\nproduire la crise financi\u00e8re, certains<br \/>\ndirigeants europ\u00e9ens se<br \/>\nsont h\u00e2t\u00e9s d\u2019afficher la r\u00e9probation<br \/>\nque leur aurait toujours<br \/>\ninspir\u00e9e la d\u00e9r\u00e9gulation des flux<br \/>\nfinanciers. Dans cet exercice<br \/>\nacrobatique, Nicolas Sarkozy a<br \/>\nfait preuve d\u2019un aplomb particulier,<br \/>\nn\u2019h\u00e9sitant pas \u00e0 se poser en<br \/>\nmoralisateur du capitalisme : il<br \/>\nconviendrait de s\u2019opposer \u00e0 des<br \/>\nmarch\u00e9s financiers dont la \u00ab dictature<br \/>\n\u00bb contraint les entreprises<br \/>\n\u00e0 subordonner leur profitabilit\u00e9<br \/>\np\u00e9renne au rendement imm\u00e9diat.<\/p>\n<p>Toutefois, quelques mois plus<br \/>\ntard, le pr\u00e9sident fran\u00e7ais ne<br \/>\nse fait d\u00e9j\u00e0 aucune illusion sur<br \/>\nson aptitude \u00e0 tenir ses engagements<br \/>\n\u2013 qu\u2019il s\u2019agisse de la<br \/>\nstimulation d\u2019une croissance<br \/>\n\u00ab verte \u00bb ou de la r\u00e9habilitation<br \/>\nd\u2019un \u00c9tat r\u00e9gulateur. D\u00e8s le<br \/>\nprintemps 2009, les brasseurs<br \/>\nde capitaux estiment en effet<br \/>\nque les rodomontades des dirigeants<br \/>\nont assez dur\u00e9. Inquiets<br \/>\ndu retour en gr\u00e2ce des politiques<br \/>\nkeyn\u00e9siennes, ils d\u00e9cident<br \/>\nde mettre un terme aux<br \/>\nprojets de r\u00e9gulation de leurs<br \/>\npratiques et surtout aux vell\u00e9it\u00e9s<br \/>\nde refondation du capitalisme.<\/p>\n<p>Pour restaurer le monde d\u2019avant<br \/>\n2008, les pr\u00eateurs commencent<br \/>\npar exiger des gouvernements<br \/>\nqui viennent de les renflouer<br \/>\nqu\u2019ils renoncent \u00e0 toute politique<br \/>\nde relance pour se consacrer<br \/>\nexclusivement \u00e0 la r\u00e9sorption<br \/>\ndes d\u00e9ficits publics. Or les<br \/>\n\u00c9tats europ\u00e9ens sont particuli\u00e8rement<br \/>\nvuln\u00e9rables \u00e0 cette<br \/>\npression : depuis trente ans, ils<br \/>\nont largement financ\u00e9 l\u2019entretien<br \/>\ndes m\u00e9canismes de solidarit\u00e9<br \/>\nen empruntant sur les march\u00e9s<br \/>\nfinanciers. Ceux-ci sont donc en<br \/>\nmesure de dicter leur volont\u00e9 : il suffit qu\u2019ils menacent de relever<br \/>\nle taux d\u2019int\u00e9r\u00eat de leurs<br \/>\npr\u00eats pour convaincre les \u00c9tats<br \/>\nde l\u2019UE que le vrai \u00ab courage \u00bb<br \/>\nne consiste pas \u00e0 moraliser le<br \/>\ncapitalisme mais bien \u00e0 imposer<br \/>\nune cure d\u2019aust\u00e9rit\u00e9 sans pr\u00e9c\u00e9dent<br \/>\n\u00e0 leurs populations.<\/p>\n<p>Sans doute sait-on que pour<br \/>\ndes \u00e9conomies mal remises de<br \/>\nla crise de 2008, les politiques<br \/>\nde rigueur impos\u00e9es par les<br \/>\nmarch\u00e9s ne peuvent qu\u2019entra\u00eener<br \/>\nune nouvelle r\u00e9cession :<br \/>\ndes commentateurs z\u00e9l\u00e9s ont<br \/>\nbeau affirmer que la r\u00e9sorption<br \/>\ndes dettes publiques ram\u00e8nera<br \/>\nune confiance n\u00e9cessaire \u00e0 la<br \/>\nreprise, ces m\u00e9decins adeptes<br \/>\nde la purge r\u00e9g\u00e9n\u00e9ratrice ne<br \/>\ntrompent personne. Doit-on en<br \/>\nconclure que pour pr\u00e9server<br \/>\nla rentabilit\u00e9 de leurs op\u00e9rations,<br \/>\nles bailleurs de fonds ont<br \/>\nr\u00e9solu d\u2019entra\u00eener l\u2019\u00e9conomie<br \/>\neurop\u00e9enne dans une spirale<br \/>\nd\u00e9pressive \u2013 quitte, in fine, \u00e0<br \/>\nsombrer avec elle ? Nullement.<br \/>\nL\u2019irrationalit\u00e9 souvent imput\u00e9e<br \/>\naux march\u00e9s ne r\u00e9siste gu\u00e8re<br \/>\nmieux \u00e0 l\u2019analyse que l\u2019efficience<br \/>\nqui leur a \u00e9t\u00e9 attribu\u00e9e pendant<br \/>\ntrois d\u00e9cennies. Car \u00e0 d\u00e9faut<br \/>\nd\u2019\u00eatre b\u00e9n\u00e9fique pour l\u2019ensemble<br \/>\nde la soci\u00e9t\u00e9, la gestion<br \/>\ndes krachs cons\u00e9cutifs \u00e0 l\u2019\u00e9clatement<br \/>\ndes bulles pr\u00e9c\u00e9dentes,<br \/>\nfond\u00e9e sur la socialisation des<br \/>\npertes, a bien permis le retour<br \/>\ndu statu quo ante. Pourquoi en<br \/>\nirait-il autrement aujourd\u2019hui,<br \/>\nd\u00e8s lors que le monde politique<br \/>\nfait sa part de travail en persuadant<br \/>\nses administr\u00e9s qu\u2019il n\u2019y a<br \/>\npas d\u2019alternative ?<\/p>\n<p>Si la restauration vis\u00e9e passe<br \/>\npar une phase de r\u00e9cession,<br \/>\ncelle-ci n\u2019est \u00e9videmment pas<br \/>\nune fin en soi. Une fois que les<br \/>\nplans de rigueur auront fait leur<br \/>\noeuvre, la hausse du ch\u00f4mage<br \/>\net le ralentissement de l\u2019activit\u00e9<br \/>\n\u00e9conomique qu\u2019ils auront<br \/>\nengendr\u00e9s deviendront l\u2019objet<br \/>\nprincipal de l\u2019inqui\u00e9tude des<br \/>\ninvestisseurs : ce retournement<br \/>\na d\u2019ailleurs d\u00e9but\u00e9. Bient\u00f4t les<br \/>\nmarch\u00e9s n\u2019exigeront plus de<br \/>\nl\u2019aust\u00e9rit\u00e9, mais au contraire<br \/>\nde vigoureuses mesures de<br \/>\nrelance. Est-ce \u00e0 dire que le<br \/>\ntemps sera alors venu de mettre<br \/>\nen oeuvre le capitalisme r\u00e9nov\u00e9<br \/>\npromis par Nicolas Sarkozy \u00e0<br \/>\nl\u2019\u00e9t\u00e9 2008 ? Certes non : parce<br \/>\nque les investissements n\u00e9cessaires<br \/>\n\u00e0 une telle aventure ne<br \/>\nseraient pas rentables \u00e0 court<br \/>\nterme, les investisseurs refuseront<br \/>\nd\u2019y consacrer les fonds<br \/>\ndont ils disposent. En revanche,<br \/>\nils estimeront le moment propice<br \/>\nau retour d\u2019un endettement<br \/>\npriv\u00e9 soumis aux crit\u00e8res de<br \/>\nrendement qui ont fait les beaux<br \/>\njours des march\u00e9s financiers<br \/>\navant les subprimes\u2026<\/p>\n<h2>R\u00e8gle d&#8217;or<\/h2>\n<p>Dans l\u2019intervalle, il incombe aux<br \/>\ngouvernements de mieux prot\u00e9ger<br \/>\nleur t\u00eate-\u00e0-t\u00eate avec les<br \/>\npourvoyeurs de cr\u00e9dits contre<br \/>\nles \u00e9lecteurs m\u00e9contents. Ainsi<br \/>\nest apparu le projet de r\u00e9viser<br \/>\nune nouvelle fois le Trait\u00e9<br \/>\nde l\u2019Union europ\u00e9enne pour y<br \/>\ninclure la fameuse \u00ab r\u00e8gle d\u2019or \u00bb<br \/>\nqui l\u00e8verait le principal obstacle<br \/>\nau r\u00e9tablissement du monde<br \/>\nd\u2019avant 2008, \u00e0 savoir le maintien<br \/>\nde la politique budg\u00e9taire<br \/>\ndans le champ du d\u00e9bat d\u00e9mocratique.<br \/>\nSans doute ne s\u2019agit-il<br \/>\npas l\u00e0 d\u2019une grande innovation,<br \/>\ntant les conditions d\u2019entretien<br \/>\nde la comp\u00e9titivit\u00e9 d\u2019une nation<br \/>\nn\u2019offraient d\u00e9j\u00e0 plus beaucoup<br \/>\nde marges de manoeuvre. Cependant,<br \/>\nil s\u2019agit \u00e0 pr\u00e9sent de<br \/>\npasser d\u2019une discipline respect\u00e9e<br \/>\nen fait \u00e0 une liquidation de<br \/>\nla d\u00e9mocratie sanctionn\u00e9e en<br \/>\ndroit. La diff\u00e9rence n\u2019est donc pas n\u00e9gligeable : conform\u00e9ment<br \/>\nau r\u00eave jadis caress\u00e9 par l\u2019\u00e9conomiste<br \/>\nFriedrich Hayek, en<br \/>\nEurope, les passions populaires<br \/>\ncesseraient enfin de menacer la<br \/>\nlibert\u00e9 des \u00e9pargnants.<\/p>\n<p>Pour atteindre cet id\u00e9al, la<br \/>\nchanceli\u00e8re allemande et le<br \/>\npr\u00e9sident fran\u00e7ais ont certes<br \/>\nuni leurs efforts mais non sans<br \/>\npr\u00f4ner des cheminements tr\u00e8s<br \/>\ncontrast\u00e9s. Angela Merkel s\u2019est<br \/>\nmontr\u00e9e fid\u00e8le \u00e0 l\u2019orthodoxie<br \/>\n\u00ab ordolib\u00e9rale \u00bb, du nom de<br \/>\nl\u2019\u00e9cole de pens\u00e9e qui a jet\u00e9 les<br \/>\nbases de la R\u00e9publique f\u00e9d\u00e9rale<br \/>\napr\u00e8s 1945. Pour ses figures<br \/>\nde proue, le strict encadrement<br \/>\ndes questions soumises \u00e0 la<br \/>\nd\u00e9lib\u00e9ration d\u00e9mocratique proc\u00e8de<br \/>\navant tout d\u2019une bonne organisation<br \/>\nde l\u2019\u00c9tat de droit. Celui-<br \/>\nci doit non seulement donner<br \/>\nune force constitutionnelle \u00e0<br \/>\ncertaines contraintes pesant<br \/>\nsur l\u2019initiative des repr\u00e9sentants<br \/>\ndu peuple mais aussi assurer<br \/>\nl\u2019ind\u00e9pendance des institutions<br \/>\ncharg\u00e9es de leur entretien et<br \/>\nenfin confier la r\u00e9pression de<br \/>\nleurs \u00e9ventuelles transgressions<br \/>\nau pouvoir judiciaire : en<br \/>\nl\u2019occurrence, il s\u2019agirait d\u2019interdire<br \/>\naux gouvernements europ\u00e9ens<br \/>\nde creuser les d\u00e9ficits<br \/>\npublics, de confirmer la Banque<br \/>\ncentrale europ\u00e9enne dans son<br \/>\nr\u00f4le exclusif de gardienne de la<br \/>\nstabilit\u00e9 des prix et d\u2019autoriser<br \/>\nla Cour europ\u00e9enne de justice<br \/>\n\u00e0 s\u00e9vir contre les dirigeants<br \/>\nexcessivement dispendieux.<\/p>\n<h2>Renforcer l&#8217;ex\u00e9cutif<\/h2>\n<p>En revanche, la voie choisie<br \/>\nen France renforce les privil\u00e8ges<br \/>\nde l\u2019ex\u00e9cutif. Loin que<br \/>\nle pouvoir politique affecte de<br \/>\nse retirer derri\u00e8re la loi et les<br \/>\ninstitutions, Nicolas Sarkozy<br \/>\nentend le concentrer dans les<br \/>\nmains des gouvernants : il se<br \/>\npropose \u00e0 cette fin de limiter<br \/>\ntant les intrusions de l\u2019\u00e9lectorat<br \/>\nque la surveillance exerc\u00e9e<br \/>\npar la justice et par tous<br \/>\nles contre-pouvoirs. Aussi le<br \/>\nchef de l\u2019\u00c9tat fran\u00e7ais se fait-il<br \/>\nle promoteur d\u2019une Europe<br \/>\nintergouvernementale o\u00f9 la<br \/>\ngestion de la r\u00e8gle d\u2019or proc\u00e9derait<br \/>\nd\u2019un dialogue aussi ininterrompu<br \/>\nqu\u2019exclusif entre les<br \/>\nchefs d\u2019\u00c9tat ou de gouvernement<br \/>\net les repr\u00e9sentants des<br \/>\nmarch\u00e9s financiers.<\/p>\n<p>Si la profonde divergence entre<br \/>\nles deux approches n\u2019emp\u00eache<br \/>\npas n\u00e9cessairement leurs promoteurs<br \/>\nde s\u2019accorder sur la<br \/>\nr\u00e9daction d\u2019un nouveau Trait\u00e9<br \/>\neurop\u00e9en, pour autant, la mani\u00e8re<br \/>\nsp\u00e9cifique dont chacun<br \/>\nd\u2019eux s\u2019emploie \u00e0 restaurer<br \/>\nl\u2019empire des march\u00e9s financiers<br \/>\nn\u2019est pas sans cons\u00e9quence<br \/>\nsur les autres aspects de sa<br \/>\npolitique int\u00e9rieure. Ainsi, dans<br \/>\nle cas d\u2019Angela Merkel, l\u2019imposition<br \/>\nde la \u00ab r\u00e8gle d\u2019or \u00bb est<br \/>\nfigur\u00e9e comme un exercice de<br \/>\nmodestie gouvernementale \u2013<br \/>\nsoumission de l\u2019ex\u00e9cutif \u00e0 la loi,<br \/>\nlimitation de ses pr\u00e9rogatives<br \/>\nau profit d\u2019institutions ind\u00e9pendantes,<br \/>\nexposition de ses<br \/>\nactions \u00e0 la surveillance et aux<br \/>\nsanctions du pouvoir judiciaire.<br \/>\nAutrement dit, les dirigeants de<br \/>\nBerlin mettent en sc\u00e8ne l\u2019aust\u00e9rit\u00e9<br \/>\ncomme une discipline qui ne<br \/>\nr\u00e9duit pas moins leurs propres<br \/>\nmarges de manoeuvre que les<br \/>\nservices et la protection dont<br \/>\nb\u00e9n\u00e9ficient les gouvern\u00e9s.<\/p>\n<p>\u00c0 l\u2019inverse, Nicolas Sarkozy<br \/>\nne pr\u00e9sente pas l\u2019\u00e9volution<br \/>\nqu\u2019il promeut comme une<br \/>\navanc\u00e9e de l\u2019\u00c9tat de droit mais plut\u00f4t comme l\u2019imposition d\u2019une<br \/>\nforme d\u2019\u00e9tat d\u2019urgence. Aussi<br \/>\nse pose-t-il en sauveur hyperactif<br \/>\nde son peuple angoiss\u00e9<br \/>\nplut\u00f4t qu\u2019en agent pond\u00e9r\u00e9 des<br \/>\nprogr\u00e8s de la loi sur l\u2019arbitraire<br \/>\net la d\u00e9magogie. Reste que le<br \/>\nsauvetage dont il se cr\u00e9dite<br \/>\net les sacrifices qu\u2019il r\u00e9clame<br \/>\nen son nom se traduisent bien<br \/>\ndavantage par un sentiment<br \/>\nde pr\u00e9carit\u00e9, et non de s\u00e9curit\u00e9,<br \/>\npour ses concitoyens.<\/p>\n<p>Aussi, pour donner l\u2019impression<br \/>\nqu\u2019il prot\u00e8ge la population<br \/>\nde quelque chose, \u00e9prouve-t-<br \/>\nil plus que jamais le besoin<br \/>\nd\u2019agiter la menace imaginaire<br \/>\nde l\u2019immigration incontr\u00f4l\u00e9e. En<br \/>\nr\u00e9sulte la fuite en avant orchestr\u00e9e<br \/>\npar le ministre de l\u2019Int\u00e9rieur<br \/>\nClaude Gu\u00e9ant, alors m\u00eame<br \/>\nque le gouvernement allemand<br \/>\nadmet la n\u00e9cessit\u00e9 d\u2019am\u00e9liorer<br \/>\nl\u2019attractivit\u00e9 de son pays pour la<br \/>\nmain-d\u2019\u0153uvre \u00e9trang\u00e8re.<\/p>\n<p>Sans doute la tentation de stigmatiser<br \/>\nles immigr\u00e9s a-t-elle<br \/>\n\u00e9galement habit\u00e9 Angela Merkel<br \/>\n: soucieuse de d\u00e9tourner la<br \/>\nx\u00e9nophobie montante vers des<br \/>\ncibles moins europ\u00e9ennes que<br \/>\nles Grecs, les Italiens ou les Espagnols,<br \/>\nelle s\u2019est bri\u00e8vement<br \/>\nlanc\u00e9e dans une d\u00e9nonciation<br \/>\ndu multiculturalisme \u2013 couplet<br \/>\nbient\u00f4t repris par le premier ministre<br \/>\nbritannique David Cameron<br \/>\net le chef de l\u2019\u00c9tat fran\u00e7ais.<br \/>\nToutefois, tant la forte r\u00e9action<br \/>\ndes grandes consciences allemandes<br \/>\nque l\u2019impact du massacre<br \/>\ncommis par Anders Breivink ont<br \/>\nrapidement convaincu la chanceli\u00e8re<br \/>\nd\u2019abandonner ce terrain<br \/>\nmin\u00e9 pour endosser la d\u00e9froque<br \/>\nd\u2019une championne intransigeante<br \/>\nde l\u2019\u00c9tat de droit. En revanche,<br \/>\nle drame norv\u00e9gien n\u2019a<br \/>\npas dissuad\u00e9 Nicolas Sarkozy<br \/>\nde surench\u00e9rir dans l\u2019agitation<br \/>\ndu p\u00e9ril migratoire \u2013 bien au<br \/>\ncontraire. D\u00e9cid\u00e9 \u00e0 renforcer<br \/>\nles privil\u00e8ges de l\u2019ex\u00e9cutif afin<br \/>\nde masquer combien il est<br \/>\nfaible avec les forts, pour projeter<br \/>\nune image de protecteur de<br \/>\nla nation, il doit se montrer toujours<br \/>\nplus fort avec les faibles :<br \/>\nainsi s\u2019explique la fuite en avant<br \/>\nd\u2019une droite fran\u00e7aise chaque<br \/>\njour plus \u00e9hont\u00e9e.<div id='gallery-1' class='gallery galleryid-5346 gallery-columns-3 gallery-size-thumbnail'><figure class='gallery-item'>\n\t\t\t<div class='gallery-icon landscape'>\n\t\t\t\t<a href='https:\/\/archives.regards.fr\/wp-content\/uploads\/2012\/03\/sm-9f8.jpg'><img loading=\"lazy\" decoding=\"async\" width=\"150\" height=\"150\" src=\"https:\/\/archives.regards.fr\/wp-content\/uploads\/2012\/03\/sm-9f8-150x150.jpg\" class=\"attachment-thumbnail size-thumbnail\" alt=\"sm.jpg\" \/><\/a>\n\t\t\t<\/div><\/figure>\n\t\t<\/div>\n<\/p>\n","protected":false},"excerpt":{"rendered":"<p>D\u00e9sireux de soustraire<br \/>\nla politique<br \/>\n\u00e9conomique au<br \/>\nd\u00e9bat d\u00e9mocratique, Nicolas<br \/>\nSarkozy donnerait le<br \/>\nchange en affectant d&#8217;y<br \/>\nsoumettre la politique d&#8217;immigration; comme si le<br \/>\npopulisme x\u00e9nophobe pouvait<br \/>\nfaire avaler la pilule<br \/>\nimpopulaire de la rigueur.<br \/>\nC&#8217;est pour cette raison qu\u2019il<br \/>\na fallu priver les Grecs d&#8217;un<br \/>\nr\u00e9f\u00e9rendum sur la politique<br \/>\nd\u2019aust\u00e9rit\u00e9, et qu\u2019il convient<br \/>\naujourd&#8217;hui, pour r\u00e9duire<br \/>\nles droits des \u00e9trangers, de<br \/>\nproposer un r\u00e9f\u00e9rendum<br \/>\naux Fran\u00e7ais.<\/p>\n","protected":false},"author":1,"featured_media":16154,"comment_status":"open","ping_status":"open","sticky":false,"template":"","format":"standard","meta":{"_themeisle_gutenberg_block_has_review":false,"footnotes":""},"categories":[141],"tags":[],"class_list":["post-5346","post","type-post","status-publish","format-standard","has-post-thumbnail","hentry","category-archives-web"],"_links":{"self":[{"href":"https:\/\/archives.regards.fr\/index.php?rest_route=\/wp\/v2\/posts\/5346","targetHints":{"allow":["GET"]}}],"collection":[{"href":"https:\/\/archives.regards.fr\/index.php?rest_route=\/wp\/v2\/posts"}],"about":[{"href":"https:\/\/archives.regards.fr\/index.php?rest_route=\/wp\/v2\/types\/post"}],"author":[{"embeddable":true,"href":"https:\/\/archives.regards.fr\/index.php?rest_route=\/wp\/v2\/users\/1"}],"replies":[{"embeddable":true,"href":"https:\/\/archives.regards.fr\/index.php?rest_route=%2Fwp%2Fv2%2Fcomments&post=5346"}],"version-history":[{"count":0,"href":"https:\/\/archives.regards.fr\/index.php?rest_route=\/wp\/v2\/posts\/5346\/revisions"}],"wp:featuredmedia":[{"embeddable":true,"href":"https:\/\/archives.regards.fr\/index.php?rest_route=\/wp\/v2\/media\/16154"}],"wp:attachment":[{"href":"https:\/\/archives.regards.fr\/index.php?rest_route=%2Fwp%2Fv2%2Fmedia&parent=5346"}],"wp:term":[{"taxonomy":"category","embeddable":true,"href":"https:\/\/archives.regards.fr\/index.php?rest_route=%2Fwp%2Fv2%2Fcategories&post=5346"},{"taxonomy":"post_tag","embeddable":true,"href":"https:\/\/archives.regards.fr\/index.php?rest_route=%2Fwp%2Fv2%2Ftags&post=5346"}],"curies":[{"name":"wp","href":"https:\/\/api.w.org\/{rel}","templated":true}]}}