{"id":5345,"date":"2012-03-22T09:50:10","date_gmt":"2012-03-22T08:50:10","guid":{"rendered":"https:\/\/wp.muchomaas.com\/la-rupture-de-la-decence5345\/"},"modified":"2023-06-23T23:11:07","modified_gmt":"2023-06-23T21:11:07","slug":"la-rupture-de-la-decence5345","status":"publish","type":"post","link":"https:\/\/archives.regards.fr\/?p=5345","title":{"rendered":"\u00ab La rupture de la d\u00e9cence\u00bb"},"content":{"rendered":"<p class=\"post_excerpt\">Au terme du mandat<br \/>\npr\u00e9sidentiel,<br \/>\nles sociologues<br \/>\nMichel Pin\u00e7on et Monique<br \/>\nPin\u00e7on-Charlot reviennent<br \/>\nsur les principales mesures<br \/>\nqui ont valu \u00e0 Nicolas<br \/>\nSarkozy son titre de \u00ab Pr\u00e9sident<br \/>\ndes riches \u00bb. Entretien.<\/p>\n<p><strong>Regards.fr:<\/strong> <strong> <em>Nicolas Sarkozy, qui a tourn\u00e9<br \/>\nla page du bling-bling,<br \/>\na-t-il vari\u00e9 dans la politique<br \/>\nqu\u2019il m\u00e8ne \u00e0 l\u2019\u00e9gard des<br \/>\nriches ?<\/em> <\/strong><\/p>\n<p><strong>Michel Pin\u00e7on et Monique<br \/>\nPin\u00e7on-Charlot:<\/strong> Non. Cet abandon de l\u2019exhibitionnisme<br \/>\nlib\u00e9ral, de ce culte<br \/>\nde l\u2019argent des premiers mois<br \/>\ndu quinquennat, n\u2019avait pas<br \/>\npour objet ou pour cause une<br \/>\nsoudaine conversion au social.<br \/>\nC\u2019\u00e9tait plut\u00f4t une tentative d\u2019infl\u00e9chir<br \/>\ndes sondages d\u2019opinion<br \/>\nqui annon\u00e7aient la d\u00e9b\u00e2cle.<br \/>\nLa rupture qui \u00e9tait un axe du<br \/>\nprogramme sarkozien avait bien<br \/>\nlieu, mais elle \u00e9tait celle de<br \/>\nla d\u00e9cence. L\u2019ind\u00e9cence des<br \/>\npropos tenus, des postures,<br \/>\ndes mimiques, des intonations<br \/>\n\u00e9tait sans doute inspir\u00e9e par un<br \/>\nvague populisme, d\u2019autant plus<br \/>\nvague que Nicolas Sarkozy est<br \/>\ntr\u00e8s loin dans l\u2019espace social<br \/>\ncomme dans l\u2019espace urbain<br \/>\ndes cat\u00e9gories sociales qu\u2019il<br \/>\nentendait peut-\u00eatre s\u00e9duire<br \/>\navec ce vrai-faux parler de ceux<br \/>\nqui veulent \u00ab faire peuple \u00bb. Ses<br \/>\nattitudes corporelles et langagi\u00e8res<br \/>\navaient peu \u00e0 voir en<br \/>\nr\u00e9alit\u00e9 avec les fa\u00e7ons et les<br \/>\nparlers des gens modestes. Par<br \/>\nailleurs, le gavroche caricatural<br \/>\npar son manque de connaissance<br \/>\ndu sujet \u00e0 imiter s\u2019acoquinait<br \/>\ndans le m\u00eame temps beaucoup<br \/>\ntrop visiblement avec les<br \/>\n\u00ab gav\u00e9s \u00bb du lib\u00e9ralisme. Cette<br \/>\nincoh\u00e9rence a tr\u00e8s vite fait<br \/>\npercevoir le c\u00f4t\u00e9 bonimenteur<br \/>\nd\u2019un Nicolas Sarkozy de moins<br \/>\nen moins cr\u00e9dible en tant que<br \/>\npr\u00e9sident de la R\u00e9publique.<\/p>\n<p><strong>Regards.fr:<\/strong> <strong> <em>Pouvez-vous retracer la<br \/>\nchronologie des mesures<br \/>\n\u00e0 l\u2019avantage des plus favoris\u00e9s ?<\/em> <\/strong><\/p>\n<p><strong>M. Pin\u00e7on et M.<br \/>\nPin\u00e7on-Charlot:<\/strong> Difficilement, car les mesures<br \/>\ns\u2019entrecroisent de mani\u00e8re<br \/>\n\u00e0 rendre ces avantages peu<br \/>\nperceptibles. Ainsi la suppression<br \/>\ndu bouclier fiscal a \u00e9t\u00e9<br \/>\naccompagn\u00e9e d\u2019une r\u00e9forme<br \/>\nde l\u2019imp\u00f4t de solidarit\u00e9 sur la<br \/>\nfortune (ISF). Cette suppression<br \/>\na co\u00fbt\u00e9 quelque 600 millions<br \/>\nd\u2019euros aux plus riches. Le<br \/>\nseuil de l\u2019ISF \u00e9tant relev\u00e9 et les<br \/>\ntaux d\u2019imposition \u00e9tant abaiss\u00e9s,<br \/>\nau m\u00eame moment, il s\u2019en est suivi une diminution importante<br \/>\ndu nombre des assujettis.<br \/>\nIls \u00e9taient 562 000 en 2010, ils<br \/>\nsont 300 000 de moins pour<br \/>\nl\u2019exercice 2011. Pour les contribuables<br \/>\nqui restent redevables<br \/>\n\u00e0 l\u2019ISF, le taux d\u2019imposition sur<br \/>\nla derni\u00e8re tranche passera de<br \/>\n1,8 % \u00e0 0,5 %, ce qui all\u00e8ge<br \/>\nconsid\u00e9rablement leur imp\u00f4t.<br \/>\nLa pression fiscale sur les plus<br \/>\nnantis a baiss\u00e9 de pr\u00e8s de deux<br \/>\nmilliards d\u2019euros. Le solde est<br \/>\npositif : les plus riches paient<br \/>\nmoins d\u2019imp\u00f4ts apr\u00e8s la r\u00e9forme<br \/>\nqu\u2019avant. Mais \u00e9videmment<br \/>\nla communication \u00e9lys\u00e9enne<br \/>\ns\u2019est content\u00e9e de mettre<br \/>\nl\u2019accent sur la suppression<br \/>\ndu bouclier fiscal.<\/p>\n<p><strong>Regards.fr:<\/strong> <strong> <em>Il y a chez Nicolas Sarkozy<br \/>\ntout un art et une mani\u00e8re<br \/>\nde brouiller les cartes.<br \/>\nVous \u00e9voquiez r\u00e9cemment<br \/>\n\u00ab ce charmant oxymore<br \/>\nde TVA sociale \u00bb\u2026<\/em> <\/strong><\/p>\n<p><strong>M. Pin\u00e7on et M.<br \/>\nPin\u00e7on-Charlot:<\/strong> Les deux termes sont contradictoires.<br \/>\nLa TVA est le contraire<br \/>\nd\u2019un imp\u00f4t \u00ab social \u00bb qui r\u00e9duirait<br \/>\nles \u00e9carts de revenus. En<br \/>\n\u00e9tant le m\u00eame pour tous, il<br \/>\nmaintient la dispersion des revenus<br \/>\ndisponibles mais, en valeur<br \/>\nabsolue, si les m\u00e9nages les<br \/>\nplus fortun\u00e9s vont \u00e9videmment<br \/>\ncontribuer davantage aux recettes<br \/>\nde l\u2019\u00c9tat, car ils consomment<br \/>\nplus, les m\u00e9nages les plus<br \/>\nmodestes vont voir leur situation<br \/>\nd\u00e9j\u00e0 pr\u00e9caire s\u2019aggraver.<br \/>\nSur un salaire de 1 300 euros,<br \/>\nune hausse de 2 % de la TVA<br \/>\nrepr\u00e9sente 26 euros si elle<br \/>\ns\u2019applique \u00e0 la totalit\u00e9 des<br \/>\nrevenus. \u00c0 l\u2019autre extr\u00e9mit\u00e9<br \/>\nde la soci\u00e9t\u00e9, un revenu de<br \/>\n15 000 euros tax\u00e9 de 2 %<br \/>\nsuppl\u00e9mentaires rapporte<br \/>\n300 euros\u20ac aux recettes fiscales.<br \/>\nMath\u00e9matiquement, en<br \/>\nvaleur relative, l\u2019effort est le<br \/>\nm\u00eame, mais en valeur absolue<br \/>\nles 300 euros sont n\u00e9gligeables<br \/>\npour les revenus les<br \/>\nplus \u00e9lev\u00e9s, alors que tout euro<br \/>\ncompte dans un budget de<br \/>\n1 300 euros.<br \/>\nNous pourrions aussi parler des<br \/>\nannonces p\u00e9remptoires qui d\u00e9bouchent<br \/>\nsur le n\u00e9ant. Il en est<br \/>\nainsi pour la suppression des<br \/>\nparadis fiscaux qui, en 2009,<br \/>\nen pr\u00e9lude \u00e0 la r\u00e9union du G20<br \/>\n\u00e0 Pittsburgh, avaient \u00e9t\u00e9 d\u00e9clar\u00e9s<br \/>\nan\u00e9antis. Rien de moins.<br \/>\nAux derni\u00e8res nouvelles ils se<br \/>\nportent bien, merci. BNP Paribas<br \/>\ny dispose toujours d\u2019environ<br \/>\n180 filiales. LVMH (groupe<br \/>\nArnault) en poss\u00e8de 140. Ces<br \/>\nfiliales sont mobilis\u00e9es pour optimiser<br \/>\nla fiscalit\u00e9 des soci\u00e9t\u00e9s.<br \/>\nAvec les prix de transfert par<br \/>\nexemple. La soci\u00e9t\u00e9 m\u00e8re, localis\u00e9e<br \/>\nen France, vend au prix de<br \/>\nrevient, voire en dessous, une<br \/>\npartie de sa production \u00e0 une<br \/>\nfiliale localis\u00e9e dans un paradis<br \/>\nfiscal. Ces biens sont revendus<br \/>\nsur le march\u00e9 mondial avec une<br \/>\nmarge b\u00e9n\u00e9ficiaire exempt\u00e9e<br \/>\nd\u2019imp\u00f4t.<\/p>\n<p><strong>Regards.fr:<\/strong> <strong> <em>Il y a aussi cette annonce<br \/>\nde taxe Tobin r\u00e9duite \u00e0<br \/>\npeau de chagrin\u2026<\/em> <\/strong><\/p>\n<p><strong>M. Pin\u00e7on et M.<br \/>\nPin\u00e7on-Charlot:<\/strong> Dans l\u2019esprit de James Tobin<br \/>\n\u00e9conomiste lib\u00e9ral, prix Nobel,<br \/>\ncette taxe devait freiner la sp\u00e9culation<br \/>\nqui se d\u00e9veloppait<br \/>\ndans les march\u00e9s financiers.<br \/>\nTobin s\u2019est d\u2019ailleurs d\u00e9solidaris\u00e9<br \/>\ndes altermondialistes qui<br \/>\navaient repris son id\u00e9e. Quant<br \/>\n\u00e0 Sarkozy, il \u00e9tait oppos\u00e9 \u00e0<br \/>\ncette taxe en 1999 : dans un<br \/>\nd\u00e9bat avec Fran\u00e7ois Hollande<br \/>\nil avait d\u00e9clar\u00e9 que, si nous la<br \/>\nmettions en \u0153uvre en France,<br \/>\nnous aurions des \u00ab dizaines de<br \/>\nmilliers de ch\u00f4meurs suppl\u00e9mentaires<br \/>\n\u00bb. Pour \u00eatre r\u00e9\u00e9lu le<br \/>\nvoil\u00e0 pr\u00eat, une fois de plus, \u00e0 se contredire. Mais en limitant<br \/>\nle champ de cette taxe aux<br \/>\ntransactions sur les actions<br \/>\net \u00e0 une partie des produits<br \/>\nd\u00e9riv\u00e9s, certains CDS (<em>Credit<br \/>\nDefault Swap<\/em>, des assurances<br \/>\nsur la valeur d\u2019obligations), il<br \/>\nen a consid\u00e9rablement r\u00e9duit<br \/>\nla port\u00e9e. Son ministre de la<br \/>\nCoop\u00e9ration, Henri de Raincourt,<br \/>\navait en t\u00eate une assiette<br \/>\nplus large, qui aurait pu rapporter<br \/>\nentre 30 et 60 milliards de<br \/>\ndollars par an. La r\u00e9duction<br \/>\nde l\u2019assiette ram\u00e8ne le produit<br \/>\nenvisag\u00e9 \u00e0 un milliard d\u2019euros.<br \/>\nDe plus, le ministre avait envisag\u00e9<br \/>\ntrois emplois du produit<br \/>\nde cette taxe : r\u00e9duction de<br \/>\nla dette, aider \u00e0 \u00e9quilibrer le<br \/>\nbudget et participer \u00e0 l\u2019aide au<br \/>\nd\u00e9veloppement des pays<br \/>\npauvres, ce dernier point<br \/>\nparaissant bien normal pour<br \/>\nun ministre charg\u00e9 de la coop\u00e9ration.<br \/>\nCe point n\u2019a pas<br \/>\n\u00e9t\u00e9 repris dans le projet d\u00e9finitif,<br \/>\nla taxe ne servira donc,<br \/>\nau mieux, qu\u2019\u00e0 all\u00e9ger les<br \/>\ncharges de l\u2019\u00c9tat.<\/p>\n<p><strong>Regards.fr:<\/strong> <strong> <em>Le 29 janvier, le pr\u00e9sident<br \/>\ns\u2019est engag\u00e9 \u00e0<\/em> \u00ab ne pas<br \/>\nlaisser tomber les gens de<br \/>\nLejaby \u00bb. <em>Un petit geste<br \/>\nen direction de l\u2019\u00e9lectorat<br \/>\nouvrier. En 2007, avec la<br \/>\n\u00ab valeur travail \u00bb, il avait<br \/>\nr\u00e9ussi \u00e0 s\u2019adresser aux cat\u00e9gories<br \/>\npopulaires. Cela<br \/>\nvous semble-t-il encore<br \/>\npossible aujourd\u2019hui ?<\/em> <\/strong><\/p>\n<p><strong>M. Pin\u00e7on et M.<br \/>\nPin\u00e7on-Charlot:<\/strong> Tant mieux pour les travailleurs<br \/>\net travailleuses de Lejaby.<br \/>\nMais la mesure envisag\u00e9e ne<br \/>\nconcerne qu\u2019une partie des salari\u00e9s<br \/>\nlicenci\u00e9s. Il faut en outre<br \/>\nattendre la r\u00e9alisation de ce<br \/>\nsauvetage qui comprend une<br \/>\nformation assez lourde prise<br \/>\nen charge par les finances<br \/>\npubliques, puisqu\u2019il s\u2019agit de<br \/>\npasser du textile aux cuirs et<br \/>\npeaux. Quant \u00e0 la fa\u00e7on dont<br \/>\nles cat\u00e9gories populaires<br \/>\npeuvent recevoir ce type de<br \/>\nnouvelle, il ne faut pas sous-estimer<br \/>\nl\u2019impact de l\u2019\u00e9chec<br \/>\nde la reprise d\u2019Arcelor Mittal \u00e0<br \/>\nGrandange. Nicolas Sarkozy<br \/>\na beaucoup d\u00e9\u00e7u et la suspicion<br \/>\n\u00e0 son \u00e9gard est la r\u00e8gle<br \/>\naujourd&#8217;hui.<\/p>\n<p><strong>Regards.fr:<\/strong> <strong> <em>La France a chang\u00e9. Dans<br \/>\nquel \u00e9tat laisse-t-il le pays<br \/>\napr\u00e8s un quinquennat ?<\/em> <\/strong><\/p>\n<p><strong>M. Pin\u00e7on et M.<br \/>\nPin\u00e7on-Charlot:<\/strong> La grande bourgeoisie est la<br \/>\nseule classe sociale en France<br \/>\naujourd\u2019hui. Elle est la seule \u00e0<br \/>\nexister en-soi, c&#8217;est-\u00e0-dire objectivement,<br \/>\npar la place dans<br \/>\nles rapports de production,<br \/>\nles revenus, le mode de vie,<br \/>\nmais aussi pour-soi, subjectivement,<br \/>\ndans la conscience partag\u00e9e<br \/>\nd\u2019appartenir \u00e0 un m\u00eame<br \/>\ngroupe social. Cela se voit<br \/>\ndans la pratique syst\u00e9matique<br \/>\nde la cooptation pour former<br \/>\ndes instances homog\u00e8nes qui<br \/>\nvont des conseils d&#8217;administration<br \/>\ndes grandes soci\u00e9t\u00e9s<br \/>\naux rallyes cr\u00e9\u00e9s par les m\u00e8res<br \/>\nde famille pour assurer \u00e0 leurs<br \/>\nenfants de partager leurs loisirs<br \/>\navec des partenaires appartenant<br \/>\nau m\u00eame milieu. On retrouve<br \/>\ncet entre-soi sciemment<br \/>\nrecherch\u00e9 dans l\u2019habitat, toutes<br \/>\nces familles r\u00e9sidant dans les<br \/>\nbeaux quartiers des villes ou<br \/>\nayant des r\u00e9sidences dans<br \/>\nles m\u00eames stations de sports<br \/>\nd\u2019hiver (Meg\u00e8ve) ou baln\u00e9aires<br \/>\n(les Parcs de Saint-Tropez,<br \/>\n\u00ab lotissement \u00bb ultra-chic o\u00f9 l\u2019on<br \/>\nretrouve les Pinault et autres<br \/>\nArnault). D\u2019o\u00f9 une homog\u00e9n\u00e9it\u00e9<br \/>\nid\u00e9ologique remarquable :<br \/>\nau second tour de la pr\u00e9sidentielle<br \/>\nde 2007, Nicolas Sarkozy<br \/>\na recueilli 87 % des suffrages<br \/>\nexprim\u00e9s \u00e0 Neuilly.<br \/>\nCela est ant\u00e9rieur \u00e0 l\u2019\u00e9lection<br \/>\nde Nicolas Sarkozy, mais la<br \/>\nclasse ouvri\u00e8re en particulier<br \/>\nexiste toujours objectivement,<br \/>\npar sa place dans les rapports<br \/>\nde production et par ses<br \/>\nmodes de vie, mais elle existe<br \/>\nde moins en moins dans les<br \/>\nconsciences. Il y a \u00e0 cela beaucoup<br \/>\nde raisons, la d\u00e9sindustrialisation,<br \/>\nla d\u00e9valorisation du<br \/>\ntravail ouvrier, l\u2019individualisme<br \/>\nauquel poussent le ch\u00f4mage et<br \/>\nla recherche d\u00e9sesp\u00e9r\u00e9e d\u2019un<br \/>\nemploi, quel qu\u2019il soit. Avec le<br \/>\nrecul de la production industrielle,<br \/>\net l\u2019effondrement des r\u00e9gimes<br \/>\nsocialistes, de l\u2019URSS et<br \/>\ndes pays de l\u2019Europe de l\u2019Est,<br \/>\nc\u2019est aussi toute une culture<br \/>\nsp\u00e9cifique qui est en crise, en<br \/>\nrecul. Les points d\u2019appui du<br \/>\nmouvement ouvrier sont fragilis\u00e9s.<br \/>\nCe qui a facilit\u00e9 la t\u00e2che<br \/>\n\u00e0 Nicolas Sarkozy.<\/p>\n<p><strong>Regards.fr:<\/strong> <strong> <em>Ces transformations ne<br \/>\nrendent-elles pas difficile<br \/>\nleur d\u00e9passement ?<\/em> <\/strong><\/p>\n<p><strong>M. Pin\u00e7on et M.<br \/>\nPin\u00e7on-Charlot:<\/strong> Les forces de progr\u00e8s sont provisoirement<br \/>\nen recul, mais la<br \/>\nsituation reste ouverte : la crise<br \/>\nest aigu\u00eb, le m\u00e9contentement<br \/>\nprofond, les organisations de<br \/>\ngauche sont toujours actives,<br \/>\nm\u00eame si les effectifs ont pu<br \/>\nchuter, et d\u2019autres forces se<br \/>\nsont lev\u00e9es, parmi les jeunes<br \/>\nen particulier. Tout espoir n\u2019est<br \/>\npas perdu. Il y a de quoi s\u2019indigner,<br \/>\nmais il faut aller plus loin<br \/>\net mettre en cause un syst\u00e8me<br \/>\n\u00e9conomique et politique en<br \/>\nbout de course, les jeux mortels<br \/>\nde la finance de casino<br \/>\nconduisant les \u00e9conomies \u00e0<br \/>\nleur perte. Les spoliations que<br \/>\nrepr\u00e9sentent les atteintes aux<br \/>\ndroits sociaux et aux services<br \/>\npublics mettent en \u00e9vidence<br \/>\nque l\u2019oligarchie entend faire<br \/>\npayer sa cupidit\u00e9 insatiable<br \/>\naux classes populaires et aux<br \/>\nclasses moyennes qui ne sont<br \/>\npour rien dans cette gabegie.<br \/>\nS\u2019indigner ne suffit pas, il faut<br \/>\nfaire rendre raison au capitalisme.<\/p>\n<div id='gallery-1' class='gallery galleryid-5345 gallery-columns-3 gallery-size-thumbnail'><figure class='gallery-item'>\n\t\t\t<div class='gallery-icon landscape'>\n\t\t\t\t<a href='https:\/\/archives.regards.fr\/wp-content\/uploads\/2012\/03\/yb-bc4.jpg'><img loading=\"lazy\" decoding=\"async\" width=\"150\" height=\"122\" src=\"https:\/\/archives.regards.fr\/wp-content\/uploads\/2012\/03\/yb-bc4-150x122.jpg\" class=\"attachment-thumbnail size-thumbnail\" alt=\"\u00ab La rupture de la d\u00e9cence\u00bb\" aria-describedby=\"gallery-1-16151\" \/><\/a>\n\t\t\t<\/div>\n\t\t\t\t<figcaption class='wp-caption-text gallery-caption' id='gallery-1-16151'>\n\t\t\t\t\u00ab La rupture de la d\u00e9cence\u00bb\n\t\t\t\t<\/figcaption><\/figure><figure class='gallery-item'>\n\t\t\t<div class='gallery-icon landscape'>\n\t\t\t\t<a href='https:\/\/archives.regards.fr\/wp-content\/uploads\/2012\/03\/yc-812.jpg'><img loading=\"lazy\" decoding=\"async\" width=\"80\" height=\"55\" src=\"https:\/\/archives.regards.fr\/wp-content\/uploads\/2012\/03\/yc-812.jpg\" class=\"attachment-thumbnail size-thumbnail\" alt=\"\u00ab La rupture de la d\u00e9cence\u00bb\" aria-describedby=\"gallery-1-16152\" \/><\/a>\n\t\t\t<\/div>\n\t\t\t\t<figcaption class='wp-caption-text gallery-caption' id='gallery-1-16152'>\n\t\t\t\t\u00ab La rupture de la d\u00e9cence\u00bb\n\t\t\t\t<\/figcaption><\/figure>\n\t\t<\/div>\n\n","protected":false},"excerpt":{"rendered":"<p>Au terme du mandat<br \/>\npr\u00e9sidentiel,<br \/>\nles sociologues<br \/>\nMichel Pin\u00e7on et Monique<br \/>\nPin\u00e7on-Charlot reviennent<br \/>\nsur les principales mesures<br \/>\nqui ont valu \u00e0 Nicolas<br \/>\nSarkozy son titre de \u00ab Pr\u00e9sident<br \/>\ndes riches \u00bb. Entretien.<\/p>\n","protected":false},"author":573,"featured_media":16151,"comment_status":"open","ping_status":"open","sticky":false,"template":"","format":"standard","meta":{"_themeisle_gutenberg_block_has_review":false,"footnotes":""},"categories":[141],"tags":[293],"class_list":["post-5345","post","type-post","status-publish","format-standard","has-post-thumbnail","hentry","category-archives-web","tag-entretien"],"_links":{"self":[{"href":"https:\/\/archives.regards.fr\/index.php?rest_route=\/wp\/v2\/posts\/5345","targetHints":{"allow":["GET"]}}],"collection":[{"href":"https:\/\/archives.regards.fr\/index.php?rest_route=\/wp\/v2\/posts"}],"about":[{"href":"https:\/\/archives.regards.fr\/index.php?rest_route=\/wp\/v2\/types\/post"}],"author":[{"embeddable":true,"href":"https:\/\/archives.regards.fr\/index.php?rest_route=\/wp\/v2\/users\/573"}],"replies":[{"embeddable":true,"href":"https:\/\/archives.regards.fr\/index.php?rest_route=%2Fwp%2Fv2%2Fcomments&post=5345"}],"version-history":[{"count":0,"href":"https:\/\/archives.regards.fr\/index.php?rest_route=\/wp\/v2\/posts\/5345\/revisions"}],"wp:featuredmedia":[{"embeddable":true,"href":"https:\/\/archives.regards.fr\/index.php?rest_route=\/wp\/v2\/media\/16151"}],"wp:attachment":[{"href":"https:\/\/archives.regards.fr\/index.php?rest_route=%2Fwp%2Fv2%2Fmedia&parent=5345"}],"wp:term":[{"taxonomy":"category","embeddable":true,"href":"https:\/\/archives.regards.fr\/index.php?rest_route=%2Fwp%2Fv2%2Fcategories&post=5345"},{"taxonomy":"post_tag","embeddable":true,"href":"https:\/\/archives.regards.fr\/index.php?rest_route=%2Fwp%2Fv2%2Ftags&post=5345"}],"curies":[{"name":"wp","href":"https:\/\/api.w.org\/{rel}","templated":true}]}}