{"id":5338,"date":"2012-03-14T22:26:22","date_gmt":"2012-03-14T21:26:22","guid":{"rendered":"https:\/\/wp.muchomaas.com\/la-commission-europeenne-est-elle5338\/"},"modified":"2023-06-23T23:11:05","modified_gmt":"2023-06-23T21:11:05","slug":"la-commission-europeenne-est-elle5338","status":"publish","type":"post","link":"https:\/\/archives.regards.fr\/?p=5338","title":{"rendered":"La Commission europ\u00e9enne est-elle tr\u00e8s raciste ou juste un peu conne ?"},"content":{"rendered":"<p class=\"post_excerpt\">La semaine derni\u00e8re, la Commission europ\u00e9enne a retir\u00e9 de la Toile une vid\u00e9o dans laquelle l&#8217;Europe, incarn\u00e9e par une femme blanche, est menac\u00e9e par trois hommes, un asiatique, un &#8220;oriental&#8221; et un Noir. Racisme grossier? Le porte-parole de l&#8217;institution plaide la bourde na\u00efve et parle de m\u00e9prise. <\/p>\n<p>L&#8217;asiatique, bien entendu, fait des kata, il a probablement un nunchaku planqu\u00e9 dans la chaussette; l&#8217;indien, genre sikh aux yeux de charbons, est barbu, enturbann\u00e9 et manie le sabre tel un coupeur de t\u00eate; quant au Noir, dot\u00e9 d&#8217;une musculature qui ne va pas sans rappeler celle des fauves de la savane, il est agile et grimpe partout. Un peu comme un l\u00e9opard.<\/p>\n<p>L&#8217;Europe, elle, est une femme, belle, douce et multiple (tant qu&#8217;\u00e0 faire). Si douce et multiple qu&#8217;\u00e0 la fin, elle entoure ces barbares agressifs et les fait asseoir. En fait, ils ont bien compris, que s&#8217;ils ne s&#8217;ex\u00e9cutent pas, elle va les niquer, cette jolie blanche qu&#8217;ils s&#8217;appr\u00eataient probablement \u00e0 violer tous les trois parce qu&#8217;ils ont \u00e7a dans le sang, la violence contre les femmes, alors que nous, non, la preuve l&#8217;Europe est une femme.<\/p>\n<p>Bon voil\u00e0, la moralit\u00e9, c&#8217;est qu&#8217;ensemble on est plus fort. Contre qui, contre quoi? Y&#8217;a qu&#8217;\u00e0 voir la vid\u00e9o pour s&#8217;en faire une id\u00e9e.<\/p>\n<p><iframe loading=\"lazy\" frameborder=\"0\" width=\"480\" height=\"276\" src=\"http:\/\/www.dailymotion.com\/embed\/video\/xpb8ug\"><\/iframe><br \/><a href=\"http:\/\/www.dailymotion.com\/video\/xpb8ug_un-clip-raciste-edite-par-l-union-europeenne_news\" target=\"_blank\" rel=\"noopener\">Un clip raciste &eacute;dit&eacute; par l&#8217;Union Europ&eacute;enne<\/a> <i>par <a href=\"http:\/\/www.dailymotion.com\/Super_Resistence\" target=\"_blank\" rel=\"noopener\">Super_Resistence<\/a><\/i><\/p>\n<p>Ce stup\u00e9fiant petit film, bourr\u00e9 de st\u00e9r\u00e9otypes racistes et essentialistes a \u00e9t\u00e9 pens\u00e9, r\u00e9alis\u00e9 puis mis en ligne le vendredi 2 mars par les communicants de la d\u00e9l\u00e9gation g\u00e9n\u00e9rale de l&#8217;\u00e9largissement de l&#8217;Union europ\u00e9enne de la Commission de Bruxelles. Face au toll\u00e9 soulev\u00e9, il en a \u00e9t\u00e9 retir\u00e9 le mardi suivant, 6 mars. Le temps de faire un petit buzz sur Internet mais sans que la presse, en tout cas fran\u00e7aise, n&#8217;en fasse vraiment ses choux gras.<\/p>\n<p>Que s&#8217;est-il pass\u00e9? La commission europ\u00e9enne a-t-elle refil\u00e9 les clefs de sa cellule com. \u00e0 un eurod\u00e9put\u00e9 d&#8217;extr\u00eame-droite? A un publicitaire crypto-fasciste? Joint hier au t\u00e9l\u00e9phone par Regards.fr, Peter Stano &#8211; porte-parole de Stefan Fulle, le membre de la Commission charg\u00e9 des politiques d&#8217;\u00e9largissement et de voisinage de l&#8217;Union europ\u00e9enne &#8211; nie en bloc. \u00ab <em>Le malentendu vient du fait que ce clip \u00e9tait destin\u00e9 \u00e0 une tranche de population tr\u00e8s sp\u00e9cifique, les 17-24 ans<\/em>, argumente-t-il.  <em>Nous avons voulu utiliser le langage et les codes de cette g\u00e9n\u00e9ration. Les trois hommes pratiquent des arts martiaux et se situent dans l&#8217;univers des jeunes, le cyberespace, les jeux vid\u00e9os. D&#8217;ailleurs, durant les 5 jours o\u00f9 ce film est rest\u00e9 en ligne, il a \u00e9t\u00e9 vu environ 500.000 fois et les r\u00e9actions du public vis\u00e9 ont \u00e9t\u00e9 plut\u00f4t tr\u00e8s favorables<\/em> \u00bb. D&#8217;o\u00f9, alors, sont venues les pressions qui ont conduit les gens de la Commission europ\u00e9enne \u00e0 retirer cette vid\u00e9o? \u00ab <em>De m\u00e9dias traditionnels et de personnes \u00e0 qui elle n&#8217;\u00e9tait pas destin\u00e9e<\/em>, assure Peter Stano. <em>Quand leurs accusations de racisme nous sont tomb\u00e9es dessus, nous avons d\u00e9cid\u00e9 de l&#8217;annuler car nous ne souhaitons pas entrer dans une pol\u00e9mique<\/em> \u00bb.<\/p>\n<p>Ce serait donc pour lui une m\u00e9prise. \u00ab <em>L&#8217;objet de la campagne que nous menons actuellement, et dont ce film n&#8217;est qu&#8217;un \u00e9l\u00e9ment, est de promouvoir l&#8217;\u00e9largissement de l&#8217;Union europ\u00e9enne. Nous avons fait le pari de jouer avec les clich\u00e9s afin de lutter contre les pr\u00e9jug\u00e9s&#8230; Le message qu&#8217;on veut faire passer, c&#8217;est celui du respect et que l&#8217;on peut s&#8217;entendre en discutant<\/em> \u00bb, explique le porte-parole en faisant r\u00e9f\u00e9rence \u00e0 la chute du clip. <\/p>\n<p>Un message, c&#8217;est peu de le dire, plut\u00f4t brouill\u00e9. Les repr\u00e9sentations de l&#8217;\u00e9tranger et de l&#8217;europ\u00e9enne sont au contraire si caricaturales et d\u00e9signent si clairement des \u00e9trangers non-occidentaux que l&#8217;on a peine \u00e0 croire que les communicants n&#8217;ont pas anticip\u00e9 les protestations. C&#8217;est pourtant ce qu&#8217;affirme Peter Stano: \u00ab <em>C&#8217;\u00e9tait une exp\u00e9rience. Apr\u00e8s toutes ces r\u00e9actions n\u00e9gatives, nous serons d\u00e9sormais bien plus attentifs car on a compris que certains sujets sont tr\u00e8s glissants. La prochaine fois, on utilisera des extra-terrestres pour ne pas risquer la pol\u00e9mique!<\/em> \u00bb<\/p>\n<p>Une pirouette qui confirme \u00e9trangement que l&#8217;Europe semble avoir besoin d&#8217;un &#8220;autre&#8221; hostile pour vendre son \u00e9largissement. Mais qui surtout en dit long sur l&#8217;absence de r\u00e9flexion sur le fond qu&#8217;a suscit\u00e9 cette affaire \u00e0 la Commission. L&#8217;erreur, selon eux, c&#8217;est d&#8217;avoir choisi les mauvais morphotypes \u00e0 la mauvaise \u00e9poque&#8230; Un bourde strat\u00e9gique en somme. Un peu court comme enseignement. Une institution telle que l&#8217;Europe aurait pu en profiter pour se demander si elle est fond\u00e9e \u00e0 se comporter comme le vulgaire service commercial d&#8217;une entreprise en raisonnant en terme de &#8220;public cibl\u00e9&#8221;  \u00e0 qui on propose ce qu&#8217;il est cens\u00e9 attendre en faisant fi des dimensions politique et \u00e9thique du message; Elle pourrait aussi faire un peu d&#8217;introspection: quels que soient les arguments avanc\u00e9s, ce film t\u00e9moigne bien de l&#8217;enracinement profond dans certains esprits (en l&#8217;occurrence europ\u00e9ens) de la conviction d&#8217;appartenir \u00e0 une civilisation sup\u00e9rieure. Mais visiblement, du c\u00f4t\u00e9 de Bruxelles, l&#8217;affaire de la &#8220;vid\u00e9o raciste&#8221; n&#8217;a pas suffit \u00e0 mettre ces questions sur la table.<div id='gallery-1' class='gallery galleryid-5338 gallery-columns-3 gallery-size-thumbnail'><figure class='gallery-item'>\n\t\t\t<div class='gallery-icon landscape'>\n\t\t\t\t<a href='https:\/\/archives.regards.fr\/wp-content\/uploads\/2012\/03\/uec-f23.jpg'><img loading=\"lazy\" decoding=\"async\" width=\"80\" height=\"55\" src=\"https:\/\/archives.regards.fr\/wp-content\/uploads\/2012\/03\/uec-f23.jpg\" class=\"attachment-thumbnail size-thumbnail\" alt=\"La Commission europ\u00e9enne est-elle tr\u00e8s raciste ou juste un peu conne ?\" aria-describedby=\"gallery-1-16126\" \/><\/a>\n\t\t\t<\/div>\n\t\t\t\t<figcaption class='wp-caption-text gallery-caption' id='gallery-1-16126'>\n\t\t\t\tLa Commission europ\u00e9enne est-elle tr\u00e8s raciste ou juste un peu conne ?\n\t\t\t\t<\/figcaption><\/figure><figure class='gallery-item'>\n\t\t\t<div class='gallery-icon landscape'>\n\t\t\t\t<a href='https:\/\/archives.regards.fr\/wp-content\/uploads\/2012\/03\/ghjk-4f8.jpg'><img loading=\"lazy\" decoding=\"async\" width=\"150\" height=\"122\" src=\"https:\/\/archives.regards.fr\/wp-content\/uploads\/2012\/03\/ghjk-4f8-150x122.jpg\" class=\"attachment-thumbnail size-thumbnail\" alt=\"La Commission europ\u00e9enne est-elle tr\u00e8s raciste ou juste un peu conne ?\" aria-describedby=\"gallery-1-16127\" \/><\/a>\n\t\t\t<\/div>\n\t\t\t\t<figcaption class='wp-caption-text gallery-caption' id='gallery-1-16127'>\n\t\t\t\tLa Commission europ\u00e9enne est-elle tr\u00e8s raciste ou juste un peu conne ?\n\t\t\t\t<\/figcaption><\/figure>\n\t\t<\/div>\n<\/p>\n","protected":false},"excerpt":{"rendered":"<p>La semaine derni\u00e8re, la Commission europ\u00e9enne a retir\u00e9 de la Toile une vid\u00e9o dans laquelle l&#8217;Europe, incarn\u00e9e par une femme blanche, est menac\u00e9e par trois hommes, un asiatique, un &#8220;oriental&#8221; et un Noir. Racisme grossier? Le porte-parole de l&#8217;institution plaide la bourde na\u00efve et parle de m\u00e9prise. <\/p>\n","protected":false},"author":558,"featured_media":16126,"comment_status":"open","ping_status":"open","sticky":false,"template":"","format":"standard","meta":{"_themeisle_gutenberg_block_has_review":false,"footnotes":""},"categories":[141],"tags":[352,350],"class_list":["post-5338","post","type-post","status-publish","format-standard","has-post-thumbnail","hentry","category-archives-web","tag-europe","tag-racisme"],"_links":{"self":[{"href":"https:\/\/archives.regards.fr\/index.php?rest_route=\/wp\/v2\/posts\/5338","targetHints":{"allow":["GET"]}}],"collection":[{"href":"https:\/\/archives.regards.fr\/index.php?rest_route=\/wp\/v2\/posts"}],"about":[{"href":"https:\/\/archives.regards.fr\/index.php?rest_route=\/wp\/v2\/types\/post"}],"author":[{"embeddable":true,"href":"https:\/\/archives.regards.fr\/index.php?rest_route=\/wp\/v2\/users\/558"}],"replies":[{"embeddable":true,"href":"https:\/\/archives.regards.fr\/index.php?rest_route=%2Fwp%2Fv2%2Fcomments&post=5338"}],"version-history":[{"count":0,"href":"https:\/\/archives.regards.fr\/index.php?rest_route=\/wp\/v2\/posts\/5338\/revisions"}],"wp:featuredmedia":[{"embeddable":true,"href":"https:\/\/archives.regards.fr\/index.php?rest_route=\/wp\/v2\/media\/16126"}],"wp:attachment":[{"href":"https:\/\/archives.regards.fr\/index.php?rest_route=%2Fwp%2Fv2%2Fmedia&parent=5338"}],"wp:term":[{"taxonomy":"category","embeddable":true,"href":"https:\/\/archives.regards.fr\/index.php?rest_route=%2Fwp%2Fv2%2Fcategories&post=5338"},{"taxonomy":"post_tag","embeddable":true,"href":"https:\/\/archives.regards.fr\/index.php?rest_route=%2Fwp%2Fv2%2Ftags&post=5338"}],"curies":[{"name":"wp","href":"https:\/\/api.w.org\/{rel}","templated":true}]}}