{"id":5335,"date":"2012-03-09T08:00:00","date_gmt":"2012-03-09T07:00:00","guid":{"rendered":"https:\/\/wp.muchomaas.com\/sarkozy-n-aime-pas-la-banlieue-je5335\/"},"modified":"2023-06-23T23:11:04","modified_gmt":"2023-06-23T21:11:04","slug":"sarkozy-n-aime-pas-la-banlieue-je5335","status":"publish","type":"post","link":"https:\/\/archives.regards.fr\/?p=5335","title":{"rendered":"\u00ab Sarkozy n\u2019aime pas la banlieue, je l\u2019ai vu dans ses yeux \u00bb M\u00e9lanie, 30 ans, Les Ulis (91)."},"content":{"rendered":"<p class=\"post_excerpt\">QUARTIERS LIBRES, la chronique de Raph\u00e4l Yem.<\/p>\n<p>S\u2019il y a un pr\u00e9sident de la R\u00e9publique<br \/>\nqui a stigmatis\u00e9 la banlieue, c\u2019est bien<br \/>\ncelui qui a grandi \u00e0 Neuilly. \u00ab <em>Racaille<\/em> \u00bb,<br \/>\n\u00ab <em>K\u00e4rcher<\/em> \u00bb. Alors que les r\u00e9voltes sociales des<br \/>\nquartiers \u00e9clatent \u00e0 Clichy, il pr\u00e9tend que ce<br \/>\nsont des \u00ab <em>mafias<\/em> \u00bb et des \u00ab <em>bandes organis\u00e9es<\/em><br \/>\n\u00bb qui en sont \u00e0 l\u2019origine, contre l\u2019avis des<br \/>\nrenseignements g\u00e9n\u00e9raux. En 2011, Sarkozy,<br \/>\nqui voit des immigr\u00e9s ill\u00e9gaux partout, affirme<br \/>\nque le multiculturalisme est \u00ab <em>un \u00e9chec<\/em> \u00bb, car,<br \/>\n\u00ab <em>on s\u2019est trop pr\u00e9occup\u00e9 de l\u2019identit\u00e9 de celui<br \/>\nqui arrivait et pas assez de l\u2019identit\u00e9 du pays<br \/>\nqui accueillait<\/em> \u00bb. Or si l\u2019on veut parler d\u2019\u00e9chec,<br \/>\nparlons de son d\u00e9bat sur l\u2019identit\u00e9 nationale<br \/>\net souvenons-nous des propos de Nadine<br \/>\nMorano, exigeant que les jeunes des cit\u00e9s ne<br \/>\nparlent pas \u00ab <em>verlan<\/em> \u00bb et ne mettent pas \u00ab <em>leur<br \/>\ncasquette \u00e0 l\u2019envers<\/em> \u00bb. Ou du pol\u00e9miste \u00c9ric<br \/>\nZemmour sacr\u00e9 \u00ab invit\u00e9 d\u2019honneur \u00bb \u00e0 l\u2019une des<br \/>\nconventions de l\u2019UMP. Sans oublier Brice Hortefeux,<br \/>\npoto de 35 ans de Sarkozy et ministre<br \/>\nde l\u2019Int\u00e9rieur, qui fut aussi le premier ministre en<br \/>\nexercice \u00e0 \u00eatre condamn\u00e9 pour des propos racistes.<br \/>\nQuant \u00e0 son digne successeur, Claude<br \/>\nGu\u00e9ant, on ne le tient plus : \u00ab <em>L\u2019accroissement<br \/>\ndu nombre de musulmans pose probl\u00e8me<\/em> \u00bb ;<br \/>\n\u00ab <em>les deux tiers de l\u2019\u00e9chec scolaire<\/em> \u00bb sont le<br \/>\nfait d\u2019enfants d\u2019immigr\u00e9s ; \u00ab <em>toutes les civilisations<br \/>\nne se valent pas<\/em> \u00bb ; \u00ab <em>les Fran\u00e7ais \u00e0 force<br \/>\nd\u2019immigration incontr\u00f4l\u00e9e ont parfois le sentiment<br \/>\nde ne plus \u00eatre chez eux<\/em> \u00bb. Pour Laurent<br \/>\nWauquiez, ministre de l\u2019Emploi, les ch\u00f4meurs<br \/>\n\u2013 dont le nombre ne cesse de grossir dans<br \/>\nnos quartiers (tiens d\u2019ailleurs, ils n\u2019avaient pas<br \/>\naussi promis de faire reculer le fl\u00e9au du ch\u00f4mage<br \/>\n?) \u2013 sont bien souvent des \u00ab <em>assist\u00e9s<\/em> \u00bb,<br \/>\ndes \u00ab <em>irresponsables<\/em> \u00bb et des \u00ab <em>fraudeurs<\/em> \u00bb.<\/p>\n<p>Stigmatiser l\u2019immigration, la jeunesse, le ch\u00f4mage,<br \/>\nla s\u00e9curit\u00e9, l\u2019islam, revient forc\u00e9ment,<br \/>\ndans l\u2019imaginaire de l\u2019opinion publique, \u00e0 taper<br \/>\nsur la banlieue. Car des dizaines d\u2019ann\u00e9es de<br \/>\nlavage de cerveau m\u00e9diatique et politique, FN<br \/>\net mass m\u00e9dias en t\u00eates, ont fini par dresser un<br \/>\nportrait-robot du banlieusard blind\u00e9 de clich\u00e9s :<br \/>\nil est donc \u00e0 la fois jeune, d\u2019origine immigr\u00e9e,<br \/>\nch\u00f4meur-paresseux, voyou-criminel et islamiste.<br \/>\nUn discours savamment entretenu par<br \/>\nles nouveaux id\u00e9ologues sarkozystes, le jeune<br \/>\nGuillaume Peltier, ancien militant d\u2019extr\u00eame<br \/>\ndroite et cr\u00e9ateur du courant Droite populaire<br \/>\net le vieux Patrick Buisson, ancien r\u00e9dacteur<br \/>\nen chef de <em>Minute<\/em>. Je n\u2019ai aucun doute sur le<br \/>\nfait que, dans la campagne, les quartiers seront<br \/>\nde nouveau la cible de ces faucons. Un petit<br \/>\nfait divers pouvant rapidement se transformer<br \/>\nen un gigantesque argument \u00e9lectoral. Alors<br \/>\nque la banlieue n\u2019est que la loupe grossissante<br \/>\ndes maux de notre soci\u00e9t\u00e9, celle que Nicolas<br \/>\nSarkozy a contribu\u00e9 \u00e0 fa\u00e7onner depuis qu\u2019il est<br \/>\nau pouvoir. Provoquer plus, pour gagner plus,<br \/>\n\u00e7a marche aussi en termes de bulletins de vote.<br \/>\nAttention Nicolas, nous sommes 8 millions<br \/>\nd\u2019\u00e9lecteurs potentiels dans les banlieues que<br \/>\ntu as voulu nettoyer au K\u00e4rcher.<br \/>\n<div id='gallery-1' class='gallery galleryid-5335 gallery-columns-3 gallery-size-thumbnail'><figure class='gallery-item'>\n\t\t\t<div class='gallery-icon landscape'>\n\t\t\t\t<a href='https:\/\/archives.regards.fr\/wp-content\/uploads\/2012\/03\/sarks-5-424.jpg'><img loading=\"lazy\" decoding=\"async\" width=\"150\" height=\"150\" src=\"https:\/\/archives.regards.fr\/wp-content\/uploads\/2012\/03\/sarks-5-424-150x150.jpg\" class=\"attachment-thumbnail size-thumbnail\" alt=\"\u00ab Sarkozy n\u2019aime pas la banlieue, je l\u2019ai vu dans ses yeux \u00bb M\u00e9lanie, 30 ans, Les Ulis (91).\" aria-describedby=\"gallery-1-16116\" \/><\/a>\n\t\t\t<\/div>\n\t\t\t\t<figcaption class='wp-caption-text gallery-caption' id='gallery-1-16116'>\n\t\t\t\t\u00ab Sarkozy n\u2019aime pas la banlieue, je l\u2019ai vu dans ses yeux \u00bb M\u00e9lanie, 30 ans, Les Ulis (91).\n\t\t\t\t<\/figcaption><\/figure><figure class='gallery-item'>\n\t\t\t<div class='gallery-icon landscape'>\n\t\t\t\t<a href='https:\/\/archives.regards.fr\/wp-content\/uploads\/2012\/03\/sarkb-5-83e.jpg'><img loading=\"lazy\" decoding=\"async\" width=\"150\" height=\"122\" src=\"https:\/\/archives.regards.fr\/wp-content\/uploads\/2012\/03\/sarkb-5-83e-150x122.jpg\" class=\"attachment-thumbnail size-thumbnail\" alt=\"\u00ab Sarkozy n\u2019aime pas la banlieue, je l\u2019ai vu dans ses yeux \u00bb M\u00e9lanie, 30 ans, Les Ulis (91).\" aria-describedby=\"gallery-1-16117\" \/><\/a>\n\t\t\t<\/div>\n\t\t\t\t<figcaption class='wp-caption-text gallery-caption' id='gallery-1-16117'>\n\t\t\t\t\u00ab Sarkozy n\u2019aime pas la banlieue, je l\u2019ai vu dans ses yeux \u00bb M\u00e9lanie, 30 ans, Les Ulis (91).\n\t\t\t\t<\/figcaption><\/figure><figure class='gallery-item'>\n\t\t\t<div class='gallery-icon landscape'>\n\t\t\t\t<a href='https:\/\/archives.regards.fr\/wp-content\/uploads\/2012\/03\/sark-5-527.jpg'><img loading=\"lazy\" decoding=\"async\" width=\"150\" height=\"150\" src=\"https:\/\/archives.regards.fr\/wp-content\/uploads\/2012\/03\/sark-5-527-150x150.jpg\" class=\"attachment-thumbnail size-thumbnail\" alt=\"sark-5.jpg\" \/><\/a>\n\t\t\t<\/div><\/figure>\n\t\t<\/div>\n<\/p>\n","protected":false},"excerpt":{"rendered":"<p>QUARTIERS LIBRES, la chronique de Raph\u00e4l Yem.<\/p>\n","protected":false},"author":1,"featured_media":16116,"comment_status":"open","ping_status":"open","sticky":false,"template":"","format":"standard","meta":{"_themeisle_gutenberg_block_has_review":false,"footnotes":""},"categories":[134],"tags":[],"class_list":["post-5335","post","type-post","status-publish","format-standard","has-post-thumbnail","hentry","category-raphal-yem"],"_links":{"self":[{"href":"https:\/\/archives.regards.fr\/index.php?rest_route=\/wp\/v2\/posts\/5335","targetHints":{"allow":["GET"]}}],"collection":[{"href":"https:\/\/archives.regards.fr\/index.php?rest_route=\/wp\/v2\/posts"}],"about":[{"href":"https:\/\/archives.regards.fr\/index.php?rest_route=\/wp\/v2\/types\/post"}],"author":[{"embeddable":true,"href":"https:\/\/archives.regards.fr\/index.php?rest_route=\/wp\/v2\/users\/1"}],"replies":[{"embeddable":true,"href":"https:\/\/archives.regards.fr\/index.php?rest_route=%2Fwp%2Fv2%2Fcomments&post=5335"}],"version-history":[{"count":0,"href":"https:\/\/archives.regards.fr\/index.php?rest_route=\/wp\/v2\/posts\/5335\/revisions"}],"wp:featuredmedia":[{"embeddable":true,"href":"https:\/\/archives.regards.fr\/index.php?rest_route=\/wp\/v2\/media\/16116"}],"wp:attachment":[{"href":"https:\/\/archives.regards.fr\/index.php?rest_route=%2Fwp%2Fv2%2Fmedia&parent=5335"}],"wp:term":[{"taxonomy":"category","embeddable":true,"href":"https:\/\/archives.regards.fr\/index.php?rest_route=%2Fwp%2Fv2%2Fcategories&post=5335"},{"taxonomy":"post_tag","embeddable":true,"href":"https:\/\/archives.regards.fr\/index.php?rest_route=%2Fwp%2Fv2%2Ftags&post=5335"}],"curies":[{"name":"wp","href":"https:\/\/api.w.org\/{rel}","templated":true}]}}