{"id":5332,"date":"2012-03-12T08:00:00","date_gmt":"2012-03-12T07:00:00","guid":{"rendered":"https:\/\/wp.muchomaas.com\/vers-une-gestion-publique-de-l-eau5332\/"},"modified":"2023-06-23T23:11:03","modified_gmt":"2023-06-23T21:11:03","slug":"vers-une-gestion-publique-de-l-eau5332","status":"publish","type":"post","link":"https:\/\/archives.regards.fr\/?p=5332","title":{"rendered":"Vers une gestion publique de l\u2019eau"},"content":{"rendered":"<p class=\"post_excerpt\">Si en France sept foyers sur dix consomment une eau distribu\u00e9e par<br \/>\nun op\u00e9rateur priv\u00e9, de plus en plus de villes optent pour une r\u00e9gie<br \/>\npublique, une eau moins ch\u00e8re et une gestion transparente. \u00c9branl\u00e9,<br \/>\nle priv\u00e9 contre-attaque en organisant un forum mondial de l\u2019eau.<\/p>\n<p>L&#8217;eau potable<br \/>\nde 70 % de la<br \/>\npopulation est<br \/>\naliment\u00e9e par<br \/>\nune soci\u00e9t\u00e9<br \/>\npriv\u00e9e dans le cadre d\u2019une d\u00e9l\u00e9gation<br \/>\nde service public. Un<br \/>\nmod\u00e8le fran\u00e7ais port\u00e9 depuis<br \/>\nle xixe si\u00e8cle par la G\u00e9n\u00e9rale<br \/>\ndes eaux (devenue Veolia) et la<br \/>\nLyonnaise des eaux (aujourd\u2019hui<br \/>\nSuez). Les deux plus grosses<br \/>\nmultinationales mondiales de<br \/>\nce secteur. Comment en est-on<br \/>\narriv\u00e9 l\u00e0 ? Au sortir de Seconde<br \/>\nGuerre mondiale, leur capacit\u00e9<br \/>\n\u00e0 faire pression sur l\u2019autorit\u00e9 publique<br \/>\nest d\u00e9j\u00e0 immense. \u00ab <em>L\u2019eau<br \/>\nest le seul service public qui<br \/>\nn\u2019a pas \u00e9t\u00e9 nationalis\u00e9 par le<br \/>\nConseil national de la r\u00e9sistance<\/em><br \/>\n\u00bb, rappelle Emmanuel<br \/>\nPoilane, directeur de l\u2019ONG<br \/>\nFrance Libert\u00e9s. C\u2019est dans les<br \/>\nann\u00e9es 1960-1970 que la part<br \/>\ndu priv\u00e9 explose. L\u2019eau n\u2019est<br \/>\npas ch\u00e8re, son co\u00fbt est souvent<br \/>\ndilu\u00e9 dans les charges des habitats<br \/>\ncollectifs. Alors, pour les<br \/>\nconsommateurs, le sujet n\u2019en<br \/>\nest pas un. Jusqu\u2019\u00e0 ce que les<br \/>\nprix augmentent fortement. Et<br \/>\nque soient r\u00e9v\u00e9l\u00e9es au grand<br \/>\njour des pratiques de corruption,<br \/>\nde financement occulte de<br \/>\nla vie politique, une gestion souvent<br \/>\nopaque, des contrats extr\u00eamement<br \/>\nlongs (30 ou 40 ans,<br \/>\nsans mise en concurrence !) et<br \/>\nautres man\u0153uvres douteuses.<br \/>\nLe scandale de la Lyonnaise<br \/>\ndes eaux \u00e0 Grenoble \u2013 qui envoie<br \/>\nen 1996 Alain Carignon,<br \/>\nl\u2019ex-maire de la ville, derri\u00e8re les<br \/>\nbarreaux \u2013 en est l\u2019illustration la<br \/>\nplus m\u00e9morable.<\/p>\n<p>Le fameux mod\u00e8le fran\u00e7ais<br \/>\npeine \u00e0 se vendre \u00e0 l\u2019\u00e9tranger.<br \/>\nMalgr\u00e9 des fortunes colossales<br \/>\ninvesties en lobbying,<br \/>\nl\u2019op\u00e9ration s\u00e9duction n\u2019a pas<br \/>\nfonctionn\u00e9 : 90 % de la population<br \/>\nmondiale consomme une<br \/>\neau g\u00e9r\u00e9e par le public. Les<br \/>\n\u00e9checs ont \u00e9t\u00e9 retentissants<br \/>\nen Am\u00e9rique du Sud (notamment<br \/>\nen Argentine avec Suez),<br \/>\nen Afrique, en Chine\u2026 Voil\u00e0 donc les collectivit\u00e9s en<br \/>\nposition de force, au moins symboliquement.<br \/>\nEn 2006, apr\u00e8s<br \/>\naudit, Suez restitue 233 millions<br \/>\nd\u2019euros \u00e0 la communaut\u00e9<br \/>\nurbaine de Bordeaux. Plusieurs<br \/>\ngrandes villes, comme Lyon (lire<br \/>\nencadr\u00e9) ou Toulouse, n\u00e9gocient<br \/>\nune forte baisse de la facture.<br \/>\nD\u2019autres, surtout, d\u00e9cident<br \/>\nde se passer enfin des soci\u00e9t\u00e9s<br \/>\npriv\u00e9es et de remunicipaliser<br \/>\nleur eau. L\u2019initiatrice de cette<br \/>\ntendance ? La Ville de Paris.<\/p>\n<p><strong><em>\u00c9conomie<br \/>\nsubstantielle<\/strong><\/em><\/p>\n<p>Au milieu des ann\u00e9es 1980,<br \/>\nla ville de Paris d\u00e9l\u00e8gue la distribution<br \/>\nde l\u2019eau \u00e0 deux entreprises<br \/>\npriv\u00e9es : la G\u00e9n\u00e9rale des<br \/>\neaux se charge de la rive droite,<br \/>\nla Lyonnaise des eaux g\u00e8re la<br \/>\nrive gauche. La production,<br \/>\nelle, est assur\u00e9e par la soci\u00e9t\u00e9<br \/>\nd\u2019\u00e9conomie mixte Eau de Paris.<br \/>\nTrois contrats de d\u00e9l\u00e9gation<br \/>\ndonc, d\u2019une dur\u00e9e de 25 ans<br \/>\nchacun, sans mise en concurrence,<br \/>\ninstaur\u00e9s sous Chirac.<br \/>\nUn fonctionnement trop cher,<br \/>\ning\u00e9rable, illogique. Bertrand<br \/>\nDelano\u00eb s\u2019engage donc, en<br \/>\ncas de r\u00e9\u00e9lection en 2007, \u00e0<br \/>\nfaire repasser l\u2019eau enti\u00e8rement<br \/>\ndans le giron public. Depuis<br \/>\ndeux ans, c\u2019est effectif. La SEM<br \/>\nEau de Paris est d\u00e9sormais<br \/>\nune r\u00e9gie, les 250 salari\u00e9s des<br \/>\nfiliales y ont \u00e9t\u00e9 transf\u00e9r\u00e9s. \u00ab <em>On<br \/>\na optimis\u00e9 le service<\/em>, affirme Anne Le Strat, adjointe au maire<br \/>\nde Paris charg\u00e9e de l\u2019eau, et<br \/>\npr\u00e9sidente d\u2019Eau de Paris. <em>Il y<br \/>\na d\u00e9sormais un seul op\u00e9rateur<br \/>\navec des pouvoirs clairs, un<br \/>\ncontrat d\u2019objectifs avec la Ville<br \/>\net donc une \u00e9valuation des<br \/>\nservices tr\u00e8s r\u00e9guli\u00e8re, de nombreux<br \/>\ncontr\u00f4les.<\/em> \u00bb Le gain \u00e9conomique<br \/>\n? Quelque 35 millions<br \/>\nd\u2019euros par an, \u00ab <em>au b\u00e9n\u00e9fice<br \/>\ndes usagers, du personnel et<br \/>\nde l\u2019investissement<\/em> \u00bb.<\/p>\n<p>C\u2019est l\u2019argument choc des partisans<br \/>\nd\u2019une eau g\u00e9r\u00e9e par le public<br \/>\n: l\u2019exp\u00e9rience et les \u00e9tudes<br \/>\nle prouvent, le passage en r\u00e9gie<br \/>\ns\u2019accompagne syst\u00e9matiquement<br \/>\nd\u2019une baisse sensible de<br \/>\nla facture pour le consommateur.<br \/>\n\u00c0 Paris, le prix de l\u2019eau a<br \/>\nbaiss\u00e9 de 8 % en juillet dernier.<br \/>\nEt des mesures d\u2019aides sociales<br \/>\n\u00e0 l\u2019eau ont pu \u00eatre d\u00e9velopp\u00e9es.<br \/>\n\u00ab <em>Avec un volet pr\u00e9ventif, via<br \/>\nles aides au logement, et un<br \/>\nvolet curatif, pour faire face aux<br \/>\nimpay\u00e9s<\/em> \u00bb, confirme Anne Le<br \/>\nStrat. Pour contr\u00f4ler tout cela, la<br \/>\nr\u00e9gie dispose d\u2019un conseil d\u2019administration<br \/>\ncompos\u00e9 d\u2019\u00e9lus,<br \/>\nde repr\u00e9sentants du personnel,<br \/>\nd\u2019associations de consommateurs<br \/>\net de l\u2019Observatoire<br \/>\nparisien de l\u2019eau.<\/p>\n<p>\u00ab <em>C\u2019est une mini-r\u00e9volution<br \/>\ndans le secteur de l\u2019eau<\/em>, se<br \/>\nr\u00e9jouit Anne Le Strat. <em>Paris a<br \/>\nsuscit\u00e9 une interrogation, cela<br \/>\na enclench\u00e9 un mouvement de<br \/>\ncontestation et de d\u00e9sir de retour<br \/>\nvers le public. C\u2019est aussi<br \/>\npour \u00e7a qu\u2019ils [les principaux<br \/>\nacteurs du march\u00e9 priv\u00e9 de<br \/>\nl\u2019eau, ndlr] m\u2019en veulent : il est<br \/>\ndifficile de vendre \u00e0 l\u2019\u00e9tranger le<br \/>\nmod\u00e8le fran\u00e7ais quand m\u00eame<br \/>\nla capitale fran\u00e7aise d\u00e9cide de<br \/>\nne plus y adh\u00e9rer !<\/em> \u00bb<\/p>\n<p>Le tableau idyllique pourrait \u00eatre<br \/>\nterni par une tendance lourde,<br \/>\naux cons\u00e9quences paradoxales :<br \/>\nla baisse continue de consommation<br \/>\nd\u2019eau. Le ph\u00e9nom\u00e8ne<br \/>\ns\u2019explique par le d\u00e9part des<br \/>\nindustries (grandes consommatrices<br \/>\nd\u2019eau), la prise de<br \/>\nconscience des usagers, un<br \/>\nmat\u00e9riel plus \u00e9conome (chasses<br \/>\nd\u2019eau, \u00e9lectrom\u00e9nager), etc.<br \/>\nDe quoi se r\u00e9jouir <em>a priori<\/em>, au<br \/>\nmoins d\u2019un point de vue \u00e9cologique.<br \/>\nMais pas \u00e9conomiquement<br \/>\n: \u00ab <em>Si \u00e7a continue, nous<br \/>\ndevrons, nous aussi, augmenter<br \/>\nle prix de l\u2019eau<\/em> \u00bb, reconna\u00eet<br \/>\nl\u2019\u00e9lue parisienne.<\/p>\n<p>La tendance \u00e0 la remunicipalisation<br \/>\nse confirme, \u00ab <em>une vraie<br \/>\nvague<\/em> \u00bb, dixit Emmanuel Poilane.<br \/>\nIl y a bien s\u00fbr eu Grenoble<br \/>\nen 2001, apr\u00e8s les affaires<br \/>\nsusmentionn\u00e9es. Mais aussi<br \/>\nCastres en 2003, Cherbourg<br \/>\nen 2005, Rouen en 2009, Evry<br \/>\ny viendra en 2013, Montb\u00e9liard<br \/>\nen 2015, Bordeaux en 2019.<div id='gallery-1' class='gallery galleryid-5332 gallery-columns-3 gallery-size-thumbnail'><figure class='gallery-item'>\n\t\t\t<div class='gallery-icon landscape'>\n\t\t\t\t<a href='https:\/\/archives.regards.fr\/wp-content\/uploads\/2012\/03\/wats-cfe.jpg'><img loading=\"lazy\" decoding=\"async\" width=\"150\" height=\"150\" src=\"https:\/\/archives.regards.fr\/wp-content\/uploads\/2012\/03\/wats-cfe-150x150.jpg\" class=\"attachment-thumbnail size-thumbnail\" alt=\"Vers une gestion publique de l\u2019eau\" aria-describedby=\"gallery-1-16104\" \/><\/a>\n\t\t\t<\/div>\n\t\t\t\t<figcaption class='wp-caption-text gallery-caption' id='gallery-1-16104'>\n\t\t\t\tVers une gestion publique de l\u2019eau\n\t\t\t\t<\/figcaption><\/figure><figure class='gallery-item'>\n\t\t\t<div class='gallery-icon landscape'>\n\t\t\t\t<a href='https:\/\/archives.regards.fr\/wp-content\/uploads\/2012\/03\/watc-af0.jpg'><img loading=\"lazy\" decoding=\"async\" width=\"80\" height=\"55\" src=\"https:\/\/archives.regards.fr\/wp-content\/uploads\/2012\/03\/watc-af0.jpg\" class=\"attachment-thumbnail size-thumbnail\" alt=\"Vers une gestion publique de l\u2019eau\" aria-describedby=\"gallery-1-16105\" \/><\/a>\n\t\t\t<\/div>\n\t\t\t\t<figcaption class='wp-caption-text gallery-caption' id='gallery-1-16105'>\n\t\t\t\tVers une gestion publique de l\u2019eau\n\t\t\t\t<\/figcaption><\/figure><figure class='gallery-item'>\n\t\t\t<div class='gallery-icon landscape'>\n\t\t\t\t<a href='https:\/\/archives.regards.fr\/wp-content\/uploads\/2012\/03\/wat-2cf.jpg'><img loading=\"lazy\" decoding=\"async\" width=\"150\" height=\"150\" src=\"https:\/\/archives.regards.fr\/wp-content\/uploads\/2012\/03\/wat-2cf-150x150.jpg\" class=\"attachment-thumbnail size-thumbnail\" alt=\"wat.jpg\" \/><\/a>\n\t\t\t<\/div><\/figure>\n\t\t<\/div>\n<\/p>\n","protected":false},"excerpt":{"rendered":"<p>Si en France sept foyers sur dix consomment une eau distribu\u00e9e par<br \/>\nun op\u00e9rateur priv\u00e9, de plus en plus de villes optent pour une r\u00e9gie<br \/>\npublique, une eau moins ch\u00e8re et une gestion transparente. \u00c9branl\u00e9,<br \/>\nle priv\u00e9 contre-attaque en organisant un forum mondial de l\u2019eau.<\/p>\n","protected":false},"author":1,"featured_media":16104,"comment_status":"open","ping_status":"open","sticky":false,"template":"","format":"standard","meta":{"_themeisle_gutenberg_block_has_review":false,"footnotes":""},"categories":[141],"tags":[],"class_list":["post-5332","post","type-post","status-publish","format-standard","has-post-thumbnail","hentry","category-archives-web"],"_links":{"self":[{"href":"https:\/\/archives.regards.fr\/index.php?rest_route=\/wp\/v2\/posts\/5332","targetHints":{"allow":["GET"]}}],"collection":[{"href":"https:\/\/archives.regards.fr\/index.php?rest_route=\/wp\/v2\/posts"}],"about":[{"href":"https:\/\/archives.regards.fr\/index.php?rest_route=\/wp\/v2\/types\/post"}],"author":[{"embeddable":true,"href":"https:\/\/archives.regards.fr\/index.php?rest_route=\/wp\/v2\/users\/1"}],"replies":[{"embeddable":true,"href":"https:\/\/archives.regards.fr\/index.php?rest_route=%2Fwp%2Fv2%2Fcomments&post=5332"}],"version-history":[{"count":0,"href":"https:\/\/archives.regards.fr\/index.php?rest_route=\/wp\/v2\/posts\/5332\/revisions"}],"wp:featuredmedia":[{"embeddable":true,"href":"https:\/\/archives.regards.fr\/index.php?rest_route=\/wp\/v2\/media\/16104"}],"wp:attachment":[{"href":"https:\/\/archives.regards.fr\/index.php?rest_route=%2Fwp%2Fv2%2Fmedia&parent=5332"}],"wp:term":[{"taxonomy":"category","embeddable":true,"href":"https:\/\/archives.regards.fr\/index.php?rest_route=%2Fwp%2Fv2%2Fcategories&post=5332"},{"taxonomy":"post_tag","embeddable":true,"href":"https:\/\/archives.regards.fr\/index.php?rest_route=%2Fwp%2Fv2%2Ftags&post=5332"}],"curies":[{"name":"wp","href":"https:\/\/api.w.org\/{rel}","templated":true}]}}