{"id":5329,"date":"2012-03-16T11:39:08","date_gmt":"2012-03-16T10:39:08","guid":{"rendered":"https:\/\/wp.muchomaas.com\/front-de-gauche-c-est-deja-demain5329\/"},"modified":"2023-06-23T23:11:03","modified_gmt":"2023-06-23T21:11:03","slug":"front-de-gauche-c-est-deja-demain5329","status":"publish","type":"post","link":"https:\/\/archives.regards.fr\/?p=5329","title":{"rendered":"Front de gauche, c&#8217;est d\u00e9j\u00e0 demain"},"content":{"rendered":"<p class=\"post_excerpt\"><em>M\u00e9lenchon prend la main.<\/em><\/p>\n<p>Un PG dynamique<br \/>\nmais camp\u00e9 sur<br \/>\nune tradition socialiste<br \/>\net r\u00e9publicaine,<br \/>\nun PCF en panne, un NPA<br \/>\net des Verts qui doivent<br \/>\nfaire face \u00e0 de nombreux<br \/>\nd\u00e9parts. Quel avenir pour<br \/>\nune recomposition ?<\/p>\n<p>Que deviendra le Front<br \/>\nde gauche ? Au-del\u00e0 de<br \/>\nces deux principales composantes<br \/>\n(le PCF et le<br \/>\nParti de gauche) il a int\u00e9gr\u00e9<br \/>\nen son sein plusieurs forces<br \/>\npolitiques de taille plus modeste.<br \/>\nComment va \u00e9voluer le<br \/>\nFront ? Cela d\u00e9pendra en partie<br \/>\nde l\u2019issue du scrutin (score \u00e0<br \/>\nla pr\u00e9sidentielle, nombre de d\u00e9put\u00e9s,<br \/>\npr\u00e9sence gouvernementale<br \/>\nou non de composantes du<br \/>\nFront de gauche\u2026).<\/p>\n<p>D\u2019ores et d\u00e9j\u00e0, la participation<br \/>\ndes citoyens non-membres<br \/>\nd&#8217;un parti politique est en<br \/>\nd\u00e9bat. Ils forment le gros des<br \/>\nparticipants des assembl\u00e9es<br \/>\ncitoyennes : comment conserver<br \/>\nleur pr\u00e9sence au sein du<br \/>\nFront sachant que bien peu<br \/>\nd\u2019entre eux envisagent de rallier<br \/>\nl\u2019une ou l\u2019autre des forces<br \/>\npolitiques ? Y aura-t-il des adh\u00e9sions<br \/>\ndirectes au Front de<br \/>\ngauche ? C\u2019est une demande<br \/>\nexprim\u00e9e depuis des mois<br \/>\ndans un appel de personnalit\u00e9s<br \/>\nrest\u00e9 sans r\u00e9ponse. Si cette possibilit\u00e9 \u00e9tait ouverte, comment<br \/>\ntous ces citoyens seraient-<br \/>\nils repr\u00e9sent\u00e9s ? Comment<br \/>\nparticiperaient-ils aux<br \/>\nd\u00e9cisions ? Le consensus<br \/>\nactuel qui pr\u00e9vaut entre forces<br \/>\npolitiques peut-il \u00eatre \u00e9tendu<br \/>\naux individus ? Et alors, comment<br \/>\nne pas perdre en efficacit\u00e9<br \/>\n? Les partis politiques qui<br \/>\nd\u00e9cident entre eux voudrontils<br \/>\nde cet \u00e9largissement ?<br \/>\nJusqu\u2019\u00e0 pr\u00e9sent c\u2019est non.<br \/>\nMais demain ?<\/p>\n<p>Deuxi\u00e8me question : que deviendront<br \/>\nles militants politiques<br \/>\nqui quittent ou quitteront<br \/>\nprochainement leurs organisations<br \/>\n? Ils sont pr\u00e8s de 400 du<br \/>\nNPA \u00e0 s\u2019\u00eatre r\u00e9unis \u00e0 la mi-f\u00e9vrier<br \/>\npour \u00e9voquer leur d\u00e9part<br \/>\nde ce parti et leur rapprochement<br \/>\ndu Front de gauche. Parmi<br \/>\neux, Pierre-Fran\u00e7ois Grond,<br \/>\nl\u2019organisateur du NPA, Myriam<br \/>\nMartin, toujours porte-parole,<br \/>\nGuillaume Liegard, le tr\u00e9sorier.<br \/>\n\u00c0 ces futurs d\u00e9parts du NPA,<br \/>\nil faut ajouter ceux qui ont d\u00e9j\u00e0<br \/>\nfranchi le pas de soutenir non<br \/>\npas la candidature de Philippe<br \/>\nPoutou mais celle de Jean-Luc<br \/>\nM\u00e9lenchon et qui sont rassembl\u00e9s<br \/>\nau sein du groupe<br \/>\n\u00ab Convergence et alternative \u00bb.<br \/>\nPar ailleurs, ils sont quelques<br \/>\ndizaines de la gauche d\u2019EELV \u00e0<br \/>\nenvisager une rupture avec leur<br \/>\norganisation. Tous ces militants<br \/>\nsont porteurs d\u2019une solide<br \/>\nculture politique, et ils repr\u00e9sentent<br \/>\nune force symbolique.<\/p>\n<p>Ni les uns ni les autres n\u2019envisagent<br \/>\n\u00e0 ce jour de constituer<br \/>\nun nouveau courant s\u00e9par\u00e9<br \/>\ndans le Front de gauche. O\u00f9<br \/>\niront-ils ? Qui conforteront-ils ?<br \/>\nTroisi\u00e8me question : comment<br \/>\nle PCF et le PG se positionneront-<br \/>\nils face \u00e0 ces questions<br \/>\nqui seront le coeur des<br \/>\ndynamiques futures ? Le Parti<br \/>\ncommuniste ne semble pas en<br \/>\nmesure d\u2019attirer ces courants<br \/>\nde la gauche de gauche. Sur le<br \/>\npapier, on pourrait penser que<br \/>\nles axes structurants des militants<br \/>\ndu NPA les rapprochent<br \/>\ndu PCF. Mais le poids de<br \/>\nl\u2019histoire rend cette rencontre<br \/>\ntoujours impossible. Pierre<br \/>\nLaurent \u00e9crivait en septembre<br \/>\ndans son livre vouloir tourner<br \/>\nla page de l\u2019histoire qui lui<br \/>\nparaissait du ressassement. Il<br \/>\nse pourrait, malgr\u00e9 tout, que<br \/>\nl\u2019histoire non dig\u00e9r\u00e9e continue<br \/>\nde peser sur les communistes.<br \/>\nLe foss\u00e9 entre le PCF<br \/>\net les militants \u00e9cologistes est<br \/>\nplus grand encore, malgr\u00e9 les<br \/>\naggiornamento \u00e9colos op\u00e9r\u00e9s<br \/>\npar le Parti communiste. Le<br \/>\nParti de gauche voudra tirer<br \/>\nparti du r\u00e9sultat de Jean-Luc<br \/>\nM\u00e9lenchon pour s\u2019\u00e9largir substantiellement,<br \/>\nattirer en son<br \/>\nsein syndicalistes, militants<br \/>\npolitiques en rupture de bans,<br \/>\nsimples citoyens\u2026 et m\u00eame<br \/>\nquelques groupes militants.<br \/>\nLe PG a-t-il la culture de cette<br \/>\nouverture ? Pas certain. La<br \/>\ngauche de gauche peut-elle se<br \/>\nretrouver dans une structuration<br \/>\nbipolaire, avec d\u2019un c\u00f4t\u00e9<br \/>\nun PCF toujours en panne et<br \/>\nd\u2019un autre un PG dynamique<br \/>\nmais solidement camp\u00e9 sur<br \/>\nune tradition socialiste et r\u00e9publicaine<br \/>\n? Un troisi\u00e8me p\u00f4le<br \/>\npeut surgir. Cette hypoth\u00e8se<br \/>\nn\u2019aurait gu\u00e8re d\u2019avenir si elle<br \/>\nn\u2019\u00e9tait que le rassemblement<br \/>\ndes minoritaires des partis<br \/>\n(PCF, NPA, EELV), ou celui des<br \/>\nisol\u00e9s du Front de gauche. Une<br \/>\ncoh\u00e9rence politique et culturelle<br \/>\nest-elle possible entre<br \/>\ntoutes les pi\u00e8ces de cette<br \/>\nmouvance ? Pari audacieux<br \/>\nmais qui a pour lui la r\u00e9alit\u00e9 diverse<br \/>\nde la gauche de gauche.<div id='gallery-1' class='gallery galleryid-5329 gallery-columns-3 gallery-size-thumbnail'><figure class='gallery-item'>\n\t\t\t<div class='gallery-icon landscape'>\n\t\t\t\t<a href='https:\/\/archives.regards.fr\/wp-content\/uploads\/2012\/03\/fdgs-a88.jpg'><img loading=\"lazy\" decoding=\"async\" width=\"150\" height=\"150\" src=\"https:\/\/archives.regards.fr\/wp-content\/uploads\/2012\/03\/fdgs-a88-150x150.jpg\" class=\"attachment-thumbnail size-thumbnail\" alt=\"Front de gauche, c&#039;est d\u00e9j\u00e0 demain\" aria-describedby=\"gallery-1-16097\" \/><\/a>\n\t\t\t<\/div>\n\t\t\t\t<figcaption class='wp-caption-text gallery-caption' id='gallery-1-16097'>\n\t\t\t\tFront de gauche, c&#8217;est d\u00e9j\u00e0 demain\n\t\t\t\t<\/figcaption><\/figure><figure class='gallery-item'>\n\t\t\t<div class='gallery-icon landscape'>\n\t\t\t\t<a href='https:\/\/archives.regards.fr\/wp-content\/uploads\/2012\/03\/fdgb-f50.jpg'><img loading=\"lazy\" decoding=\"async\" width=\"150\" height=\"122\" src=\"https:\/\/archives.regards.fr\/wp-content\/uploads\/2012\/03\/fdgb-f50-150x122.jpg\" class=\"attachment-thumbnail size-thumbnail\" alt=\"Front de gauche, c&#039;est d\u00e9j\u00e0 demain\" aria-describedby=\"gallery-1-16098\" \/><\/a>\n\t\t\t<\/div>\n\t\t\t\t<figcaption class='wp-caption-text gallery-caption' id='gallery-1-16098'>\n\t\t\t\tFront de gauche, c&#8217;est d\u00e9j\u00e0 demain\n\t\t\t\t<\/figcaption><\/figure><figure class='gallery-item'>\n\t\t\t<div class='gallery-icon landscape'>\n\t\t\t\t<a href='https:\/\/archives.regards.fr\/wp-content\/uploads\/2012\/03\/fdgc-c86.jpg'><img loading=\"lazy\" decoding=\"async\" width=\"80\" height=\"55\" src=\"https:\/\/archives.regards.fr\/wp-content\/uploads\/2012\/03\/fdgc-c86.jpg\" class=\"attachment-thumbnail size-thumbnail\" alt=\"Front de gauche, c&#039;est d\u00e9j\u00e0 demain\" aria-describedby=\"gallery-1-16099\" \/><\/a>\n\t\t\t<\/div>\n\t\t\t\t<figcaption class='wp-caption-text gallery-caption' id='gallery-1-16099'>\n\t\t\t\tFront de gauche, c&#8217;est d\u00e9j\u00e0 demain\n\t\t\t\t<\/figcaption><\/figure><figure class='gallery-item'>\n\t\t\t<div class='gallery-icon landscape'>\n\t\t\t\t<a href='https:\/\/archives.regards.fr\/wp-content\/uploads\/2012\/03\/fdg-9ad.jpg'><img loading=\"lazy\" decoding=\"async\" width=\"150\" height=\"150\" src=\"https:\/\/archives.regards.fr\/wp-content\/uploads\/2012\/03\/fdg-9ad-150x150.jpg\" class=\"attachment-thumbnail size-thumbnail\" alt=\"fdg.jpg\" \/><\/a>\n\t\t\t<\/div><\/figure>\n\t\t<\/div>\n<\/p>\n","protected":false},"excerpt":{"rendered":"<p><em>M\u00e9lenchon prend la main.<\/em><\/p>\n<p>Un PG dynamique<br \/>\nmais camp\u00e9 sur<br \/>\nune tradition socialiste<br \/>\net r\u00e9publicaine,<br \/>\nun PCF en panne, un NPA<br \/>\net des Verts qui doivent<br \/>\nfaire face \u00e0 de nombreux<br \/>\nd\u00e9parts. Quel avenir pour<br \/>\nune recomposition ?<\/p>\n","protected":false},"author":464,"featured_media":16097,"comment_status":"open","ping_status":"open","sticky":false,"template":"","format":"standard","meta":{"_themeisle_gutenberg_block_has_review":false,"footnotes":""},"categories":[141],"tags":[290,295],"class_list":["post-5329","post","type-post","status-publish","format-standard","has-post-thumbnail","hentry","category-archives-web","tag-elections","tag-nupes"],"_links":{"self":[{"href":"https:\/\/archives.regards.fr\/index.php?rest_route=\/wp\/v2\/posts\/5329","targetHints":{"allow":["GET"]}}],"collection":[{"href":"https:\/\/archives.regards.fr\/index.php?rest_route=\/wp\/v2\/posts"}],"about":[{"href":"https:\/\/archives.regards.fr\/index.php?rest_route=\/wp\/v2\/types\/post"}],"author":[{"embeddable":true,"href":"https:\/\/archives.regards.fr\/index.php?rest_route=\/wp\/v2\/users\/464"}],"replies":[{"embeddable":true,"href":"https:\/\/archives.regards.fr\/index.php?rest_route=%2Fwp%2Fv2%2Fcomments&post=5329"}],"version-history":[{"count":0,"href":"https:\/\/archives.regards.fr\/index.php?rest_route=\/wp\/v2\/posts\/5329\/revisions"}],"wp:featuredmedia":[{"embeddable":true,"href":"https:\/\/archives.regards.fr\/index.php?rest_route=\/wp\/v2\/media\/16097"}],"wp:attachment":[{"href":"https:\/\/archives.regards.fr\/index.php?rest_route=%2Fwp%2Fv2%2Fmedia&parent=5329"}],"wp:term":[{"taxonomy":"category","embeddable":true,"href":"https:\/\/archives.regards.fr\/index.php?rest_route=%2Fwp%2Fv2%2Fcategories&post=5329"},{"taxonomy":"post_tag","embeddable":true,"href":"https:\/\/archives.regards.fr\/index.php?rest_route=%2Fwp%2Fv2%2Ftags&post=5329"}],"curies":[{"name":"wp","href":"https:\/\/api.w.org\/{rel}","templated":true}]}}